{"id":1016,"date":"2011-12-12T14:11:37","date_gmt":"2011-12-12T12:11:37","guid":{"rendered":"http:\/\/www.brennecke.org\/?p=1016"},"modified":"2018-05-14T09:06:57","modified_gmt":"2018-05-14T08:06:57","slug":"den-bock-zum-gartner-gemacht","status":"publish","type":"post","link":"https:\/\/www.brennecke.org\/?p=1016","title":{"rendered":"Den Bock zum G\u00e4rtner gemacht"},"content":{"rendered":"<p>Liebe Leserinnen und Leser,<\/p>\n<p>mit gr\u00f6\u00dftem Erstaunen habe ich heute gelesen, dass nicht nur die <a title=\"KTG - Interview mit der ZEIT als Buch\" href=\"http:\/\/www.zeit.de\/politik\/deutschland\/2011-11\/guttenberg-vorerst-gescheitert-buch\">ZEIT<\/a>, sondern auch die EU-Kommission Herrn Guttenberg (KTG) die vielger\u00fchmte &#8222;<a href=\"http:\/\/www.spiegel.de\/politik\/ausland\/0,1518,803162,00.html\">zweite Chance<\/a>&#8220; einger\u00e4umt hat &#8211; er wird der Kommissarin f\u00fcr Digitales, Neelie Kroes, zum Thema &#8222;Internetfreiheit&#8220; beihelfen.<\/p>\n<p>Ich kann mir kaum vorstellen, wie jemand mit so gegens\u00e4tzlichen Ansichten zum Thema &#8222;Freies Internet&#8220; diesen Job ausf\u00fcllen soll. Ich erinnere mich dabei an sein Interview zum Thema Netzsperren, als er die 50.000 Unterzeichner der e-Petition zum Thema &#8222;L\u00f6schen statt Sperren&#8220; in die N\u00e4he von P\u00e4dophilen r\u00fcckte:<\/p>\n<blockquote><p>Es macht mich schon sehr betroffen, wenn pauschal der Eindruck entstehen  sollte, dass es Menschen gibt, die sich gegen die Sperrung von  kinderpornographischen Inhalten str\u00e4uben. Das ist nun wirklich einer der  wichtigsten Vorhaben in vielerlei Hinsicht.<\/p><\/blockquote>\n<p>KTGs kreativen Umgang mit kopierten Informationen braucht nicht noch einmal ausgerollt zu werden, aber es sollte erw\u00e4hnt werden, dass die Arbeit der Aktivisten der Webseite guttenplag.de ihn letztlich seine Reputation und seinen Ministerposten gekostet hat &#8211; durch Lug und Trug.<\/p>\n<p>Vielleicht meint der Begriff &#8222;Internetfreiheit&#8220; aber vielmehr &#8222;Freiheit vorm Internet&#8220;. In Tradition des Vorschlags des damaligen Bundeskanzlers Helmut Schmidt, die Nation m\u00f6ge pro Woche einen <a title=\"1978: Pl\u00e4doyer f\u00fcr einen fernsehfreien Tag\" href=\"http:\/\/www.zeit.de\/1978\/22\/Plaedoyer-fuer-einen-fernsehfreien-Tag\">fernsehfreien Tag<\/a> einlegen, k\u00f6nnte KTG nun vorschlagen, die EU m\u00f6ge ein oder zwei internetfreie Jahre einlegen. Das g\u00e4be KTG auch die Chance, ganz unbelastet von fr\u00fcheren S\u00fcnden sein Comeback erfolgreich \u00fcber die B\u00fchne zu bringen.<\/p>\n<p>Vielleicht findet sich auch noch ein EU-Kommissionsposten f\u00fcr die Teilzeitabgeordnete Mehrin-Koch?<\/p>\n<p>Es gr\u00fc\u00dft herzlich,<\/p>\n<p>Ihr JL7<\/p>\n<div class=\"twoclick_social_bookmarks_post_1016 social_share_privacy clearfix 1.6.4 locale-de_DE sprite-de_DE\"><\/div><div class=\"twoclick-js\"><script type=\"text\/javascript\">\/* <![CDATA[ *\/\njQuery(document).ready(function($){if($('.twoclick_social_bookmarks_post_1016')){$('.twoclick_social_bookmarks_post_1016').socialSharePrivacy({\"services\":{\"facebook\":{\"status\":\"on\",\"txt_info\":\"2 Klicks f\\u00fcr mehr Datenschutz: Erst wenn Sie hier klicken, wird der Button aktiv und Sie k\\u00f6nnen Ihre Empfehlung an Facebook senden. Schon beim Aktivieren werden Daten an Dritte \\u00fcbertragen - siehe <em>i<\\\/em>.\",\"perma_option\":\"off\",\"action\":\"recommend\",\"language\":\"de_DE\"},\"twitter\":{\"reply_to\":\"\",\"tweet_text\":\"%20Den%20Bock%20zum%20G%C3%A4rtner%20gemacht%20%C2%BB%2053%20Cent%20%23Betrug%20%23Guttenberg%20...\",\"status\":\"on\",\"txt_info\":\"2 Klicks f\\u00fcr mehr Datenschutz: Erst wenn Sie hier klicken, wird der Button aktiv und Sie k\\u00f6nnen Ihre Empfehlung an Twitter senden. Schon beim Aktivieren werden Daten an Dritte \\u00fcbertragen - siehe <em>i<\\\/em>.\",\"perma_option\":\"off\",\"language\":\"de\",\"referrer_track\":\"\"},\"gplus\":{\"status\":\"on\",\"txt_info\":\"2 Klicks f\\u00fcr mehr Datenschutz: Erst wenn Sie hier klicken, wird der Button aktiv und Sie k\\u00f6nnen Ihre Empfehlung an Google+ senden. Schon beim Aktivieren werden Daten an Dritte \\u00fcbertragen - siehe <em>i<\\\/em>.\",\"perma_option\":\"off\",\"referrer_track\":\"\"},\"flattr\":{\"uid\":\"\",\"status\":\"on\",\"the_title\":\"Den%20Bock%20zum%20G%C3%A4rtner%20gemacht\",\"the_excerpt\":\"Liebe%20Leserinnen%20und%20Leser%2C%0D%0A%0D%0Amit%20gr%C3%B6%C3%9Ftem%20Erstaunen%20habe%20ich%20heute%20gelesen%2C%20dass%20nicht%20nur%20die%20ZEIT%2C%20sondern%20auch%20die%20EU-Kommission%20Herrn%20Guttenberg%20%28KTG%29%20die%20vielger%C3%BChmte%20%22zweite%20Chance%22%20einger%C3%A4umt%20hat%20-%20er%20wird%20der%20Kommissarin%20f%C3%BCr%20Digitales%2C%20Neelie%20Kroes%2C%20zum%20Thema%20%22Internetfreiheit%22%20beihelfen.%0D%0A%0D%0AIch%20kann%20mir%20kaum%20vorstellen%2C%20wie%20jemand%20mit%20so%20gegens%C3%A4tzlichen%20Ansichten%20zum%20Thema%20%22Freies%20In%20...\",\"txt_info\":\"2 Klicks f\\u00fcr mehr Datenschutz: Erst wenn Sie hier klicken, wird der Button aktiv und Sie k\\u00f6nnen Ihre Empfehlung an Flattr senden. Schon beim Aktivieren werden Daten an Dritte \\u00fcbertragen - siehe <em>i<\\\/em>.\",\"perma_option\":\"off\"}},\"txt_help\":\"Wenn Sie diese Felder durch einen Klick aktivieren, werden Informationen an Facebook, Twitter, Flattr, Xing, t3n, LinkedIn, Pinterest oder Google eventuell ins Ausland \\u00fcbertragen und unter Umst\\u00e4nden auch dort gespeichert. N\\u00e4heres erfahren Sie durch einen Klick auf das <em>i<\\\/em>.\",\"settings_perma\":\"Dauerhaft aktivieren und Daten\\u00fcber-tragung zustimmen:\",\"info_link\":\"http:\\\/\\\/www.heise.de\\\/ct\\\/artikel\\\/2-Klicks-fuer-mehr-Datenschutz-1333879.html\",\"uri\":\"https:\\\/\\\/www.brennecke.org\\\/?p=1016\",\"post_id\":1016,\"post_title_referrer_track\":\"Den+Bock+zum+G%C3%A4rtner+gemacht\",\"display_infobox\":\"on\"});}});\n\/* ]]> *\/<\/script><\/div>","protected":false},"excerpt":{"rendered":"<p>Liebe Leserinnen und Leser, mit gr\u00f6\u00dftem Erstaunen habe ich heute gelesen, dass nicht nur die ZEIT, sondern auch die EU-Kommission Herrn Guttenberg (KTG) die vielger\u00fchmte &#8222;zweite Chance&#8220; einger\u00e4umt hat &#8211; er wird der Kommissarin f\u00fcr Digitales, Neelie Kroes, zum Thema &hellip; <a href=\"https:\/\/www.brennecke.org\/?p=1016\">Weiterlesen <span class=\"meta-nav\">&rarr;<\/span><\/a><\/p>\n","protected":false},"author":1,"featured_media":0,"comment_status":"closed","ping_status":"open","sticky":false,"template":"","format":"standard","meta":{"footnotes":""},"categories":[1,3],"tags":[343,41,342,341],"_links":{"self":[{"href":"https:\/\/www.brennecke.org\/index.php?rest_route=\/wp\/v2\/posts\/1016"}],"collection":[{"href":"https:\/\/www.brennecke.org\/index.php?rest_route=\/wp\/v2\/posts"}],"about":[{"href":"https:\/\/www.brennecke.org\/index.php?rest_route=\/wp\/v2\/types\/post"}],"author":[{"embeddable":true,"href":"https:\/\/www.brennecke.org\/index.php?rest_route=\/wp\/v2\/users\/1"}],"replies":[{"embeddable":true,"href":"https:\/\/www.brennecke.org\/index.php?rest_route=%2Fwp%2Fv2%2Fcomments&post=1016"}],"version-history":[{"count":3,"href":"https:\/\/www.brennecke.org\/index.php?rest_route=\/wp\/v2\/posts\/1016\/revisions"}],"predecessor-version":[{"id":3772,"href":"https:\/\/www.brennecke.org\/index.php?rest_route=\/wp\/v2\/posts\/1016\/revisions\/3772"}],"wp:attachment":[{"href":"https:\/\/www.brennecke.org\/index.php?rest_route=%2Fwp%2Fv2%2Fmedia&parent=1016"}],"wp:term":[{"taxonomy":"category","embeddable":true,"href":"https:\/\/www.brennecke.org\/index.php?rest_route=%2Fwp%2Fv2%2Fcategories&post=1016"},{"taxonomy":"post_tag","embeddable":true,"href":"https:\/\/www.brennecke.org\/index.php?rest_route=%2Fwp%2Fv2%2Ftags&post=1016"}],"curies":[{"name":"wp","href":"https:\/\/api.w.org\/{rel}","templated":true}]}}