{"id":1033,"date":"2012-04-15T17:25:33","date_gmt":"2012-04-15T15:25:33","guid":{"rendered":"http:\/\/www.brennecke.org\/?p=1033"},"modified":"2018-05-14T09:06:57","modified_gmt":"2018-05-14T08:06:57","slug":"1033","status":"publish","type":"post","link":"https:\/\/www.brennecke.org\/?p=1033","title":{"rendered":"Wer spricht im Bundestag?"},"content":{"rendered":"<p>Liebe Parlamentarier von SPD, CDU\/CSU und FDP,<\/p>\n<p>Man hat es als Abgeordneter heutzutage nicht leicht. Sicherheitsgesetze, EU-Finanzkrise, Rettungsschirm &#8211; wer soll da noch durchblicken, ob nun dieser oder jener Teil eines Gesetzes konform mit dem deutschen Grundgesetz ist? Deshalb sieht man sich immer h\u00e4ufiger nach Karlsruhe zitiert, wo die Neun Weisen in ihren roten Roben dem Gesetzgeber allzu oft den Weg weisen m\u00fcssen. Und nicht zuletzt kann die Materie manchmal verzwickt sein &#8211; mancher Parlamentarier glaubt heute noch, dass das verworfene Gesetz zur Einf\u00fchrung der anlasslosen Vorratsdatenspeicherung verfassungsgem\u00e4\u00df sei.<\/p>\n<p>Heute habe ich einen Fall f\u00fcr Sie, der so eindeutig ist, dass Ihnen eine Beurteilung und eine Entscheidung nicht schwer fallen d\u00fcrfte. Und ausnahmsweise geht es einmal um Sie selbst und nicht um die B\u00fcrger im Lande.<\/p>\n<p>Wie die <a href=\"http:\/\/www.sueddeutsche.de\/politik\/debatte-ueber-rederecht-im-bundestag-viele-abgeordnete-verweigern-sich-dem-maulkorb-1.1332981\">S\u00fcddeutsche Zeitung<\/a> unter Berufung auf einen Entwurf des  Gesch\u00e4ftsordnungsausschusses des Bundestages berichtet, sollen nach einem Plan von SPD, FDP und CDU k\u00fcnftig  nur diejenigen Parlamentarier das Wort erhalten, die von den Fraktionen  dazu bestimmt wurden. Andere Abgeordnete d\u00fcrften dann nur noch ausnahmsweise und maximal drei Minuten lang reden &#8211; nach R\u00fccksprache mit den\u00a0Fraktionen.<\/p>\n<p>Der Grund f\u00fcr diese absurde Idee ist leicht erkl\u00e4rt: Bei der Abstimmung \u00fcber den  Euro-Rettungsschirm im vergangenen September hatte Bundestagspr\u00e4sident Lammert au\u00dfer der Reihe den  Abgeordneten Willsch und Sch\u00e4ffler das Rederecht erteilt hatte; beide vertraten von ihren Fraktionen abweichende Meinungen. Nach Protesten hatte der \u00c4ltestenrat\u00a0 Lammert daf\u00fcr ger\u00fcgt. Jetzt soll also ein Maulkorb f\u00fcr Abweichler dies bereits im Vorfeld verhindern.<\/p>\n<p>Die unausweichliche Konsequenz einer solchen \u00c4nderung der Gesch\u00e4ftsordnung (GO) ist aber &#8211; im Gegensatz zu manch anderem komplexen Gesetzgebungsverfahren &#8211; offensichtlich und sicher: Abgeordnete werden gegen diese \u00c4nderung klagen, und am Ende wird die GO-\u00c4nderung f\u00fcr verfassungswidrig erkl\u00e4rt. Denn:<\/p>\n<blockquote><p>GG Artikel 38, Absatz 1: <strong>Die Abgeordneten des Deutschen Bundestages werden in allgemeiner,  unmittelbarer, freier, gleicher und geheimer Wahl gew\u00e4hlt. Sie sind  Vertreter des ganzen Volkes, an Auftr\u00e4ge und Weisungen nicht gebunden  und nur ihrem Gewissen unterworfen.<\/strong><\/p><\/blockquote>\n<p>Das Grundgesetz kennt keine Fraktionen und schon gar keinen Fraktionszwang. Wenn jetzt auch noch ein Maulkorb hinzukommt, ist das Ma\u00df mehr als voll.<\/p>\n<p>Liebe Parteif\u00fchrer von CDU, SPD und FDP &#8211; Eure Strategen arbeiten gerade an Strategien, wie man den unvermeidlichen Aufstieg der Piraten bremsen k\u00f6nnte. Mit dem geplanten Maulkorb f\u00fcr widerspenstige Abgeordnete wird Euch das nicht gelingen. Aber Ihr werdet doch klug genug sein, um fr\u00fchzeitig zu erkennen, wie verfassungswidrig Euer Plan ist, nicht wahr?<\/p>\n<p>Herzlichst,<br \/>\nIhr JeanLuc7<\/p>\n<p>&#8212; Update &#8212;<\/p>\n<p>Wie heute (19.04.2012) verlautet, haben die Verantwortlichen bei FDP und SPD sich aus dem Projekt zur\u00fcckgezogen. Damit wird es bis auf weiteres keinen Maulkorb f\u00fcr Abgeordnete geben. Mein Tipp: beim n\u00e4chsten Mal pr\u00fcfen Sie solche Ideen bitte, bevor sie das schriftliche Stadium erreichen &#8211; und vergessen sie gleich wieder.<\/p>\n<div class=\"twoclick_social_bookmarks_post_1033 social_share_privacy clearfix 1.6.4 locale-de_DE sprite-de_DE\"><\/div><div class=\"twoclick-js\"><script type=\"text\/javascript\">\/* <![CDATA[ *\/\njQuery(document).ready(function($){if($('.twoclick_social_bookmarks_post_1033')){$('.twoclick_social_bookmarks_post_1033').socialSharePrivacy({\"services\":{\"facebook\":{\"status\":\"on\",\"txt_info\":\"2 Klicks f\\u00fcr mehr Datenschutz: Erst wenn Sie hier klicken, wird der Button aktiv und Sie k\\u00f6nnen Ihre Empfehlung an Facebook senden. Schon beim Aktivieren werden Daten an Dritte \\u00fcbertragen - siehe <em>i<\\\/em>.\",\"perma_option\":\"off\",\"action\":\"recommend\",\"language\":\"de_DE\"},\"twitter\":{\"reply_to\":\"\",\"tweet_text\":\"%20Wer%20spricht%20im%20Bundestag%3F%20%C2%BB%2053%20Cent%20%23CDU%20%23FDP%20%23Grundgesetz%20%23Lammert%20...\",\"status\":\"on\",\"txt_info\":\"2 Klicks f\\u00fcr mehr Datenschutz: Erst wenn Sie hier klicken, wird der Button aktiv und Sie k\\u00f6nnen Ihre Empfehlung an Twitter senden. Schon beim Aktivieren werden Daten an Dritte \\u00fcbertragen - siehe <em>i<\\\/em>.\",\"perma_option\":\"off\",\"language\":\"de\",\"referrer_track\":\"\"},\"gplus\":{\"status\":\"on\",\"txt_info\":\"2 Klicks f\\u00fcr mehr Datenschutz: Erst wenn Sie hier klicken, wird der Button aktiv und Sie k\\u00f6nnen Ihre Empfehlung an Google+ senden. Schon beim Aktivieren werden Daten an Dritte \\u00fcbertragen - siehe <em>i<\\\/em>.\",\"perma_option\":\"off\",\"referrer_track\":\"\"},\"flattr\":{\"uid\":\"\",\"status\":\"on\",\"the_title\":\"Wer%20spricht%20im%20Bundestag%3F\",\"the_excerpt\":\"Liebe%20Parlamentarier%20von%20SPD%2C%20CDU%2FCSU%20und%20FDP%2C%0D%0A%0D%0AMan%20hat%20es%20als%20Abgeordneter%20heutzutage%20nicht%20leicht.%20Sicherheitsgesetze%2C%20EU-Finanzkrise%2C%20Rettungsschirm%20-%20wer%20soll%20da%20noch%20durchblicken%2C%20ob%20nun%20dieser%20oder%20jener%20Teil%20eines%20Gesetzes%20konform%20mit%20dem%20deutschen%20Grundgesetz%20ist%3F%20Deshalb%20sieht%20man%20sich%20immer%20h%C3%A4ufiger%20nach%20Karlsruhe%20zitiert%2C%20wo%20die%20Neun%20Weisen%20in%20ihren%20roten%20Roben%20dem%20Gesetzgeber%20all%20...\",\"txt_info\":\"2 Klicks f\\u00fcr mehr Datenschutz: Erst wenn Sie hier klicken, wird der Button aktiv und Sie k\\u00f6nnen Ihre Empfehlung an Flattr senden. Schon beim Aktivieren werden Daten an Dritte \\u00fcbertragen - siehe <em>i<\\\/em>.\",\"perma_option\":\"off\"}},\"txt_help\":\"Wenn Sie diese Felder durch einen Klick aktivieren, werden Informationen an Facebook, Twitter, Flattr, Xing, t3n, LinkedIn, Pinterest oder Google eventuell ins Ausland \\u00fcbertragen und unter Umst\\u00e4nden auch dort gespeichert. N\\u00e4heres erfahren Sie durch einen Klick auf das <em>i<\\\/em>.\",\"settings_perma\":\"Dauerhaft aktivieren und Daten\\u00fcber-tragung zustimmen:\",\"info_link\":\"http:\\\/\\\/www.heise.de\\\/ct\\\/artikel\\\/2-Klicks-fuer-mehr-Datenschutz-1333879.html\",\"uri\":\"https:\\\/\\\/www.brennecke.org\\\/?p=1033\",\"post_id\":1033,\"post_title_referrer_track\":\"Wer+spricht+im+Bundestag%3F\",\"display_infobox\":\"on\"});}});\n\/* ]]> *\/<\/script><\/div>","protected":false},"excerpt":{"rendered":"<p>Liebe Parlamentarier von SPD, CDU\/CSU und FDP, Man hat es als Abgeordneter heutzutage nicht leicht. Sicherheitsgesetze, EU-Finanzkrise, Rettungsschirm &#8211; wer soll da noch durchblicken, ob nun dieser oder jener Teil eines Gesetzes konform mit dem deutschen Grundgesetz ist? Deshalb sieht &hellip; <a href=\"https:\/\/www.brennecke.org\/?p=1033\">Weiterlesen <span class=\"meta-nav\">&rarr;<\/span><\/a><\/p>\n","protected":false},"author":1,"featured_media":0,"comment_status":"closed","ping_status":"open","sticky":false,"template":"","format":"standard","meta":{"footnotes":""},"categories":[1,3],"tags":[55,138,363,362,360,361,154,364],"_links":{"self":[{"href":"https:\/\/www.brennecke.org\/index.php?rest_route=\/wp\/v2\/posts\/1033"}],"collection":[{"href":"https:\/\/www.brennecke.org\/index.php?rest_route=\/wp\/v2\/posts"}],"about":[{"href":"https:\/\/www.brennecke.org\/index.php?rest_route=\/wp\/v2\/types\/post"}],"author":[{"embeddable":true,"href":"https:\/\/www.brennecke.org\/index.php?rest_route=\/wp\/v2\/users\/1"}],"replies":[{"embeddable":true,"href":"https:\/\/www.brennecke.org\/index.php?rest_route=%2Fwp%2Fv2%2Fcomments&post=1033"}],"version-history":[{"count":6,"href":"https:\/\/www.brennecke.org\/index.php?rest_route=\/wp\/v2\/posts\/1033\/revisions"}],"predecessor-version":[{"id":3770,"href":"https:\/\/www.brennecke.org\/index.php?rest_route=\/wp\/v2\/posts\/1033\/revisions\/3770"}],"wp:attachment":[{"href":"https:\/\/www.brennecke.org\/index.php?rest_route=%2Fwp%2Fv2%2Fmedia&parent=1033"}],"wp:term":[{"taxonomy":"category","embeddable":true,"href":"https:\/\/www.brennecke.org\/index.php?rest_route=%2Fwp%2Fv2%2Fcategories&post=1033"},{"taxonomy":"post_tag","embeddable":true,"href":"https:\/\/www.brennecke.org\/index.php?rest_route=%2Fwp%2Fv2%2Ftags&post=1033"}],"curies":[{"name":"wp","href":"https:\/\/api.w.org\/{rel}","templated":true}]}}