{"id":1098,"date":"2012-04-19T13:03:44","date_gmt":"2012-04-19T11:03:44","guid":{"rendered":"http:\/\/www.brennecke.org\/?p=1098"},"modified":"2018-05-14T09:06:57","modified_gmt":"2018-05-14T08:06:57","slug":"ich-mochte-nicht-teilnehmen","status":"publish","type":"post","link":"https:\/\/www.brennecke.org\/?p=1098","title":{"rendered":"Ich m\u00f6chte nicht teilnehmen!"},"content":{"rendered":"<p>Sehr geehrter Herr Bundesinnenminster Friedrich,<\/p>\n<p>Ihr Ministerium hat in diesen Tagen einen Gesetzesentwurf des Bundesjustizministeriums zur Wiedereinf\u00fchrung der Vorratsdatenspeicherung redigiert und bis zur Unkenntlichkeit ver\u00e4ndert. Darin finden sich nun alle Positionen, die uns B\u00fcrger schon einmal auf die Palme und Ihre Regierung vors Bundesverfassungsgericht brachten. Folgende Daten sollen anlasslos und ohne Verdacht gespeichert werden:<\/p>\n<p>F\u00fcr jeden Telefonanruf und jede Kurznachricht:<\/p>\n<ul>\n<li>wann wer mit wem kommuniziert hat<\/li>\n<li>welche Ger\u00e4te dabei genutzt wurden<\/li>\n<li>in welcher Funkzelle man sich dabei aufgehalten hat<\/li>\n<\/ul>\n<p>F\u00fcr jede E-Mail:<\/p>\n<ul>\n<li>wann wer mit wem gemailt hat<\/li>\n<li>welche IP-Adresse dabei genutzt wurde<\/li>\n<li>welche IP-Adresse bei jedem einzelnen Abruf eines Postfachs genutzt wurde<\/li>\n<\/ul>\n<p>Bei jeder Internetverbindung soll au\u00dferdem gespeichert werden, wann wer welche IP-Adresse besa\u00df. Das alles wollen Sie ein halbes Jahr lang im Zugriff halten, und Sie sagen auch, wozu. <a href=\"http:\/\/netzpolitik.org\/2012\/streit-um-vorratsdatenspeicherung-diesen-horrorkatalog-will-das-innenministerium-speichern\/\">netzpolitik.org<\/a> fasst das gut zusammen:<\/p>\n<blockquote><p>Die EU-Richtlinie zur Vorratsdatenspeicherung wurde mal mit dem  internationalen Terrorismus begr\u00fcndet. Der taucht nur noch in einem  Absatz zum Verfassungsschutz auf, zusammen mit Extremismus. Ansonsten d\u00fcrfen die Datenberge nicht nur f\u00fcr den riesigen Katalog in \u00a7 100 a Abs. 2 der Strafprozessordnung verwendet werden, sondern auch bei \u201cmittels Telekommunikation begangen\u201d  Straftaten. Insgesamt sportliche 33 Straftaten umfasst die Auflistung.  Dazu kommen noch Gefahrenabwehr und die Aufgaben der Geheimdienste. Und  sogar Ordnungswidrigkeiten!<\/p><\/blockquote>\n<p>Ja, geht&#8217;s noch? Selber regelm\u00e4\u00dfig ungestraft Gesetze vorstellen und verabschieden, die nicht verfassungskonform sind und den B\u00fcrgern bei Ordnungswidrigkeiten mit deren Verkehrsdaten drohen, auf dass kein auch noch so kleines Vergehen in diesem Staat unges\u00fchnt bleibt? Denkt\u00a0 im Innenministerium denn niemand an die entstehenden Kollateralsch\u00e4den?<\/p>\n<p>Daher nun mein\u00a0 Wunsch zur pers\u00f6nlichen Vorbeugung: Ich m\u00f6chte ab sofort von Ihrer <a href=\"http:\/\/de.wikipedia.org\/wiki\/Opt-In\">Opt-In-Liste<\/a> gel\u00f6scht werden, damit meine pers\u00f6nlichen Daten nicht von Ihren Kollegen auf etwaige Verdachtsmomente durchk\u00e4mmt werden. Jedes Unternehmen, das mit den Daten anderer etwas anstellt, muss so etwas f\u00fchren &#8211; Sie doch sicher auch?<\/p>\n<p>Und falls die Ironie bis jetzt nicht verst\u00e4ndlich war: Ich erkl\u00e4re hiermit \u00f6ffentlich, mit der anlasslosen und verdachtslosen Speicherung meiner Daten <strong>nicht einverstanden<\/strong> zu sein.<\/p>\n<p>Klar soweit?<\/p>\n<p>Und bitte verstecken Sie sich nicht l\u00e4nger hinter einer angeblich von der EU verlangten gesetzlichen Umsetzung einer Richtlinie. Diese Richtlinie haben Ihre Vorg\u00e4nger selbst mit veranlasst, weil sie genau wussten, dass der Bundestag einem nationalen Gesetz ohne diese Richtlinie niemals zustimmen w\u00fcrde.<\/p>\n<p>Mit freundlichen Gr\u00fc\u00dfen,<\/p>\n<p>Ihr JeanLuc7<\/p>\n<h6>(Meinen Klarnamen und meine Adresse k\u00f6nnen Ihre Kollegen dem Impressum entnehmen. Der Verarbeitung im Rahmen der L\u00f6schung von der Opt-In-Liste stimme ich zu. Danach sind meine personenbezogenen Daten zu l\u00f6schen.)<\/h6>\n<div class=\"twoclick_social_bookmarks_post_1098 social_share_privacy clearfix 1.6.4 locale-de_DE sprite-de_DE\"><\/div><div class=\"twoclick-js\"><script type=\"text\/javascript\">\/* <![CDATA[ *\/\njQuery(document).ready(function($){if($('.twoclick_social_bookmarks_post_1098')){$('.twoclick_social_bookmarks_post_1098').socialSharePrivacy({\"services\":{\"facebook\":{\"status\":\"on\",\"txt_info\":\"2 Klicks f\\u00fcr mehr Datenschutz: Erst wenn Sie hier klicken, wird der Button aktiv und Sie k\\u00f6nnen Ihre Empfehlung an Facebook senden. Schon beim Aktivieren werden Daten an Dritte \\u00fcbertragen - siehe <em>i<\\\/em>.\",\"perma_option\":\"off\",\"action\":\"recommend\",\"language\":\"de_DE\"},\"twitter\":{\"reply_to\":\"\",\"tweet_text\":\"%20Ich%20m%C3%B6chte%20nicht%20teilnehmen%21%20%C2%BB%2053%20Cent%20%23anlasslos%20%23Friedrich%20...\",\"status\":\"on\",\"txt_info\":\"2 Klicks f\\u00fcr mehr Datenschutz: Erst wenn Sie hier klicken, wird der Button aktiv und Sie k\\u00f6nnen Ihre Empfehlung an Twitter senden. Schon beim Aktivieren werden Daten an Dritte \\u00fcbertragen - siehe <em>i<\\\/em>.\",\"perma_option\":\"off\",\"language\":\"de\",\"referrer_track\":\"\"},\"gplus\":{\"status\":\"on\",\"txt_info\":\"2 Klicks f\\u00fcr mehr Datenschutz: Erst wenn Sie hier klicken, wird der Button aktiv und Sie k\\u00f6nnen Ihre Empfehlung an Google+ senden. Schon beim Aktivieren werden Daten an Dritte \\u00fcbertragen - siehe <em>i<\\\/em>.\",\"perma_option\":\"off\",\"referrer_track\":\"\"},\"flattr\":{\"uid\":\"\",\"status\":\"on\",\"the_title\":\"Ich%20m%C3%B6chte%20nicht%20teilnehmen%21\",\"the_excerpt\":\"Sehr%20geehrter%20Herr%20Bundesinnenminster%20Friedrich%2C%0D%0A%0D%0AIhr%20Ministerium%20hat%20in%20diesen%20Tagen%20einen%20Gesetzesentwurf%20des%20Bundesjustizministeriums%20zur%20Wiedereinf%C3%BChrung%20der%20Vorratsdatenspeicherung%20redigiert%20und%20bis%20zur%20Unkenntlichkeit%20ver%C3%A4ndert.%20Darin%20finden%20sich%20nun%20alle%20Positionen%2C%20die%20uns%20B%C3%BCrger%20schon%20einmal%20auf%20die%20Palme%20und%20Ihre%20Regierung%20vors%20Bundesverfassungsgericht%20brachten.%20Folgende%20Daten%20soll%20...\",\"txt_info\":\"2 Klicks f\\u00fcr mehr Datenschutz: Erst wenn Sie hier klicken, wird der Button aktiv und Sie k\\u00f6nnen Ihre Empfehlung an Flattr senden. Schon beim Aktivieren werden Daten an Dritte \\u00fcbertragen - siehe <em>i<\\\/em>.\",\"perma_option\":\"off\"}},\"txt_help\":\"Wenn Sie diese Felder durch einen Klick aktivieren, werden Informationen an Facebook, Twitter, Flattr, Xing, t3n, LinkedIn, Pinterest oder Google eventuell ins Ausland \\u00fcbertragen und unter Umst\\u00e4nden auch dort gespeichert. N\\u00e4heres erfahren Sie durch einen Klick auf das <em>i<\\\/em>.\",\"settings_perma\":\"Dauerhaft aktivieren und Daten\\u00fcber-tragung zustimmen:\",\"info_link\":\"http:\\\/\\\/www.heise.de\\\/ct\\\/artikel\\\/2-Klicks-fuer-mehr-Datenschutz-1333879.html\",\"uri\":\"https:\\\/\\\/www.brennecke.org\\\/?p=1098\",\"post_id\":1098,\"post_title_referrer_track\":\"Ich+m%C3%B6chte+nicht+teilnehmen%21\",\"display_infobox\":\"on\"});}});\n\/* ]]> *\/<\/script><\/div>","protected":false},"excerpt":{"rendered":"<p>Sehr geehrter Herr Bundesinnenminster Friedrich, Ihr Ministerium hat in diesen Tagen einen Gesetzesentwurf des Bundesjustizministeriums zur Wiedereinf\u00fchrung der Vorratsdatenspeicherung redigiert und bis zur Unkenntlichkeit ver\u00e4ndert. Darin finden sich nun alle Positionen, die uns B\u00fcrger schon einmal auf die Palme und &hellip; <a href=\"https:\/\/www.brennecke.org\/?p=1098\">Weiterlesen <span class=\"meta-nav\">&rarr;<\/span><\/a><\/p>\n","protected":false},"author":1,"featured_media":0,"comment_status":"closed","ping_status":"open","sticky":false,"template":"","format":"standard","meta":{"footnotes":""},"categories":[1,3,17],"tags":[366,243,161,216,141],"_links":{"self":[{"href":"https:\/\/www.brennecke.org\/index.php?rest_route=\/wp\/v2\/posts\/1098"}],"collection":[{"href":"https:\/\/www.brennecke.org\/index.php?rest_route=\/wp\/v2\/posts"}],"about":[{"href":"https:\/\/www.brennecke.org\/index.php?rest_route=\/wp\/v2\/types\/post"}],"author":[{"embeddable":true,"href":"https:\/\/www.brennecke.org\/index.php?rest_route=\/wp\/v2\/users\/1"}],"replies":[{"embeddable":true,"href":"https:\/\/www.brennecke.org\/index.php?rest_route=%2Fwp%2Fv2%2Fcomments&post=1098"}],"version-history":[{"count":3,"href":"https:\/\/www.brennecke.org\/index.php?rest_route=\/wp\/v2\/posts\/1098\/revisions"}],"predecessor-version":[{"id":1101,"href":"https:\/\/www.brennecke.org\/index.php?rest_route=\/wp\/v2\/posts\/1098\/revisions\/1101"}],"wp:attachment":[{"href":"https:\/\/www.brennecke.org\/index.php?rest_route=%2Fwp%2Fv2%2Fmedia&parent=1098"}],"wp:term":[{"taxonomy":"category","embeddable":true,"href":"https:\/\/www.brennecke.org\/index.php?rest_route=%2Fwp%2Fv2%2Fcategories&post=1098"},{"taxonomy":"post_tag","embeddable":true,"href":"https:\/\/www.brennecke.org\/index.php?rest_route=%2Fwp%2Fv2%2Ftags&post=1098"}],"curies":[{"name":"wp","href":"https:\/\/api.w.org\/{rel}","templated":true}]}}