{"id":1629,"date":"2012-07-05T12:58:51","date_gmt":"2012-07-05T10:58:51","guid":{"rendered":"http:\/\/www.brennecke.org\/?p=1629"},"modified":"2018-05-14T09:06:57","modified_gmt":"2018-05-14T08:06:57","slug":"schlechte-verlierer","status":"publish","type":"post","link":"https:\/\/www.brennecke.org\/?p=1629","title":{"rendered":"Schlechte Verlierer"},"content":{"rendered":"<p>Werte Leserinnen und Leser,<\/p>\n<p>ACTA ist abgelehnt. Viele \u2013 auch ich &#8211; freuen sich dar\u00fcber, dass das Europaparlament mit gro\u00dfer Mehrheit entschieden hat, ACTA nicht zu ratifizieren.<\/p>\n<p>Nicht jeder freut sich mit uns. Der EU-Handelskommissar Karel de Gucht, der sich bis zuletzt f\u00fcr das Abkommen eingesetzt hat, steht nun vor dem Scherbenhaufen seiner Verhandlungstaktik, und auch Sprecher der Industrie \u00e4u\u00dferten sich erwartungsgem\u00e4\u00df skeptisch.<\/p>\n<p>Reichlich unerwartet hingegen empfinde ich die Kommentare in der <a title=\"Kommentar von Andrian Kreye\" href=\"http:\/\/www.sueddeutsche.de\/digital\/eu-parlament-entscheidet-ueber-acta-macht-der-masse-1.1400773\" target=\"_blank\">S\u00fcddeutschen Zeitung von Andrian Kreye<\/a> und in der <a title=\"Kommentar von Jasper von Altenbockum\" href=\"http:\/\/www.faz.net\/aktuell\/politik\/harte-bretter\/harte-bretter-sieg-der-meute-11810096.html\" target=\"_blank\">FAZ von Jasper von Altenbockum<\/a>. Beide blasen ins gleiche Horn: die Ablehnung von ACTA sei ein \u201eSieg der Meute\u201c, die \u201eMacht der Masse\u201c habe die Parlamentarier zum Einlenken gebracht. Es scheint, als h\u00e4tten beide ihre ureigene Aufgabe als Journalisten nicht gemacht \u2013 die Recherche. Denn ACTA hat nicht erst mit den Protesten von ein paar Hunderttausenden im Februar begonnen, sondern bereits einige Jahre zuvor \u2013 und die Massenproteste sind nicht der Ausl\u00f6ser, sondern die Folge einer intransparenten und lobby-gesteuerten Geheimverhandlung.<\/p>\n<p>Zur Historie: Das Anti-Piraterieabkommen <a title=\"wikipedia.de: ACTA\" href=\"http:\/\/de.wikipedia.org\/wiki\/Anti-Counterfeiting_Trade_Agreement\">ACTA<\/a>, verhandelt diskutiert zwischen den USA, der EU, aber auch L\u00e4ndern wie Jordanien, Marokko und den Vereinigten Arabischen Emiraten, sollte urspr\u00fcnglich den Kampf gegen Produktpiraterie verbessern. Es wurde heimlich verhandelt, und zun\u00e4chst war niemand <a title=\"Geleaktes Dokument zu ACTA\" href=\"http:\/\/www.michaelgeist.ca\/content\/view\/4819\/125\/\">an einer offenen Diskussion interessiert<\/a>.<\/p>\n<p>Eingeladen waren neben den L\u00e4ndern auch Vertreter der Content-Industrie, und schnell wurde das eigentlich gegen die Produktpiraterie (gef\u00e4lschte Waren und Medikamente) gewandte Abkommen auf das Urheberrecht im Internet erweitert \u2013 und das, was letztlich \u00fcber WikiLeaks und andere Kan\u00e4le St\u00fcck f\u00fcr St\u00fcck <a title=\"golem.de: Providerhaftung bei ACTA\" href=\"http:\/\/www.golem.de\/1002\/73302.html\">aus den verschlossenen S\u00e4len hervordrang<\/a>, klang eher nach Folterkeller der Ewiggestrigen als nach einem vern\u00fcnftigen Einstieg in das 21. Jahrhundert und seine neuen digitalen M\u00f6glichkeiten.<\/p>\n<p>H\u00e4tte man sich auf den urspr\u00fcnglichen Ansatz konzentriert, w\u00e4re ACTA vermutlich ein sinnvolles und gutes Abkommen geworden, das uns vor Produktpiraterie sch\u00fctzen k\u00f6nnte. Durch die unselige Vermischung mit der Diskussion um geistiges Eigentum hingegen wurde ein Geist aus der Flasche gelassen, der nicht mehr einzufangen war. Letztlich haben das auch einige Regierungen der EU-Mitgliedsl\u00e4nder erkannt und nicht zuletzt auch die EU-Parlamentarier.<\/p>\n<p>Wer nun, wie die beiden oben genannten Kommentatoren, behauptet, die Entscheidung des EU-Parlaments sei ein Sieg des \u201edigitalen Mobs\u201c, wer behauptet, die Parlamentarier \u201ekuschen vor Einsch\u00fcchterung durch die Netzgemeinde\u201c oder der \u201eMacht der Masse\u201c, der hat selbst ein \u00e4u\u00dferst fragw\u00fcrdiges Verst\u00e4ndnis von parlamentarischer Demokratie. Denn die EU-Parlamentarier sind frei gew\u00e4hlte Vertreter des Volkes und damit mehr als die halbdemokratisch bestimmte EU-Kommission legitimiert. Sie entscheiden frei und sind nur ihrem Gewissen verpflichtet. Wenn nun eine gro\u00dfe Mehrheit dieser Parlamentarier ACTA ablehnt, dann wohl kaum wegen einer diffusen Netzgemeinde, sondern weil sie nicht von ACTA \u00fcberzeugt sind \u2013 trotz aller Tricks, die der Handelskommissar de Gucht bis zuletzt versucht hat.<\/p>\n<p>H\u00e4tten die Kommentatoren recht, dann w\u00e4ren BKA-Gesetz und Vorratsdatenspeicherung bereits auf der M\u00fcllhaufen der Geschichte angekommen, und das dort bereits abgelegte Zugangserschwernisgesetz (\u201eZensursula\u201c) h\u00e4tte es nie gegeben. In allen F\u00e4llen gab und gibt es gro\u00dfe Proteste, auch auf der Stra\u00dfe. Offenbar gibt es aber in CDU\/CSU und SPD gro\u00dfe Mehrheiten, die diese Gesetze bef\u00fcrworten und auch nicht vor der Netzgemeinde \u201ekuschen\u201c. Die beiden Kommentatoren sind also offenbar mit ihrer Meinung im Irrtum. Das ist zwar menschlich, aber in diesem Falle unn\u00f6tig und vermeidbar.<\/p>\n<p>Vielleicht sind die beiden aber auch einfach nur schlechte Verlierer.<\/p>\n<p>Herzlichst,<\/p>\n<p>Ihr JeanLuc7<\/p>\n<div class=\"twoclick_social_bookmarks_post_1629 social_share_privacy clearfix 1.6.4 locale-de_DE sprite-de_DE\"><\/div><div class=\"twoclick-js\"><script type=\"text\/javascript\">\/* <![CDATA[ *\/\njQuery(document).ready(function($){if($('.twoclick_social_bookmarks_post_1629')){$('.twoclick_social_bookmarks_post_1629').socialSharePrivacy({\"services\":{\"facebook\":{\"status\":\"on\",\"txt_info\":\"2 Klicks f\\u00fcr mehr Datenschutz: Erst wenn Sie hier klicken, wird der Button aktiv und Sie k\\u00f6nnen Ihre Empfehlung an Facebook senden. Schon beim Aktivieren werden Daten an Dritte \\u00fcbertragen - siehe <em>i<\\\/em>.\",\"perma_option\":\"off\",\"action\":\"recommend\",\"language\":\"de_DE\"},\"twitter\":{\"reply_to\":\"\",\"tweet_text\":\"%20Schlechte%20Verlierer%20%C2%BB%2053%20Cent%20%23ACTA%20%23Altenbockum%20%23de%20Gucht%20%23digitaler%20Mob%20...\",\"status\":\"on\",\"txt_info\":\"2 Klicks f\\u00fcr mehr Datenschutz: Erst wenn Sie hier klicken, wird der Button aktiv und Sie k\\u00f6nnen Ihre Empfehlung an Twitter senden. Schon beim Aktivieren werden Daten an Dritte \\u00fcbertragen - siehe <em>i<\\\/em>.\",\"perma_option\":\"off\",\"language\":\"de\",\"referrer_track\":\"\"},\"gplus\":{\"status\":\"on\",\"txt_info\":\"2 Klicks f\\u00fcr mehr Datenschutz: Erst wenn Sie hier klicken, wird der Button aktiv und Sie k\\u00f6nnen Ihre Empfehlung an Google+ senden. Schon beim Aktivieren werden Daten an Dritte \\u00fcbertragen - siehe <em>i<\\\/em>.\",\"perma_option\":\"off\",\"referrer_track\":\"\"},\"flattr\":{\"uid\":\"\",\"status\":\"on\",\"the_title\":\"Schlechte%20Verlierer\",\"the_excerpt\":\"Werte%20Leserinnen%20und%20Leser%2C%0D%0A%0D%0AACTA%20ist%20abgelehnt.%20Viele%20%E2%80%93%20auch%20ich%20-%20freuen%20sich%20dar%C3%BCber%2C%20dass%20das%20Europaparlament%20mit%20gro%C3%9Fer%20Mehrheit%20entschieden%20hat%2C%20ACTA%20nicht%20zu%20ratifizieren.%0D%0A%0D%0ANicht%20jeder%20freut%20sich%20mit%20uns.%20Der%20EU-Handelskommissar%20Karel%20de%20Gucht%2C%20der%20sich%20bis%20zuletzt%20f%C3%BCr%20das%20Abkommen%20eingesetzt%20hat%2C%20steht%20nun%20vor%20dem%20Scherbenhaufen%20seiner%20Verhandlungstaktik%2C%20und%20auch%20Sprecher%20der%20Indu%20...\",\"txt_info\":\"2 Klicks f\\u00fcr mehr Datenschutz: Erst wenn Sie hier klicken, wird der Button aktiv und Sie k\\u00f6nnen Ihre Empfehlung an Flattr senden. Schon beim Aktivieren werden Daten an Dritte \\u00fcbertragen - siehe <em>i<\\\/em>.\",\"perma_option\":\"off\"}},\"txt_help\":\"Wenn Sie diese Felder durch einen Klick aktivieren, werden Informationen an Facebook, Twitter, Flattr, Xing, t3n, LinkedIn, Pinterest oder Google eventuell ins Ausland \\u00fcbertragen und unter Umst\\u00e4nden auch dort gespeichert. N\\u00e4heres erfahren Sie durch einen Klick auf das <em>i<\\\/em>.\",\"settings_perma\":\"Dauerhaft aktivieren und Daten\\u00fcber-tragung zustimmen:\",\"info_link\":\"http:\\\/\\\/www.heise.de\\\/ct\\\/artikel\\\/2-Klicks-fuer-mehr-Datenschutz-1333879.html\",\"uri\":\"https:\\\/\\\/www.brennecke.org\\\/?p=1629\",\"post_id\":1629,\"post_title_referrer_track\":\"Schlechte+Verlierer\",\"display_infobox\":\"on\"});}});\n\/* ]]> *\/<\/script><\/div>","protected":false},"excerpt":{"rendered":"<p>Werte Leserinnen und Leser, ACTA ist abgelehnt. Viele \u2013 auch ich &#8211; freuen sich dar\u00fcber, dass das Europaparlament mit gro\u00dfer Mehrheit entschieden hat, ACTA nicht zu ratifizieren. Nicht jeder freut sich mit uns. Der EU-Handelskommissar Karel de Gucht, der sich &hellip; <a href=\"https:\/\/www.brennecke.org\/?p=1629\">Weiterlesen <span class=\"meta-nav\">&rarr;<\/span><\/a><\/p>\n","protected":false},"author":1,"featured_media":0,"comment_status":"closed","ping_status":"open","sticky":false,"template":"","format":"standard","meta":{"footnotes":""},"categories":[1],"tags":[169,392,388,395,389,390,393,396,394,391,62,65],"_links":{"self":[{"href":"https:\/\/www.brennecke.org\/index.php?rest_route=\/wp\/v2\/posts\/1629"}],"collection":[{"href":"https:\/\/www.brennecke.org\/index.php?rest_route=\/wp\/v2\/posts"}],"about":[{"href":"https:\/\/www.brennecke.org\/index.php?rest_route=\/wp\/v2\/types\/post"}],"author":[{"embeddable":true,"href":"https:\/\/www.brennecke.org\/index.php?rest_route=\/wp\/v2\/users\/1"}],"replies":[{"embeddable":true,"href":"https:\/\/www.brennecke.org\/index.php?rest_route=%2Fwp%2Fv2%2Fcomments&post=1629"}],"version-history":[{"count":5,"href":"https:\/\/www.brennecke.org\/index.php?rest_route=\/wp\/v2\/posts\/1629\/revisions"}],"predecessor-version":[{"id":3767,"href":"https:\/\/www.brennecke.org\/index.php?rest_route=\/wp\/v2\/posts\/1629\/revisions\/3767"}],"wp:attachment":[{"href":"https:\/\/www.brennecke.org\/index.php?rest_route=%2Fwp%2Fv2%2Fmedia&parent=1629"}],"wp:term":[{"taxonomy":"category","embeddable":true,"href":"https:\/\/www.brennecke.org\/index.php?rest_route=%2Fwp%2Fv2%2Fcategories&post=1629"},{"taxonomy":"post_tag","embeddable":true,"href":"https:\/\/www.brennecke.org\/index.php?rest_route=%2Fwp%2Fv2%2Ftags&post=1629"}],"curies":[{"name":"wp","href":"https:\/\/api.w.org\/{rel}","templated":true}]}}