{"id":173,"date":"2009-07-09T15:45:23","date_gmt":"2009-07-09T13:45:23","guid":{"rendered":"http:\/\/www.brennecke.org\/?p=173"},"modified":"2018-05-14T09:05:41","modified_gmt":"2018-05-14T08:05:41","slug":"173","status":"publish","type":"post","link":"https:\/\/www.brennecke.org\/?p=173","title":{"rendered":"Am Ziel vorbei, Herr Rose!"},"content":{"rendered":"<p><a title=\"heise online: Ausweitung der Web-Sperren auf Hasspropaganda gefordert\" href=\"http:\/\/www.heise.de\/newsticker\/Ausweitung-der-Web-Sperren-auf-Hasspropaganda-gefordert--\/meldung\/141770\" target=\"_blank\">Wie ich heute lesen durfte<\/a>, haben Sie auf der &#8222;Konferenz gegen die Verbreitung von Hass im Internet, die das Bundesministerium der Justiz veranstaltet hat, die Ausweitung von Internetsperren auch auf sogenannte &#8222;Hass-Seiten&#8220; gefordert. Wie ich ebenfall mit Erstaunen lesen durfte, sind Sie der Meinung, dass &#8222;die Sperrung von Hass-Seiten nicht in einem Wort genannt werden k\u00f6nne mit Filtert\u00e4tigkeiten von Diktaturen, politische Meinungen aus dem Netz zu nehmen&#8220;.<\/p>\n<p>Einer der gr\u00f6\u00dften Vorteile in unserer freiheitlichen Demokratie ist das Recht, seine Meinung kund zu tun, und sei sie noch so seltsam und angreifbar. Nat\u00fcrlich gilt es gewisse Regeln zu befolgen, aber innerhalb dieser Regeln darf auch der gr\u00f6\u00dfte Unsinn erz\u00e4hlt werden. So weit m\u00f6chte ich in meinem Urteil \u00fcber Ihre Aussagen nicht gehen. Es ist aber klar, dass sie nicht unwidersprochen bleiben d\u00fcrfen, insbesondere, weil Ihre Vereinigung in Deutschland gute und wichtige Unterst\u00fctzung beim Kampf gegen <span id=\"inhalt\" style=\"width: 100%;\">Rassismus, Diskriminierung und Fremdenfeindichkeit<\/span> leistet.<\/p>\n<p>Ich zitiere weiter:<\/p>\n<blockquote><p>&#8222;Prinzipiell trete der <a title=\"Hauptseite des Zentralrats der Sinti und Roma\" rel=\"external\" href=\"http:\/\/zentralrat.sintiundroma.de\/\" target=\"_blank\">Zentralrat Deutscher Sinti und Roma<\/a> gegen Zensur ein.\u00a0 Die Freiheit der Information im Internet diene schlie\u00dflich auch dem Schutz von Minderheiten. Sinti und Roma w\u00fcrden aber in immer schlimmeren Ma\u00dfe bedroht und mit rassistischer Propaganda diffamiert. Dies stelle eine Gefahr f\u00fcr den Rechtsstaat dar.&#8220;<\/p><\/blockquote>\n<p>Interessant, welche Zusammenh\u00e4nge Sie da herstellen. Rassistische Propaganda stellt auch in absehbarer Zukunft mit Sicherheit <em>keine<\/em> Gefahr f\u00fcr unseren Rechtsstaat dar, sehr wohl jedoch Internetsperren von Webseiten, selbst wenn sie propagandistische Inhalte zeigen. Dies gilt insbesondere, wenn die Sperren geheim und nicht nachvollziehbar vom BKA festgelegt werden. Ich bin schon sehr gespannt, welche Webseiten Sie  als &#8222;zugelassen&#8220; und welche als &#8222;hassbeladen&#8220; charakterisieren werden. Mein pers\u00f6nlicher Tipp: fangen Sie mit den offiziellen Webseiten der religi\u00f6sen Gruppierungen an. Da werden Sie viel Hass finden. Aber diese Leute haben Sie vermutlich gar nicht im Blick.<\/p>\n<p>Und weiter hei\u00dft es:<\/p>\n<blockquote><p>\u201cNeben einer Vereinbarung zu Sperren mit der Internetindustrie machte sich Rose f\u00fcr die Einrichtung einer europ\u00e4ischer Aufsichtsstelle im Stile der von den Bundesl\u00e4ndern getragenen Organisation <a rel=\"external\" href=\"http:\/\/jugendschutz.net\/\" target=\"_blank\">jugendschutz.net<\/a> oder des 18 L\u00e4nder umfassenden International Network Against CyberHate (<a rel=\"external\" href=\"http:\/\/www.inach.net\/\" target=\"_blank\">INACH<\/a>) stark. Diese sollte das Internet laufend \u00fcberwachen und auf eine Sperrung ausgemachter Seiten hinwirken.&#8220;<\/p><\/blockquote>\n<p>Eine laufende \u00dcberwachung &#8211; damit outen Sie sich nicht wirklich als <a title=\"wikipedia.de \u00fcber &quot;Internetausdrucker&quot;\" href=\"http:\/\/de.wikipedia.org\/wiki\/Benutzer:Nicor\/Internetausdrucker\" target=\"_self\">Internetspezialist<\/a>. Eine solche Kontrolle ist nach heutigen Ma\u00dfst\u00e4ben nicht einmal in China und Iran m\u00f6glich, wo die Regierungen keinerlei Hemmungen haben, alles und jeden zu durchleuchten. Dass Sie die Kontrolle mit dem Jugendschutz verkn\u00fcpfen, mag auf den ersten Blick clever sein. Aber im Gegensatz zur Kinderpornographie sind hier keine Kinder betroffen &#8211; m\u00f6glicherweise sind aber Jugendliche die Konsumenten dieser Seiten.<\/p>\n<p>Und damit sind wir beim Hauptproblem angekommen: Wenn Jugendliche solche Hass-Seiten konsumieren und sich mit den dortigen Parolen identifizieren, sind nicht etwa blo\u00df die Seiten gut gemacht. Nein &#8211; dann ist in den bereits vergangenen Erziehungsjahren dieser Jugendlichen eine Menge falsch gelaufen.<\/p>\n<p>Jugendliche werden nicht wegen ihrer Gene zu Nazis. Sie werden aber auch nicht als Fans des demokratischen Rechtsstaats geboren. Dahin muss man sie erziehen, und das geht am besten, wenn man selbst Fan oder Bef\u00fcrworter dieser Staatsform ist. Glauben Sie wirklich, dass <em>Zensurforderungen<\/em> &#8211; und bitte entschuldigen Sie, aber <strong>genau darum <\/strong>handelt es sich hier &#8211; die Liebe zur freiheitlichen Demokratie ausdr\u00fccken?<\/p>\n<p>Hass in den K\u00f6pfen k\u00f6nnen wir nicht bestrafen, aber wir k\u00f6nnen ihn vertreiben und bek\u00e4mpfen &#8211; mit Worten, nicht mit Verboten und auch nicht, indem wir einfach Stopp-Schilder vor jede uns nicht genehme Seite setzen. Frau Ministerin Zypries sagte auf der Konferenz: &#8222;Nur mit dem Strafrecht kommen wir nicht weiter &#8230; Online wie Offline wird es entscheidend darauf ankommen, dass Staat und Zivilgesellschaft gemeinsam handeln.&#8220; Damit hat sie recht.<\/p>\n<p>Neben Frau Ministerin Zypries hat sich auch der Pr\u00e4sident des Bundesamtes f\u00fcr Verfassungsschutz, Heinz Fromm, in der Frage nach Sperren sehr zur\u00fcckgehalten. &#8222;Wir haben nicht die Illusion, dass wir diese Dinge unmittelbar aus dem Netz entfernen k\u00f6nnen&#8220;. Die rechtlichen Schwierigkeiten seien zu gro\u00df. Es sei daher wichtig, &#8222;die gesellschaftlichen Kr\u00e4fte zu mobilisieren, um dem Hass entgegenzutreten&#8220;. Auch ihm ein Dankesch\u00f6n f\u00fcr seine Besonnenheit.<\/p>\n<p>Es gr\u00fc\u00dft Sie<\/p>\n<p>JeanLuc7<\/p>\n<p>&#8212;<\/p>\n<p>Romani Rose ist Vorsitzender des <a title=\"Zentralrat Deutscher Sinti und Roma\" href=\"http:\/\/de.wikipedia.org\/wiki\/Zentralrat_Deutscher_Sinti_und_Roma\">Zentralrats Deutscher Sinti und Roma<\/a> und deutscher B\u00fcrgerrechtsaktivist. (Quelle: wikipedia.de)<\/p>\n<div class=\"twoclick_social_bookmarks_post_173 social_share_privacy clearfix 1.6.4 locale-de_DE sprite-de_DE\"><\/div><div class=\"twoclick-js\"><script type=\"text\/javascript\">\/* <![CDATA[ *\/\njQuery(document).ready(function($){if($('.twoclick_social_bookmarks_post_173')){$('.twoclick_social_bookmarks_post_173').socialSharePrivacy({\"services\":{\"facebook\":{\"status\":\"on\",\"txt_info\":\"2 Klicks f\\u00fcr mehr Datenschutz: Erst wenn Sie hier klicken, wird der Button aktiv und Sie k\\u00f6nnen Ihre Empfehlung an Facebook senden. Schon beim Aktivieren werden Daten an Dritte \\u00fcbertragen - siehe <em>i<\\\/em>.\",\"perma_option\":\"off\",\"action\":\"recommend\",\"language\":\"de_DE\"},\"twitter\":{\"reply_to\":\"\",\"tweet_text\":\"%20Am%20Ziel%20vorbei%2C%20Herr%20Rose%21%20%C2%BB%2053%20Cent%20%23Brigitte%20Zypries%20...\",\"status\":\"on\",\"txt_info\":\"2 Klicks f\\u00fcr mehr Datenschutz: Erst wenn Sie hier klicken, wird der Button aktiv und Sie k\\u00f6nnen Ihre Empfehlung an Twitter senden. Schon beim Aktivieren werden Daten an Dritte \\u00fcbertragen - siehe <em>i<\\\/em>.\",\"perma_option\":\"off\",\"language\":\"de\",\"referrer_track\":\"\"},\"gplus\":{\"status\":\"on\",\"txt_info\":\"2 Klicks f\\u00fcr mehr Datenschutz: Erst wenn Sie hier klicken, wird der Button aktiv und Sie k\\u00f6nnen Ihre Empfehlung an Google+ senden. Schon beim Aktivieren werden Daten an Dritte \\u00fcbertragen - siehe <em>i<\\\/em>.\",\"perma_option\":\"off\",\"referrer_track\":\"\"},\"flattr\":{\"uid\":\"\",\"status\":\"on\",\"the_title\":\"Am%20Ziel%20vorbei%2C%20Herr%20Rose%21\",\"the_excerpt\":\"Wie%20ich%20heute%20lesen%20durfte%2C%20haben%20Sie%20auf%20der%20%22Konferenz%20gegen%20die%20Verbreitung%20von%20Hass%20im%20Internet%2C%20die%20das%20Bundesministerium%20der%20Justiz%20veranstaltet%20hat%2C%20die%20Ausweitung%20von%20Internetsperren%20auch%20auf%20sogenannte%20%22Hass-Seiten%22%20gefordert.%20Wie%20ich%20ebenfall%20mit%20Erstaunen%20lesen%20durfte%2C%20sind%20Sie%20der%20Meinung%2C%20dass%20%22die%20Sperrung%20von%20Hass-Seiten%20nicht%20in%20einem%20Wort%20genannt%20werden%20k%C3%B6nne%20mit%20Filtert%C3%A4tigke%20...\",\"txt_info\":\"2 Klicks f\\u00fcr mehr Datenschutz: Erst wenn Sie hier klicken, wird der Button aktiv und Sie k\\u00f6nnen Ihre Empfehlung an Flattr senden. Schon beim Aktivieren werden Daten an Dritte \\u00fcbertragen - siehe <em>i<\\\/em>.\",\"perma_option\":\"off\"}},\"txt_help\":\"Wenn Sie diese Felder durch einen Klick aktivieren, werden Informationen an Facebook, Twitter, Flattr, Xing, t3n, LinkedIn, Pinterest oder Google eventuell ins Ausland \\u00fcbertragen und unter Umst\\u00e4nden auch dort gespeichert. N\\u00e4heres erfahren Sie durch einen Klick auf das <em>i<\\\/em>.\",\"settings_perma\":\"Dauerhaft aktivieren und Daten\\u00fcber-tragung zustimmen:\",\"info_link\":\"http:\\\/\\\/www.heise.de\\\/ct\\\/artikel\\\/2-Klicks-fuer-mehr-Datenschutz-1333879.html\",\"uri\":\"https:\\\/\\\/www.brennecke.org\\\/?p=173\",\"post_id\":173,\"post_title_referrer_track\":\"Am+Ziel+vorbei%2C+Herr+Rose%21\",\"display_infobox\":\"on\"});}});\n\/* ]]> *\/<\/script><\/div>","protected":false},"excerpt":{"rendered":"<p>Wie ich heute lesen durfte, haben Sie auf der &#8222;Konferenz gegen die Verbreitung von Hass im Internet, die das Bundesministerium der Justiz veranstaltet hat, die Ausweitung von Internetsperren auch auf sogenannte &#8222;Hass-Seiten&#8220; gefordert. Wie ich ebenfall mit Erstaunen lesen durfte, &hellip; <a href=\"https:\/\/www.brennecke.org\/?p=173\">Weiterlesen <span class=\"meta-nav\">&rarr;<\/span><\/a><\/p>\n","protected":false},"author":1,"featured_media":0,"comment_status":"closed","ping_status":"open","sticky":false,"template":"","format":"standard","meta":{"footnotes":""},"categories":[1,3,17],"tags":[82,78,79,83,80,77,84,81],"_links":{"self":[{"href":"https:\/\/www.brennecke.org\/index.php?rest_route=\/wp\/v2\/posts\/173"}],"collection":[{"href":"https:\/\/www.brennecke.org\/index.php?rest_route=\/wp\/v2\/posts"}],"about":[{"href":"https:\/\/www.brennecke.org\/index.php?rest_route=\/wp\/v2\/types\/post"}],"author":[{"embeddable":true,"href":"https:\/\/www.brennecke.org\/index.php?rest_route=\/wp\/v2\/users\/1"}],"replies":[{"embeddable":true,"href":"https:\/\/www.brennecke.org\/index.php?rest_route=%2Fwp%2Fv2%2Fcomments&post=173"}],"version-history":[{"count":9,"href":"https:\/\/www.brennecke.org\/index.php?rest_route=\/wp\/v2\/posts\/173\/revisions"}],"predecessor-version":[{"id":3786,"href":"https:\/\/www.brennecke.org\/index.php?rest_route=\/wp\/v2\/posts\/173\/revisions\/3786"}],"wp:attachment":[{"href":"https:\/\/www.brennecke.org\/index.php?rest_route=%2Fwp%2Fv2%2Fmedia&parent=173"}],"wp:term":[{"taxonomy":"category","embeddable":true,"href":"https:\/\/www.brennecke.org\/index.php?rest_route=%2Fwp%2Fv2%2Fcategories&post=173"},{"taxonomy":"post_tag","embeddable":true,"href":"https:\/\/www.brennecke.org\/index.php?rest_route=%2Fwp%2Fv2%2Ftags&post=173"}],"curies":[{"name":"wp","href":"https:\/\/api.w.org\/{rel}","templated":true}]}}