{"id":1811,"date":"2012-10-05T09:48:25","date_gmt":"2012-10-05T07:48:25","guid":{"rendered":"http:\/\/www.brennecke.org\/?p=1811"},"modified":"2018-05-14T09:06:56","modified_gmt":"2018-05-14T08:06:56","slug":"wers-glaubt","status":"publish","type":"post","link":"https:\/\/www.brennecke.org\/?p=1811","title":{"rendered":"Wer&#8217;s glaubt&#8230;"},"content":{"rendered":"<p>Werte Leserinnen und Leser,<\/p>\n<p>im vergangenen Sommer haben wir viel \u00fcber Meinungsfreiheit, Elternrecht, K\u00f6rperverletzungen und Blasphemie h\u00f6ren und lesen d\u00fcrfen. Neben der laut gef\u00fchrten Debatte rund um die Frage, ob <del>das Pr\u00fcgeln<\/del> die Beschneidung von S\u00e4uglingen und Jungen eine K\u00f6rperverletzung oder ein Elternrecht ist und ob schlechte Filme \u00fcber Religionsstifter in Deutschland gezeigt oder verboten werden d\u00fcrfen, entspann sich, ausgel\u00f6st durch einen Artikel des Reaktion\u00e4rs Martin Mosebach, eine Diskussion um die Frage, ob Gottesl\u00e4sterung nicht besser unter Strafe gestellt werden solle.<\/p>\n<p>Mosebach berief sich dabei auf das Grundgesetz &#8211; dort steht tats\u00e4chlich etwas vom \u201eBewusstsein seiner Verantwortung vor  Gott und den Menschen\u201c, in dem das deutsche Volk sich seine Verfassung  gegeben habe. Und weil das als Aufh\u00e4nger recht wackelig und die Bundesrepublik ein weltanschaulich <del>manchmal weitgehend<\/del> strikt neutraler Staat ist, schlie\u00dft er daraus: \u201eAber auch f\u00fcr den weltanschaulich strikt neutralen  Staat k\u00f6nnte sich die Notwendigkeit einer Bek\u00e4mpfung der Blasphemie  ergeben, wenn die staatliche Ordnung durch sie gef\u00e4hrdet wird.\u201c Er erkl\u00e4rt, dies  k\u00f6nne geschehen, \u201ewenn eine gr\u00f6\u00dfere Gruppe von Gl\u00e4ubigen sich durch die  Blasphemie in ihren religi\u00f6sen \u00dcberzeugungen so verletzt f\u00fchlt, dass  ihre Emp\u00f6rung zu einem \u00f6ffentlichen Problem wird\u201c.<\/p>\n<p>Abgesehen davon, dass die Verletzung der religi\u00f6sen \u00dcberzeugungen einer kleineren Gruppe offenbar kein Problem darstellt, hei\u00dft dies \u00fcbersetzt und auf die aktuelle Situation angewandt: &#8222;Das Problem gewaltbereiter Salafisten in Deutschland l\u00f6sen wir am besten, indem wir ihnen keinen Grund mehr geben, sich \u00fcber uns zu echauffieren.&#8220; Die gleiche Argumentation finden wir auch bei Merkel und Westerwelle, die lieber konstruierte Gr\u00fcnde finden, Filme zu verbieten oder das Grundrecht auf k\u00f6rperliche Unversehrtheit auszuh\u00f6hlen, als sich in angemessener Weise mit den Orthodoxien dieser Gesellschaft auseinanderzusetzen.<\/p>\n<p>Warum st\u00f6rt es kaum, dass wir unsere Werte wie Freiheit, Demokratie, Rechtsstaat St\u00fcck f\u00fcr St\u00fcck aufgeben, um den Religi\u00f6sen mehr und mehr Raum einzur\u00e4umen? Der Rechtsstaat &#8211; die Garantie, dass ein einheitliches Recht f\u00fcr alle gilt &#8211; ger\u00e4t ins Wanken, wenn wir Spezialgesetze beschlie\u00dfen, die die Religi\u00f6sen vor kritischen Fragen sch\u00fctzen, anstatt diese Fragen zu stellen und zu diskutieren. Die Freiheit ist bedroht, wenn wir Gewaltbereitschaft eind\u00e4mmen wollen, indem wir Meinungen verbieten. Nicht die vielf\u00e4ltigen Meinungen sind die Gefahr, sondern jene, die nicht verstanden haben, dass weltliches Recht und der damit einhergehende Gewaltverzicht des Einzelnen eine der Grundlagen f\u00fcr die modernen Demokratien sind.<\/p>\n<p>Die wahre Gefahr geht jedoch von den Orthodoxen aus, von denen wir dummerweise in jeder Religion einige in F\u00fchrungspositionen finden. Die einen glauben, das auserw\u00e4hlte Volk zu sein, die anderen halten ihren Glauben f\u00fcr den einzig wahren, und die dritten erkl\u00e4ren bei jeder Gelegenheit, ihre Dogmen seien unantastbar. Wie viel einfacher war die Welt, als noch Legionen von G\u00f6ttern angebetet wurden &#8211; damals war immer noch Platz f\u00fcr neue Sterne am Himmel. Nachdem sich der Himmel jedoch gelichtet hat und wir statt G\u00f6ttern dort die Milchstra\u00dfe sehen, scheint der Platz recht eng geworden &#8211; trotz der Gr\u00f6\u00dfe des Universums.<\/p>\n<p>Man sch\u00fcttelt als Atheist gerne den Kopf und m\u00f6chte die Religionsf\u00fchrer fragen, ob sie wirklich an all das glauben, was ihre B\u00fccher erz\u00e4hlen: die Welt in 7 Tagen erschaffen, 72 Jungfrauen im Himmel, Dreifaltigkeit, Auferstehung &#8211; all die Dinge, die Religionen aus rationaler Sicht so fremdartig, unlogisch und konstruiert erscheinen lassen. Die Antwort bleibt offen &#8211; aber die Dogmen werden t\u00e4glich gepredigt und von vielen Millionen Menschen geglaubt. Ich nenne das Verf\u00fchrung &#8211; noch dazu eine, deren Heilsversprechen im realen Leben nicht zur Auszahlung gelangen. Teufel, ist das clever!<\/p>\n<p>Es bleibt daher unsere gesellschaftliche Aufgabe, unsere Werte &#8211; Freiheit, Demokratie, Rechtsstaat &#8211; gegen Angreifer zu verteidigen. Das bedeutet eine klare Absage insbesondere an Gewalt, aber auch an religi\u00f6se Sonderbehandlungen und -gesetze. Ohnehin bleibt dem Atheisten der Sinn eines Blasphemiegesetzes auf ewig verborgen.<\/p>\n<p>Die biblische Geschichte rund um Abraham und seinen Sohn handelt vorrangig von einer geplanten Opferung des eigenen Sohns und einer Ziege in einer Nebenrolle. Letztlich verliert blo\u00df die Ziege ihr Leben, der Sohn nur seine Vorhaut. Wenn also die Beschneidung einen Sprung vom Menschenopfer hin zur rituellen K\u00f6rperverletzung darstellt, dann ist das neue Gesetz vielleicht nur das letzte R\u00fcckzugsgefecht der Orthodoxen.<\/p>\n<p>Es gr\u00fc\u00dft herzlich,<\/p>\n<p>Ihr JeanLuc7<\/p>\n<div class=\"twoclick_social_bookmarks_post_1811 social_share_privacy clearfix 1.6.4 locale-de_DE sprite-de_DE\"><\/div><div class=\"twoclick-js\"><script type=\"text\/javascript\">\/* <![CDATA[ *\/\njQuery(document).ready(function($){if($('.twoclick_social_bookmarks_post_1811')){$('.twoclick_social_bookmarks_post_1811').socialSharePrivacy({\"services\":{\"facebook\":{\"status\":\"on\",\"txt_info\":\"2 Klicks f\\u00fcr mehr Datenschutz: Erst wenn Sie hier klicken, wird der Button aktiv und Sie k\\u00f6nnen Ihre Empfehlung an Facebook senden. Schon beim Aktivieren werden Daten an Dritte \\u00fcbertragen - siehe <em>i<\\\/em>.\",\"perma_option\":\"off\",\"action\":\"recommend\",\"language\":\"de_DE\"},\"twitter\":{\"reply_to\":\"\",\"tweet_text\":\"%20Wer%E2%80%99s%20glaubt%E2%80%A6%20%C2%BB%2053%20Cent%20%23Atheismus%20%23Beschneidung%20%23Blasphemie%20...\",\"status\":\"on\",\"txt_info\":\"2 Klicks f\\u00fcr mehr Datenschutz: Erst wenn Sie hier klicken, wird der Button aktiv und Sie k\\u00f6nnen Ihre Empfehlung an Twitter senden. Schon beim Aktivieren werden Daten an Dritte \\u00fcbertragen - siehe <em>i<\\\/em>.\",\"perma_option\":\"off\",\"language\":\"de\",\"referrer_track\":\"\"},\"gplus\":{\"status\":\"on\",\"txt_info\":\"2 Klicks f\\u00fcr mehr Datenschutz: Erst wenn Sie hier klicken, wird der Button aktiv und Sie k\\u00f6nnen Ihre Empfehlung an Google+ senden. Schon beim Aktivieren werden Daten an Dritte \\u00fcbertragen - siehe <em>i<\\\/em>.\",\"perma_option\":\"off\",\"referrer_track\":\"\"},\"flattr\":{\"uid\":\"\",\"status\":\"on\",\"the_title\":\"Wer%26%238217%3Bs%20glaubt%26%238230%3B\",\"the_excerpt\":\"Werte%20Leserinnen%20und%20Leser%2C%0D%0A%0D%0Aim%20vergangenen%20Sommer%20haben%20wir%20viel%20%C3%BCber%20Meinungsfreiheit%2C%20Elternrecht%2C%20K%C3%B6rperverletzungen%20und%20Blasphemie%20h%C3%B6ren%20und%20lesen%20d%C3%BCrfen.%20Neben%20der%20laut%20gef%C3%BChrten%20Debatte%20rund%20um%20die%20Frage%2C%20ob%20das%20Pr%C3%BCgeln%20die%20Beschneidung%20von%20S%C3%A4uglingen%20und%20Jungen%20eine%20K%C3%B6rperverletzung%20oder%20ein%20Elternrecht%20ist%20und%20ob%20schlechte%20Filme%20%C3%BCber%20Religionsstifter%20in%20Deutschland%20gezeigt%20oder%20verb%20...\",\"txt_info\":\"2 Klicks f\\u00fcr mehr Datenschutz: Erst wenn Sie hier klicken, wird der Button aktiv und Sie k\\u00f6nnen Ihre Empfehlung an Flattr senden. Schon beim Aktivieren werden Daten an Dritte \\u00fcbertragen - siehe <em>i<\\\/em>.\",\"perma_option\":\"off\"}},\"txt_help\":\"Wenn Sie diese Felder durch einen Klick aktivieren, werden Informationen an Facebook, Twitter, Flattr, Xing, t3n, LinkedIn, Pinterest oder Google eventuell ins Ausland \\u00fcbertragen und unter Umst\\u00e4nden auch dort gespeichert. N\\u00e4heres erfahren Sie durch einen Klick auf das <em>i<\\\/em>.\",\"settings_perma\":\"Dauerhaft aktivieren und Daten\\u00fcber-tragung zustimmen:\",\"info_link\":\"http:\\\/\\\/www.heise.de\\\/ct\\\/artikel\\\/2-Klicks-fuer-mehr-Datenschutz-1333879.html\",\"uri\":\"https:\\\/\\\/www.brennecke.org\\\/?p=1811\",\"post_id\":1811,\"post_title_referrer_track\":\"Wer%26%238217%3Bs+glaubt%26%238230%3B\",\"display_infobox\":\"on\"});}});\n\/* ]]> *\/<\/script><\/div>","protected":false},"excerpt":{"rendered":"<p>Werte Leserinnen und Leser, im vergangenen Sommer haben wir viel \u00fcber Meinungsfreiheit, Elternrecht, K\u00f6rperverletzungen und Blasphemie h\u00f6ren und lesen d\u00fcrfen. Neben der laut gef\u00fchrten Debatte rund um die Frage, ob das Pr\u00fcgeln die Beschneidung von S\u00e4uglingen und Jungen eine K\u00f6rperverletzung &hellip; <a href=\"https:\/\/www.brennecke.org\/?p=1811\">Weiterlesen <span class=\"meta-nav\">&rarr;<\/span><\/a><\/p>\n","protected":false},"author":1,"featured_media":0,"comment_status":"closed","ping_status":"open","sticky":false,"template":"","format":"standard","meta":{"footnotes":""},"categories":[1,3],"tags":[413,382,411,412,11],"_links":{"self":[{"href":"https:\/\/www.brennecke.org\/index.php?rest_route=\/wp\/v2\/posts\/1811"}],"collection":[{"href":"https:\/\/www.brennecke.org\/index.php?rest_route=\/wp\/v2\/posts"}],"about":[{"href":"https:\/\/www.brennecke.org\/index.php?rest_route=\/wp\/v2\/types\/post"}],"author":[{"embeddable":true,"href":"https:\/\/www.brennecke.org\/index.php?rest_route=\/wp\/v2\/users\/1"}],"replies":[{"embeddable":true,"href":"https:\/\/www.brennecke.org\/index.php?rest_route=%2Fwp%2Fv2%2Fcomments&post=1811"}],"version-history":[{"count":4,"href":"https:\/\/www.brennecke.org\/index.php?rest_route=\/wp\/v2\/posts\/1811\/revisions"}],"predecessor-version":[{"id":3766,"href":"https:\/\/www.brennecke.org\/index.php?rest_route=\/wp\/v2\/posts\/1811\/revisions\/3766"}],"wp:attachment":[{"href":"https:\/\/www.brennecke.org\/index.php?rest_route=%2Fwp%2Fv2%2Fmedia&parent=1811"}],"wp:term":[{"taxonomy":"category","embeddable":true,"href":"https:\/\/www.brennecke.org\/index.php?rest_route=%2Fwp%2Fv2%2Fcategories&post=1811"},{"taxonomy":"post_tag","embeddable":true,"href":"https:\/\/www.brennecke.org\/index.php?rest_route=%2Fwp%2Fv2%2Ftags&post=1811"}],"curies":[{"name":"wp","href":"https:\/\/api.w.org\/{rel}","templated":true}]}}