{"id":1929,"date":"2012-12-05T10:54:51","date_gmt":"2012-12-05T08:54:51","guid":{"rendered":"http:\/\/www.brennecke.org\/?p=1929"},"modified":"2018-05-14T09:04:31","modified_gmt":"2018-05-14T08:04:31","slug":"wenn-das-wut-fass-uberlauft","status":"publish","type":"post","link":"https:\/\/www.brennecke.org\/?p=1929","title":{"rendered":"Wenn das Wut-Fass \u00fcberl\u00e4uft"},"content":{"rendered":"<p>Werte Leserinnen und Leser,<\/p>\n<p>ich hatte lange Zeit gehofft, keinen Artikel zur steuerlichen Gleichstellung von eingetragenen Lebenspartnerschaften schreiben zu m\u00fcssen. Alles schien gut zu laufen: Eine sp\u00e4ter als &#8222;<a href=\"http:\/\/www.stuttgarter-zeitung.de\/inhalt.gesellschaft-koalition-streitet-ueber-steuervorteil-auch-fuer-homo-ehen.51314de4-0b2e-4581-b45c-051fe0c77f94.html\">Wilde 13<\/a>&#8220; bezeichnete Gruppe von Abgeordneten in der CDU hatte ohne Not im August einen Antrag erarbeitet, indem eben diese steuerliche Gleichstellung gefordert wurde &#8211; sofort und ohne Einschr\u00e4nkungen. Zudem hatte die CSU endlich den <a href=\"http:\/\/www.sueddeutsche.de\/bayern\/csu-politiker-norbert-geis-abschied-eines-besserwissers-1.1487773\">irrlichternden Norbert Geis<\/a> entsorgt, indem sein Wahlkreis ihm eine erneute Kandidatur f\u00fcr den Bundestag zur Wahl 2013 versagt.<\/p>\n<p>Es war klar, dass der Antrag im Bundestag nicht zur Abstimmung gelangte &#8211; vielmehr geschah das Erwartete: Die CDU lud zum Bundesparteitag, und dort sollte eine Diskussion gef\u00fchrt werden. Weit unter meiner Reizschwelle blieb auch der Antrag des evangelikalen CDU-Landesverbandes Fulda, in dem die Gleichstellung als v\u00f6llig unvereinbar mit christlichen Werten angesehen wurde. Dass der<a title=\"Seehofer, Frau, Geliebte und Kind\" href=\"http:\/\/www.zehn.de\/horst-seehofer-7439626-7\"> in Familiendingen doppelt erfahrene Seehofer<\/a> den Antrag unterst\u00fctzte, geh\u00f6rte f\u00fcr mich zu einem Dauerfeuer, das seit Jahrzehnten zum t\u00e4glichen Leben geh\u00f6rt.<\/p>\n<p>Auch als die verheiratete, aber kinderlose Kanzlerin Merkel mit Steinen im Glashaus zu werfen begann, indem sie den Schwulen und Lesben in einer <a href=\"http:\/\/www.welt.de\/politik\/deutschland\/article108818256\/Merkel-gegen-Gleichstellung-der-Homo-Ehe.html\">pers\u00f6nlichen Erkl\u00e4rung <\/a>versagte, was sie und ihr Mann wie selbstverst\u00e4ndlich in Anspruch nehmen, war das kein Grund, zu diesem Thema einen Artikel zu verfassen. Es ist bekannt, dass Frau Merkel den Weg des geringsten Widerstands geht, und der f\u00fchrt in 2013 \u00fcber eine Entscheidung des Bundesverfassungsgerichts, wo zur steuerlichen Gleichstellung eine\u00a0 Klage vorliegt. Merkel mag sich gedacht haben: Warum sich jetzt die Finger schmutzig machen und Streit riskieren, wenn das im kommenden Jahr andere erledigen.<\/p>\n<p>Die Diskussion hat aber einige unbelehrbare Zeitgenossen an die Oberfl\u00e4che gesp\u00fclt: In Frank Plasbergs Sendung &#8222;Hart aber fair&#8220; (<a href=\"http:\/\/www.ardmediathek.de\/das-erste\/hart-aber-fair\/20-59-uhr-papa-papa-kind-homo-ehe-ohne-grenzen-die?documentId=12665836\">ARD-Mediathek &#8211; nur wenige Tage verf\u00fcgbar<\/a>) durften <a href=\"http:\/\/de.wikipedia.org\/wiki\/Martin_Lohmann\">Martin Lohmann<\/a> und <a href=\"http:\/\/de.wikipedia.org\/wiki\/Birgit_Kelle\">Birgit Kelle<\/a>, beide CDU-Mitglieder und <a href=\"http:\/\/de.wikipedia.org\/wiki\/Popetown#.C3.96ffentliche_Diskussion_in_Deutschland\">thematisch vorgebildet<\/a>, erkl\u00e4ren, dass alles andere als &#8222;Mann und Frau&#8220; wider die Natur sei.\u00a0Man erfuhr, dass wer ohne Vater aufw\u00e4chst,\u00a0 depressiv, drogens\u00fcchtig und aggressiv werde. Dass es einen homosexuellen Hype gebe.\u00a0Dass der Christopher Street Day blo\u00df zur Ausgrenzung der Schwulen f\u00fchre.<\/p>\n<p>Zuletzt erschien in meiner geliebten ZEIT <a href=\"http:\/\/www.zeit.de\/politik\/deutschland\/2012-12\/Homoehe-Gleichstellung-Union-Kommentar\/seite-2\">ein Artikel, der mein pers\u00f6nliches Wut-Fass zum \u00dcberlaufen brachte<\/a>. Darin beklagt ein gewisser <a href=\"http:\/\/community.zeit.de\/user\/lenz-jacobsen\">Lenz Jacobsen<\/a> ernsthaft, dass die Gegner der Gleichstellung homosexueller Ehen als Ewiggestrige abgetan werden. Er verlangt, sie so ernst zu nehmen wie alle anderen, egal, ob sie nun von \u00c4ngsten, Ressentiments oder harten Argumenten angetrieben werden. Er schreibt dazu: &#8222;Es geht ja Gott sei Dank schon lange nicht mehr darum, ob Homosexualit\u00e4t grunds\u00e4tzlich erlaubt ist.&#8220;<\/p>\n<p>Jacobsen geht es also nicht darum, ob <a href=\"http:\/\/de.wikipedia.org\/wiki\/Rosa_Parks\">Rosa Parks in den Bus steigen<\/a> darf. Er will aber ersthaft dar\u00fcber diskutieren d\u00fcrfen, ob sie vorne sitzen darf oder nach hinten muss, wo die Pl\u00e4tze <del>f\u00fcr die Schwulen<\/del> f\u00fcr die Schwarzen sind. Man kann es auch anders formulieren: Herr Jacobsen fordert am Diskussionstisch einen gleichberechtigten Platz f\u00fcr diskriminierende, intolerante und gesellschaftlich veraltete Meinungen.<\/p>\n<p>Man muss nicht gleich die h\u00e4rtesten Keulen aus dem Schrank holen, um die Absurdit\u00e4t seiner Forderung offenzulegen &#8211; dazu m\u00fcssen wir nur die Zeit ein wenig zur\u00fcckdrehen. Seinerzeit gab es auch F\u00fcrsprecher, die Vergewaltigung in der Ehe als legitim ansahen; F\u00fcrsprecher, die ihre Kinder weiterhin in konsequenter Auslegung der Bibel mit Schl\u00e4gen z\u00fcchtigen; F\u00fcrsprecher, die unehelich geborenen Kindern, sogenannten Bastarden, nicht dieselben Rechte genehmigen wollten wie den ehelich geborenen. Aus diesen Diskussionen haben die Konservativen offenbar nichts gelernt.<\/p>\n<p>Statt dessen sehen wir uns seit dem vor 11 Jahren gegen den harten Widerstand der CDU\/CSU verabschiedeten Gesetz zur Etablierung der eingetragenen Lebenspartnerschaften (&#8222;Homo-Ehe&#8220;) immer wieder vor Gericht wieder, um auf Nebenkriegsschaupl\u00e4tzen die absurdesten Selbstverst\u00e4ndlichkeiten beispielsweise beim Erbrecht und bei Beamtenpensionen zu erfechten. Jedesmal hat das h\u00f6chste deutsche Gericht entschieden, dass gleich behandelt werden muss, was in der Sache gleich angelegt ist: n\u00e4mlich die Ehe und die eingetragene Lebenspartnerschaft. In beiden stehen Menschen f\u00fcreinander ein &#8211; mein Partner und ich tun dies seit 9 Jahren dokumentengerecht und seit 21 Jahren aus Liebe.<\/p>\n<p>Liebe Lohmanns und Jacobsens, liebe Gleichstellungsgegner, bedenkt bitte: es sind Eure Kinder, Eure S\u00f6hne und T\u00f6chter, vor denen Ihr Euch f\u00fcrchtet. Die Schwulen und Lesben wachsen nicht auf dem Feld oder auf B\u00e4umen, und sie werden trotz meist fehlender Vermehrung auch nicht weniger &#8211; uns auszugrenzen ist daher ebenso absurd wie Furcht vor uns.<\/p>\n<p>Ob man Hetero ist oder schwul, kann man sich nicht aussuchen; man wird so geboren, wie man ist. Intoleranz hingegen ist eine Frage der Erziehung &#8211; und jeder von uns hat die Wahl, sie als Erwachsener abzulegen und den Menschen in dieser Welt offen zu begegnen.<\/p>\n<p>Es gr\u00fc\u00dft herzlich<\/p>\n<p>JeanLuc7<\/p>\n<p>P.S.: Erwartungsgem\u00e4\u00df hat sich der CDU-Parteitag gegen die steuerliche Gleichstellung der Lebenspartnerschaften entschieden. Man wartet nun aufs Bundesverfassungsgericht, wird nach dem Urteil emp\u00f6rt aufschreien und dann die Gleichstellung ger\u00e4uschlos umsetzen. Oder man verlegt sich aufs Familiensplitting als neue Variante. Fortsetzung folgt.<\/p>\n<div class=\"twoclick_social_bookmarks_post_1929 social_share_privacy clearfix 1.6.4 locale-de_DE sprite-de_DE\"><\/div><div class=\"twoclick-js\"><script type=\"text\/javascript\">\/* <![CDATA[ *\/\njQuery(document).ready(function($){if($('.twoclick_social_bookmarks_post_1929')){$('.twoclick_social_bookmarks_post_1929').socialSharePrivacy({\"services\":{\"facebook\":{\"status\":\"on\",\"txt_info\":\"2 Klicks f\\u00fcr mehr Datenschutz: Erst wenn Sie hier klicken, wird der Button aktiv und Sie k\\u00f6nnen Ihre Empfehlung an Facebook senden. Schon beim Aktivieren werden Daten an Dritte \\u00fcbertragen - siehe <em>i<\\\/em>.\",\"perma_option\":\"off\",\"action\":\"recommend\",\"language\":\"de_DE\"},\"twitter\":{\"reply_to\":\"\",\"tweet_text\":\"%20Wenn%20das%20Wut-Fass%20%C3%BCberl%C3%A4uft%20%C2%BB%2053%20Cent%20%23CSD%20%23Ewiggestrige%20...\",\"status\":\"on\",\"txt_info\":\"2 Klicks f\\u00fcr mehr Datenschutz: Erst wenn Sie hier klicken, wird der Button aktiv und Sie k\\u00f6nnen Ihre Empfehlung an Twitter senden. Schon beim Aktivieren werden Daten an Dritte \\u00fcbertragen - siehe <em>i<\\\/em>.\",\"perma_option\":\"off\",\"language\":\"de\",\"referrer_track\":\"\"},\"gplus\":{\"status\":\"on\",\"txt_info\":\"2 Klicks f\\u00fcr mehr Datenschutz: Erst wenn Sie hier klicken, wird der Button aktiv und Sie k\\u00f6nnen Ihre Empfehlung an Google+ senden. Schon beim Aktivieren werden Daten an Dritte \\u00fcbertragen - siehe <em>i<\\\/em>.\",\"perma_option\":\"off\",\"referrer_track\":\"\"},\"flattr\":{\"uid\":\"\",\"status\":\"on\",\"the_title\":\"Wenn%20das%20Wut-Fass%20%C3%BCberl%C3%A4uft\",\"the_excerpt\":\"Werte%20Leserinnen%20und%20Leser%2C%0D%0A%0D%0Aich%20hatte%20lange%20Zeit%20gehofft%2C%20keinen%20Artikel%20zur%20steuerlichen%20Gleichstellung%20von%20eingetragenen%20Lebenspartnerschaften%20schreiben%20zu%20m%C3%BCssen.%20Alles%20schien%20gut%20zu%20laufen%3A%20Eine%20sp%C3%A4ter%20als%20%22Wilde%2013%22%20bezeichnete%20Gruppe%20von%20Abgeordneten%20in%20der%20CDU%20hatte%20ohne%20Not%20im%20August%20einen%20Antrag%20erarbeitet%2C%20indem%20eben%20diese%20steuerliche%20Gleichstellung%20gefordert%20wurde%20-%20sofort%20und%20oh%20...\",\"txt_info\":\"2 Klicks f\\u00fcr mehr Datenschutz: Erst wenn Sie hier klicken, wird der Button aktiv und Sie k\\u00f6nnen Ihre Empfehlung an Flattr senden. Schon beim Aktivieren werden Daten an Dritte \\u00fcbertragen - siehe <em>i<\\\/em>.\",\"perma_option\":\"off\"}},\"txt_help\":\"Wenn Sie diese Felder durch einen Klick aktivieren, werden Informationen an Facebook, Twitter, Flattr, Xing, t3n, LinkedIn, Pinterest oder Google eventuell ins Ausland \\u00fcbertragen und unter Umst\\u00e4nden auch dort gespeichert. N\\u00e4heres erfahren Sie durch einen Klick auf das <em>i<\\\/em>.\",\"settings_perma\":\"Dauerhaft aktivieren und Daten\\u00fcber-tragung zustimmen:\",\"info_link\":\"http:\\\/\\\/www.heise.de\\\/ct\\\/artikel\\\/2-Klicks-fuer-mehr-Datenschutz-1333879.html\",\"uri\":\"https:\\\/\\\/www.brennecke.org\\\/?p=1929\",\"post_id\":1929,\"post_title_referrer_track\":\"Wenn+das+Wut-Fass+%C3%BCberl%C3%A4uft\",\"display_infobox\":\"on\"});}});\n\/* ]]> *\/<\/script><\/div>","protected":false},"excerpt":{"rendered":"<p>Werte Leserinnen und Leser, ich hatte lange Zeit gehofft, keinen Artikel zur steuerlichen Gleichstellung von eingetragenen Lebenspartnerschaften schreiben zu m\u00fcssen. Alles schien gut zu laufen: Eine sp\u00e4ter als &#8222;Wilde 13&#8220; bezeichnete Gruppe von Abgeordneten in der CDU hatte ohne Not &hellip; <a href=\"https:\/\/www.brennecke.org\/?p=1929\">Weiterlesen <span class=\"meta-nav\">&rarr;<\/span><\/a><\/p>\n","protected":false},"author":1,"featured_media":0,"comment_status":"closed","ping_status":"open","sticky":false,"template":"","format":"standard","meta":{"footnotes":""},"categories":[1,3,447,17],"tags":[477,475,468,473,469,471,476,467,470,110,479,474,472,478,466,480],"_links":{"self":[{"href":"https:\/\/www.brennecke.org\/index.php?rest_route=\/wp\/v2\/posts\/1929"}],"collection":[{"href":"https:\/\/www.brennecke.org\/index.php?rest_route=\/wp\/v2\/posts"}],"about":[{"href":"https:\/\/www.brennecke.org\/index.php?rest_route=\/wp\/v2\/types\/post"}],"author":[{"embeddable":true,"href":"https:\/\/www.brennecke.org\/index.php?rest_route=\/wp\/v2\/users\/1"}],"replies":[{"embeddable":true,"href":"https:\/\/www.brennecke.org\/index.php?rest_route=%2Fwp%2Fv2%2Fcomments&post=1929"}],"version-history":[{"count":14,"href":"https:\/\/www.brennecke.org\/index.php?rest_route=\/wp\/v2\/posts\/1929\/revisions"}],"predecessor-version":[{"id":1937,"href":"https:\/\/www.brennecke.org\/index.php?rest_route=\/wp\/v2\/posts\/1929\/revisions\/1937"}],"wp:attachment":[{"href":"https:\/\/www.brennecke.org\/index.php?rest_route=%2Fwp%2Fv2%2Fmedia&parent=1929"}],"wp:term":[{"taxonomy":"category","embeddable":true,"href":"https:\/\/www.brennecke.org\/index.php?rest_route=%2Fwp%2Fv2%2Fcategories&post=1929"},{"taxonomy":"post_tag","embeddable":true,"href":"https:\/\/www.brennecke.org\/index.php?rest_route=%2Fwp%2Fv2%2Ftags&post=1929"}],"curies":[{"name":"wp","href":"https:\/\/api.w.org\/{rel}","templated":true}]}}