{"id":1954,"date":"2012-12-18T20:39:30","date_gmt":"2012-12-18T18:39:30","guid":{"rendered":"http:\/\/www.brennecke.org\/?p=1954"},"modified":"2018-05-14T09:04:31","modified_gmt":"2018-05-14T08:04:31","slug":"warum-grose-koalitionen-ein-sicherheitsrisiko-darstellen","status":"publish","type":"post","link":"https:\/\/www.brennecke.org\/?p=1954","title":{"rendered":"Warum Gro\u00dfe Koalitionen ein Sicherheitsrisiko darstellen"},"content":{"rendered":"<p>Werte Leserinnen und Leser,<\/p>\n<p>im kommenden Jahr wird wieder gew\u00e4hlt, und leider ist eine recht wahrscheinliche Konstellation die einer erneuten merkelgef\u00fchrten Gro\u00dfen Koalition zwischen CDU und SPD. Abgesehen davon, dass man l\u00e4ngst nicht mehr so gro\u00df ist wie in den Sechziger Jahren des vorigen Jahrhunderts, als man erstmals antrat, Deutschland sicherer zu machen, ist die Gefahr f\u00fcr die Grundrechte Einzelner deshalb nicht geringer geworden.<\/p>\n<ul>\n<li>Zwischen 1966 und 1969 bastelte die damalige Gro\u00dfe Koalition unter dem Ex-Nazi Kiesinger und dem Vizekanzler Brandt die sogenannten Notstandsgesetze. Drau\u00dfen erhob sich der Widerstand; bei einer Demonstration wurde 1967 der Student Benno Ohnesorg (nach heutigen Erkenntnissen) durch einen Polizeibeamten ermordet. <a href=\"http:\/\/de.wikipedia.org\/wiki\/Deutsche_Notstandsgesetze\">wikipedia<\/a> schreibt dazu:<\/li>\n<\/ul>\n<p style=\"padding-left: 90px;\"><em>&#8222;Doch gerade die festgestellte Unruhe in der Jugend, \u00fcber die am 9. Februar 1968 der Bundestag debattierte, f\u00fchrte auch dazu, dass das Parlament mit gro\u00dfer Mehrheit seine Absicht bekundete, die rechtsstaatliche Ordnung zu sch\u00fctzen und noch vor der Sommerpause die Notstandsverfassung zu verabschieden.&#8220;<\/em><\/p>\n<p style=\"padding-left: 60px;\">So kam es. Die Notstandsgesetze wurden durch eine Verfassungs\u00e4nderung erm\u00f6glicht, und erst Wahlen bereiteten 1969 dem Spuk ein Ende.<\/p>\n<ul>\n<li>Zwischen 2006-2009 schaffte es die Gro\u00dfe Koalition unter Kanzlerin Merkel, noch weit mehr Einschr\u00e4nkungen der pers\u00f6nlichen Freiheit zu beschlie\u00dfen:\n<ul>\n<li>Die von der rot-gr\u00fcnen Koalition im Schatten des 9-11-Terroranschlags auf das New Yorker World Trade Center erlassenen Sicherheitsgesetze wurden ohne konkrete Bedrohungslage und ohne Debatte verl\u00e4ngert.<\/li>\n<li>Das <a href=\"http:\/\/de.wikipedia.org\/wiki\/BKA-Gesetz\">BKA-Gesetz<\/a> schaffte die Grundlagen f\u00fcr den sogenannten Bundestrojaner. Nationale Sicherheitsbeh\u00f6rden d\u00fcrfen seitdem endlich legal in unsere Computer eindringen. In den letzten Jahren zeigte sich, dass die Trojaner <a href=\"http:\/\/www.heise.de\/newsticker\/meldung\/Bayerntrojaner-Datenschuetzer-sieht-gravierende-Maengel-bei-TK-Ueberwachung-1658814.html\">weit mehr k\u00f6nnen als erlaubt<\/a> &#8211; und sie werden auch nicht zum Zwecke der Terrorbek\u00e4mpfung eingesetzt, sondern f\u00fcr die &#8222;normale&#8220; Verbrechensbek\u00e4mpfung. Eine Klage gegen das BKA-Gesetz ist beim BVerfG anh\u00e4ngig.<\/li>\n<li>Die <a href=\"http:\/\/de.wikipedia.org\/wiki\/Vorratsdatenspeicherung\">Vorratsdatenspeicherung<\/a>, besser: die Erfassung s\u00e4mtlicher Bewegungen und Aktionen elektronisch vernetzter Ger\u00e4te wie Telefone und Computer ohne jeglichen Anlass war ein besonderes Highlight. Der Ball wurde von der deutschen Innenministerkonferenz \u00fcber Bande nach Br\u00fcssel zum dortigen Sicherheitskommissar gespielt und kam von dort in Form einer Richtlinie f\u00fcr alle EU-Staaten zur\u00fcck, die man nur noch in Gesetzesform gie\u00dfen musste &#8211; verfassungswidrig jedoch bis heute.<\/li>\n<li>Das <a href=\"http:\/\/de.wikipedia.org\/wiki\/Zugangserschwerungsgesetz\">Zugangserschwerungsgesetz<\/a> &#8211; angeblich nur zur Eind\u00e4mmung von Kinderpornographie gedacht, sehr schnell aber als Vehikel f\u00fcr Internetsperren aller Art erkannt, wurde im Sommer 2009 noch kurz vor der Wahl verabschiedet und kam aufgrund seiner besonderen Absurdit\u00e4t gar nicht erst zum Einsatz. Es wurde 2011 wieder abgeschafft.<\/li>\n<\/ul>\n<\/li>\n<\/ul>\n<p>Und nun sitzt da in Sachsen-Anhalt auch eine Gro\u00dfe Koalition, die sich im Handstreich gern das umfangreichste Polizeigesetz geben m\u00f6chte, das wir seit der Erfindung des freiheitlich-demokratischen Rechtsstaats gesehen haben. Schauen wir einmal, was die Polizei in Sachsen-Anhalt zuk\u00fcnftig alles so d\u00fcrfen soll, ohne dass ein Richter oder eine andere unabh\u00e4ngige Instanz der Justiz befragt werden muss:<\/p>\n<ul>\n<li>Verd\u00e4chtige Personen sollen einem AIDS- und Hepatitis-Zwangstest unterzogen werden &#8211; insbesondere, wenn er aus einem Risikomilieu kommt, zu dem die Gesetzesdichter auch die Bekanntschaft mit HIV-positiven Personen z\u00e4hlen. Dies diene der Sicherheit der Beamten. Bisher galt dies jedoch als K\u00f6rperverletzung des B\u00fcrgers.<\/li>\n<li>Die Polizei soll zur &#8222;Abwehr einer gegenw\u00e4rtigen Gefahr f\u00fcr den Bestand oder die Sicherheit des Bundes oder eines Landes oder f\u00fcr Leib, Leben oder Freiheit einer Person&#8220; das Handynetz lokal abschalten k\u00f6nnen. Abgesehen davon, dass dann keine Notrufe mehr abgesendet werden k\u00f6nnen, ist dies ein tiefer Eingriff in die Telekommunikationsfreiheit. Der Innenminister Holger Stahlknecht (der hei\u00dft wirklich so) beschwichtigte und erkl\u00e4rte, niemand habe die Absicht, <del>eine Mauer zu bauen<\/del> das Netz bei Demonstrationen abzuschalten. Es gehe nur um ferngez\u00fcndete Bomben. Andere Bundesl\u00e4nder geben sich diese Freiheit ebenfalls, allerdings erst nach Freigabe durch einen richterlichen Beschluss und mit einer Beschr\u00e4nkung auf Leib, Leben von Personen in besonders schweren F\u00e4llen.<\/li>\n<li>Nat\u00fcrlich gibt man sich auch wieder das weit gefasste Recht zur Erhebung von Telekommunikations- und Standortdaten. Dabei wird auch vor der (verbotenen) Aufzeichnung privater Daten nicht Halt gemacht, denn diese k\u00f6nnten ja in einer anderen Sprache gef\u00fchrt worden sein. Sie m\u00fcssten dann nachtr\u00e4glich manuell gel\u00f6scht werden &#8211; was letztlich auf das Abh\u00f6ren oder Ansehen von eigentlich unzul\u00e4ssigen Aufzeichnungen hinausl\u00e4uft.<\/li>\n<li>Hinzu kommen Befugnisse zum Orten von suizidgef\u00e4hrdeten oder hilflosen Personen mithilfe eines IMSI-Catchers, zum Anfertigen von Videoaufzeichnungen zur Eigensicherung von Vollzugsbeamten &#8222;bei Anhalte- und Kontrollsituationen&#8220; oder zum Anordnen von DNA-Analysen zur Identifizierung von hilflosen Personen und Toten und einiges mehr.<\/li>\n<\/ul>\n<p>Gro\u00dfe Koalitionen haben einen Hang zur Versch\u00e4rfung von Sicherheitsgesetzen und zur Einschr\u00e4nkung pers\u00f6nlicher Freiheiten. Einerseits sind gro\u00dfe Mehrheiten vorhanden, die mal eben sogar Verfassungen \u00e4ndern k\u00f6nnen. Zum anderen sind im Spannungskreis um Wirtschafts- und Sozialpolitik zwischen Links und Rechts so viele Kompromisse erforderlich, dass die Freiheiten der B\u00fcrger dabei regelm\u00e4\u00dfig unter die R\u00e4der geraten und als Verhandlungsmasse verramscht werden. Nie sah die Republik bessere Zeiten f\u00fcr scharfe Innenminister als bei Gro\u00dfen Koalitionen.<\/p>\n<p>Es ist heute noch zu fr\u00fch f\u00fcr eine Wahlempfehlung f\u00fcr die Bundestagswahl, aber jene in Niedersachsen im Januar steht bereits vor der T\u00fcr. Wer keine Gro\u00dfe Koalition will, muss daher Gr\u00fcn oder &#8211; ich sage es ungern, aber man muss eben auch an die andere Seite denken &#8211; Gelb w\u00e4hlen &#8211; nicht Knallrot, nicht Orange und nat\u00fcrlich nicht Braun. Ich mag mir gar nicht ausmalen, wozu 2013-2017 eine Merkel-Steinmeier-Wiederauflage f\u00e4hig w\u00e4re&#8230;<\/p>\n<p>Es gr\u00fc\u00dft herzlich<\/p>\n<p>Ihr JeanLuc7<\/p>\n<p>P.S.: Wer das ganze \u00fcble Gesetz der Sachsen-Anhaltiner lesen m\u00f6chte, findet es <a href=\"http:\/\/www.landtag.sachsen-anhalt.de\/intra\/landtag3\/ltpapier\/drs\/6\/d1253lge_6.pdf\">hier<\/a>.<\/p>\n<p>&nbsp;<\/p>\n<p>&nbsp;<\/p>\n<p style=\"padding-left: 30px;\">\n<div class=\"twoclick_social_bookmarks_post_1954 social_share_privacy clearfix 1.6.4 locale-de_DE sprite-de_DE\"><\/div><div class=\"twoclick-js\"><script type=\"text\/javascript\">\/* <![CDATA[ *\/\njQuery(document).ready(function($){if($('.twoclick_social_bookmarks_post_1954')){$('.twoclick_social_bookmarks_post_1954').socialSharePrivacy({\"services\":{\"facebook\":{\"status\":\"on\",\"txt_info\":\"2 Klicks f\\u00fcr mehr Datenschutz: Erst wenn Sie hier klicken, wird der Button aktiv und Sie k\\u00f6nnen Ihre Empfehlung an Facebook senden. Schon beim Aktivieren werden Daten an Dritte \\u00fcbertragen - siehe <em>i<\\\/em>.\",\"perma_option\":\"off\",\"action\":\"recommend\",\"language\":\"de_DE\"},\"twitter\":{\"reply_to\":\"\",\"tweet_text\":\"%20Warum%20Gro%C3%9Fe%20Koalitionen%20ein%20Sicherheitsrisiko%20darstellen%20%C2%BB%2053%20Cent%20...\",\"status\":\"on\",\"txt_info\":\"2 Klicks f\\u00fcr mehr Datenschutz: Erst wenn Sie hier klicken, wird der Button aktiv und Sie k\\u00f6nnen Ihre Empfehlung an Twitter senden. Schon beim Aktivieren werden Daten an Dritte \\u00fcbertragen - siehe <em>i<\\\/em>.\",\"perma_option\":\"off\",\"language\":\"de\",\"referrer_track\":\"\"},\"gplus\":{\"status\":\"on\",\"txt_info\":\"2 Klicks f\\u00fcr mehr Datenschutz: Erst wenn Sie hier klicken, wird der Button aktiv und Sie k\\u00f6nnen Ihre Empfehlung an Google+ senden. Schon beim Aktivieren werden Daten an Dritte \\u00fcbertragen - siehe <em>i<\\\/em>.\",\"perma_option\":\"off\",\"referrer_track\":\"\"},\"flattr\":{\"uid\":\"\",\"status\":\"on\",\"the_title\":\"Warum%20Gro%C3%9Fe%20Koalitionen%20ein%20Sicherheitsrisiko%20darstellen\",\"the_excerpt\":\"Werte%20Leserinnen%20und%20Leser%2C%0D%0A%0D%0Aim%20kommenden%20Jahr%20wird%20wieder%20gew%C3%A4hlt%2C%20und%20leider%20ist%20eine%20recht%20wahrscheinliche%20Konstellation%20die%20einer%20erneuten%20merkelgef%C3%BChrten%20Gro%C3%9Fen%20Koalition%20zwischen%20CDU%20und%20SPD.%20Abgesehen%20davon%2C%20dass%20man%20l%C3%A4ngst%20nicht%20mehr%20so%20gro%C3%9F%20ist%20wie%20in%20den%20Sechziger%20Jahren%20des%20vorigen%20Jahrhunderts%2C%20als%20man%20erstmals%20antrat%2C%20Deutschland%20sicherer%20zu%20machen%2C%20ist%20die%20Gefahr%20f%C3%BCr%20die%20Grundr%20...\",\"txt_info\":\"2 Klicks f\\u00fcr mehr Datenschutz: Erst wenn Sie hier klicken, wird der Button aktiv und Sie k\\u00f6nnen Ihre Empfehlung an Flattr senden. Schon beim Aktivieren werden Daten an Dritte \\u00fcbertragen - siehe <em>i<\\\/em>.\",\"perma_option\":\"off\"}},\"txt_help\":\"Wenn Sie diese Felder durch einen Klick aktivieren, werden Informationen an Facebook, Twitter, Flattr, Xing, t3n, LinkedIn, Pinterest oder Google eventuell ins Ausland \\u00fcbertragen und unter Umst\\u00e4nden auch dort gespeichert. N\\u00e4heres erfahren Sie durch einen Klick auf das <em>i<\\\/em>.\",\"settings_perma\":\"Dauerhaft aktivieren und Daten\\u00fcber-tragung zustimmen:\",\"info_link\":\"http:\\\/\\\/www.heise.de\\\/ct\\\/artikel\\\/2-Klicks-fuer-mehr-Datenschutz-1333879.html\",\"uri\":\"https:\\\/\\\/www.brennecke.org\\\/?p=1954\",\"post_id\":1954,\"post_title_referrer_track\":\"Warum+Gro%C3%9Fe+Koalitionen+ein+Sicherheitsrisiko+darstellen\",\"display_infobox\":\"on\"});}});\n\/* ]]> *\/<\/script><\/div>","protected":false},"excerpt":{"rendered":"<p>Werte Leserinnen und Leser, im kommenden Jahr wird wieder gew\u00e4hlt, und leider ist eine recht wahrscheinliche Konstellation die einer erneuten merkelgef\u00fchrten Gro\u00dfen Koalition zwischen CDU und SPD. Abgesehen davon, dass man l\u00e4ngst nicht mehr so gro\u00df ist wie in den &hellip; <a href=\"https:\/\/www.brennecke.org\/?p=1954\">Weiterlesen <span class=\"meta-nav\">&rarr;<\/span><\/a><\/p>\n","protected":false},"author":1,"featured_media":0,"comment_status":"closed","ping_status":"open","sticky":false,"template":"","format":"standard","meta":{"footnotes":""},"categories":[1,3,17],"tags":[455,453,109,450,451,110,454,449,448,452,141,456],"_links":{"self":[{"href":"https:\/\/www.brennecke.org\/index.php?rest_route=\/wp\/v2\/posts\/1954"}],"collection":[{"href":"https:\/\/www.brennecke.org\/index.php?rest_route=\/wp\/v2\/posts"}],"about":[{"href":"https:\/\/www.brennecke.org\/index.php?rest_route=\/wp\/v2\/types\/post"}],"author":[{"embeddable":true,"href":"https:\/\/www.brennecke.org\/index.php?rest_route=\/wp\/v2\/users\/1"}],"replies":[{"embeddable":true,"href":"https:\/\/www.brennecke.org\/index.php?rest_route=%2Fwp%2Fv2%2Fcomments&post=1954"}],"version-history":[{"count":6,"href":"https:\/\/www.brennecke.org\/index.php?rest_route=\/wp\/v2\/posts\/1954\/revisions"}],"predecessor-version":[{"id":3759,"href":"https:\/\/www.brennecke.org\/index.php?rest_route=\/wp\/v2\/posts\/1954\/revisions\/3759"}],"wp:attachment":[{"href":"https:\/\/www.brennecke.org\/index.php?rest_route=%2Fwp%2Fv2%2Fmedia&parent=1954"}],"wp:term":[{"taxonomy":"category","embeddable":true,"href":"https:\/\/www.brennecke.org\/index.php?rest_route=%2Fwp%2Fv2%2Fcategories&post=1954"},{"taxonomy":"post_tag","embeddable":true,"href":"https:\/\/www.brennecke.org\/index.php?rest_route=%2Fwp%2Fv2%2Ftags&post=1954"}],"curies":[{"name":"wp","href":"https:\/\/api.w.org\/{rel}","templated":true}]}}