{"id":1957,"date":"2012-12-18T20:39:16","date_gmt":"2012-12-18T18:39:16","guid":{"rendered":"http:\/\/www.brennecke.org\/?p=1957"},"modified":"2018-05-14T09:04:31","modified_gmt":"2018-05-14T08:04:31","slug":"zwischenspiel-wozu-videorecorder-gut-sind","status":"publish","type":"post","link":"https:\/\/www.brennecke.org\/?p=1957","title":{"rendered":"Zwischenspiel: Wozu Videorecorder gut sind"},"content":{"rendered":"<p>Liebe Deutsche Bahn,<\/p>\n<p>ich verstehe gut, dass Ihr nicht jede Ecke der Bahnh\u00f6fe mit Videokameras ausleuchten wollt &#8211; au\u00dfer den deutschen <del>Sicherheitsfanatikern<\/del> Sicherheitspolitikern Krings, Uhl, Bosbach und den anderen \u00fcblichen Verd\u00e4chtigen will das niemand.<\/p>\n<p>Dennoch: manchmal sind Kameras sinnvoll, und wenn sie denn schon montiert sind, dann sollten sie vor allem eines k\u00f6nnen: das gesehene Geschehen f\u00fcr einen gewissen Zeitraum aufzeichnen. Denn wenn die Kameras Gewalttaten und Verbrechen schon nicht verhindern k\u00f6nnen, so k\u00f6nnen sie doch zur schnellen Aufkl\u00e4rung beitragen.<\/p>\n<p>Wenn Kameras <a href=\"http:\/\/www.tagesspiegel.de\/politik\/drei-verdaechtige-nach-bonner-bombenfund-bahn-und-polizei-streiten-sich-um-fehlende-videobilder\/7528864.html\">wie zuletzt in Bonn<\/a> hingegen ihr Bild nur auf einen Monitor projizieren und das Bild danach verloren ist, k\u00f6nnt Ihr sie auch gleich abmontieren &#8211; was glaubt Ihr, wie intensiv Eure Wachleute sich die Monitore Stunde f\u00fcr Stunde, Tag f\u00fcr Tag ansehen? Wenn dann f\u00fcr fehlende Aufzeichnungskapazit\u00e4ten auch noch die Begr\u00fcndung gegeben wird, man habe von der Bundespolizei keinen Auftrag dazu und sowieso kein Geld, wird es vollends absurd.<\/p>\n<p>Falls es hilft: Ich h\u00e4tte noch den einen oder anderen alten Videorecorder abzugeben. Der passt bestimmt zu Eurer alten Kameratechnik, und VHS-B\u00e4nder sind nun wirklich billig bei ALDI an der Kasse zu erwerben. Dann m\u00fcsst Ihr nicht mehr bei McDonalds anstehen und dort nach Aufzeichnungen fragen. Ist ja auch ein bisschen peinlich, oder?<\/p>\n<p>Es gr\u00fc\u00dft<\/p>\n<p>Euer JL7<\/p>\n<p>&nbsp;<\/p>\n<div class=\"twoclick_social_bookmarks_post_1957 social_share_privacy clearfix 1.6.4 locale-de_DE sprite-de_DE\"><\/div><div class=\"twoclick-js\"><script type=\"text\/javascript\">\/* <![CDATA[ *\/\njQuery(document).ready(function($){if($('.twoclick_social_bookmarks_post_1957')){$('.twoclick_social_bookmarks_post_1957').socialSharePrivacy({\"services\":{\"facebook\":{\"status\":\"on\",\"txt_info\":\"2 Klicks f\\u00fcr mehr Datenschutz: Erst wenn Sie hier klicken, wird der Button aktiv und Sie k\\u00f6nnen Ihre Empfehlung an Facebook senden. Schon beim Aktivieren werden Daten an Dritte \\u00fcbertragen - siehe <em>i<\\\/em>.\",\"perma_option\":\"off\",\"action\":\"recommend\",\"language\":\"de_DE\"},\"twitter\":{\"reply_to\":\"\",\"tweet_text\":\"%20Zwischenspiel%3A%20Wozu%20Videorecorder%20gut%20sind%20%C2%BB%2053%20Cent%20%23Bahn%20%23Bosbach%20...\",\"status\":\"on\",\"txt_info\":\"2 Klicks f\\u00fcr mehr Datenschutz: Erst wenn Sie hier klicken, wird der Button aktiv und Sie k\\u00f6nnen Ihre Empfehlung an Twitter senden. Schon beim Aktivieren werden Daten an Dritte \\u00fcbertragen - siehe <em>i<\\\/em>.\",\"perma_option\":\"off\",\"language\":\"de\",\"referrer_track\":\"\"},\"gplus\":{\"status\":\"on\",\"txt_info\":\"2 Klicks f\\u00fcr mehr Datenschutz: Erst wenn Sie hier klicken, wird der Button aktiv und Sie k\\u00f6nnen Ihre Empfehlung an Google+ senden. Schon beim Aktivieren werden Daten an Dritte \\u00fcbertragen - siehe <em>i<\\\/em>.\",\"perma_option\":\"off\",\"referrer_track\":\"\"},\"flattr\":{\"uid\":\"\",\"status\":\"on\",\"the_title\":\"Zwischenspiel%3A%20Wozu%20Videorecorder%20gut%20sind\",\"the_excerpt\":\"Liebe%20Deutsche%20Bahn%2C%0D%0A%0D%0Aich%20verstehe%20gut%2C%20dass%20Ihr%20nicht%20jede%20Ecke%20der%20Bahnh%C3%B6fe%20mit%20Videokameras%20ausleuchten%20wollt%20-%20au%C3%9Fer%20den%20deutschen%20Sicherheitsfanatikern%20Sicherheitspolitikern%20Krings%2C%20Uhl%2C%20Bosbach%20und%20den%20anderen%20%C3%BCblichen%20Verd%C3%A4chtigen%20will%20das%20niemand.%0D%0A%0D%0ADennoch%3A%20manchmal%20sind%20Kameras%20sinnvoll%2C%20und%20wenn%20sie%20denn%20schon%20montiert%20sind%2C%20dann%20sollten%20sie%20vor%20allem%20eines%20k%C3%B6nnen%3A%20das%20gesehene%20G%20...\",\"txt_info\":\"2 Klicks f\\u00fcr mehr Datenschutz: Erst wenn Sie hier klicken, wird der Button aktiv und Sie k\\u00f6nnen Ihre Empfehlung an Flattr senden. Schon beim Aktivieren werden Daten an Dritte \\u00fcbertragen - siehe <em>i<\\\/em>.\",\"perma_option\":\"off\"}},\"txt_help\":\"Wenn Sie diese Felder durch einen Klick aktivieren, werden Informationen an Facebook, Twitter, Flattr, Xing, t3n, LinkedIn, Pinterest oder Google eventuell ins Ausland \\u00fcbertragen und unter Umst\\u00e4nden auch dort gespeichert. N\\u00e4heres erfahren Sie durch einen Klick auf das <em>i<\\\/em>.\",\"settings_perma\":\"Dauerhaft aktivieren und Daten\\u00fcber-tragung zustimmen:\",\"info_link\":\"http:\\\/\\\/www.heise.de\\\/ct\\\/artikel\\\/2-Klicks-fuer-mehr-Datenschutz-1333879.html\",\"uri\":\"https:\\\/\\\/www.brennecke.org\\\/?p=1957\",\"post_id\":1957,\"post_title_referrer_track\":\"Zwischenspiel%3A+Wozu+Videorecorder+gut+sind\",\"display_infobox\":\"on\"});}});\n\/* ]]> *\/<\/script><\/div>","protected":false},"excerpt":{"rendered":"<p>Liebe Deutsche Bahn, ich verstehe gut, dass Ihr nicht jede Ecke der Bahnh\u00f6fe mit Videokameras ausleuchten wollt &#8211; au\u00dfer den deutschen Sicherheitsfanatikern Sicherheitspolitikern Krings, Uhl, Bosbach und den anderen \u00fcblichen Verd\u00e4chtigen will das niemand. Dennoch: manchmal sind Kameras sinnvoll, und &hellip; <a href=\"https:\/\/www.brennecke.org\/?p=1957\">Weiterlesen <span class=\"meta-nav\">&rarr;<\/span><\/a><\/p>\n","protected":false},"author":1,"featured_media":0,"comment_status":"closed","ping_status":"open","sticky":false,"template":"","format":"standard","meta":{"footnotes":""},"categories":[1,3,4],"tags":[457,263,462,461,262,460,459,218,458],"_links":{"self":[{"href":"https:\/\/www.brennecke.org\/index.php?rest_route=\/wp\/v2\/posts\/1957"}],"collection":[{"href":"https:\/\/www.brennecke.org\/index.php?rest_route=\/wp\/v2\/posts"}],"about":[{"href":"https:\/\/www.brennecke.org\/index.php?rest_route=\/wp\/v2\/types\/post"}],"author":[{"embeddable":true,"href":"https:\/\/www.brennecke.org\/index.php?rest_route=\/wp\/v2\/users\/1"}],"replies":[{"embeddable":true,"href":"https:\/\/www.brennecke.org\/index.php?rest_route=%2Fwp%2Fv2%2Fcomments&post=1957"}],"version-history":[{"count":4,"href":"https:\/\/www.brennecke.org\/index.php?rest_route=\/wp\/v2\/posts\/1957\/revisions"}],"predecessor-version":[{"id":3760,"href":"https:\/\/www.brennecke.org\/index.php?rest_route=\/wp\/v2\/posts\/1957\/revisions\/3760"}],"wp:attachment":[{"href":"https:\/\/www.brennecke.org\/index.php?rest_route=%2Fwp%2Fv2%2Fmedia&parent=1957"}],"wp:term":[{"taxonomy":"category","embeddable":true,"href":"https:\/\/www.brennecke.org\/index.php?rest_route=%2Fwp%2Fv2%2Fcategories&post=1957"},{"taxonomy":"post_tag","embeddable":true,"href":"https:\/\/www.brennecke.org\/index.php?rest_route=%2Fwp%2Fv2%2Ftags&post=1957"}],"curies":[{"name":"wp","href":"https:\/\/api.w.org\/{rel}","templated":true}]}}