{"id":2053,"date":"2013-01-08T12:36:38","date_gmt":"2013-01-08T10:36:38","guid":{"rendered":"http:\/\/www.brennecke.org\/?p=2053"},"modified":"2018-05-14T09:04:31","modified_gmt":"2018-05-14T08:04:31","slug":"kampf-der-titanen-und-alle-auf-die-kleinen","status":"publish","type":"post","link":"https:\/\/www.brennecke.org\/?p=2053","title":{"rendered":"Kampf der Titanen &#8211; und alle auf die Kleinen"},"content":{"rendered":"<p>Werte Leserinnen und Leser,<\/p>\n<p>In den letzten Tagen ist der seit Monaten schwelende Streit um die Einspeiseentgelte zwischen den \u00d6ffentlich-rechtlichen Rundfunkanstalten (\u00d6R) und der Kabel Deutschland GmbH eskaliert. Kabel Deutschland (KDG) hat nun mitgeteilt,<a href=\"http:\/\/www.heise.de\/newsticker\/meldung\/Kabel-Deutschland-beschneidet-digitales-oeffentlich-rechtliches-TV-Angebot-1778622.html\"> ab dieser Woche die Bitraten der eingespeisten \u00f6ffentlich-rechtlichen Sender zu verringern<\/a> und regionale Sender teilweise nicht mehr einzuspeisen. Das bedeutet ein schlechteres Bild und weniger Sender zum selben Preis wie bisher. Man kennt das aus der Lebensmittelindustrie.<\/p>\n<p>Worum geht es? Die \u00d6R haben einen Vertrag gek\u00fcndigt, der den Kabelgesellschaften j\u00e4hrlich 60 Millionen einbrachte &#8211; in diesem Vertrag wurde geregelt, was die \u00d6R zu zahlen haben, damit ihre Angebote im Kabel zu sehen sind. Im vergangen Jahr nun haben die \u00d6R festgestellt, dass eine Zwangsverpflichtung zur Verbreitung ihrer Programme besteht &#8211; und meinen daher, nun nichts mehr zahlen zu m\u00fcssen. KDG hingegen meint, eine Zwangsverpflichtung zur Verbreitung ziehe auch eine Zahlungsverpflichtung nach sich. Beide Argumente sind verst\u00e4ndlich, weshalb wohl ein Gericht wird entscheiden m\u00fcssen.<\/p>\n<p>Nun hat jedoch <a href=\"http:\/\/www.tagesschau.de\/wirtschaft\/streit-mit-kabel-deutschland100.html\">Walther Kehr, beim MDR als Pressesprecher und Leiter der Hauptabteilung Kommunikation besch\u00e4ftigt<\/a>, den Vorgang eingesch\u00e4tzt als &#8222;<em>freie unternehmerische Entscheidung eines Anbieters, der im Wettbewerb steht<\/em>&#8222;. Zudem gebe es zahlreiche andere Anbieter, sodass &#8222;<em>gen\u00fcgend Empfangsalternativen f\u00fcr die Zuschauer zur Verf\u00fcgung stehen<\/em>&#8222;.<\/p>\n<p>Offenbar ist Herr Kehr kein intimer Kenner des deutschen Kabel-TV-Marktes. Sicherlich wohnt Herr Kehr nicht in einer durch den Vermieter verkabelten Mietwohnung, denn dort sind Empfangsalternativen mit gleicher oder besserer Qualit\u00e4t schlicht nicht gegeben. Eine Satellitensch\u00fcssel darf der Mieter nicht montieren, IP-TV ist technisch bedingt in vielen Wohngebieten nicht verf\u00fcgbar, und DVB-T wird man wohl kaum als Alternative bezeichnen wollen, da dort die Qualit\u00e4t noch schlechter und das Senderangebot erheblich geringer ist \u2013 das mag man sich auf heutigen Gro\u00dfbildfernsehern nicht mehr antun.<\/p>\n<p>Tats\u00e4chlich ist nicht zu erkennen, dass Kabel Deutschland bei der Mehrzahl der zwangsverkabelten Miethaushalte in Deutschland in irgendeinem Wettbewerb steht \u2013 ein Anbieterwechsel etwa zu UnityMedia oder KabelBW ist nur durch einen Wohnortwechsel (und nicht etwa innerhalb einer Stadt) m\u00f6glich und liegt daher wohl au\u00dferhalb der denkbaren Alternativen.<\/p>\n<p>Ich bin kein Freund der Vermarktungsstrategien der KDG. Deren <a href=\"http:\/\/www.digitalfernsehen.de\/Kabel-Deutschland-Grundverschluesselung-bleibt-bis-auf-weiteres.96414.0.html\">bockiges Festhalten an der Grundverschl\u00fcsselung digitaler Sender<\/a> ist nach wie vor einer der gr\u00f6\u00dften Hemmschuhe beim Umstieg auf digitales Fernsehen und hat zudem den freien Receivermarkt im Kabelbereich praktisch ausgehebelt. Dennoch: Als Zwangszahler einer Haushaltsabgabe an die \u00d6ffentlich-rechtlichen Rundfunkanstalten erwarte ich als Kunde, deren Leistungen in technisch bester Qualit\u00e4t pr\u00e4sentiert zu bekommen. Wenn hierf\u00fcr ein kleiner Teil meiner Haushaltsabgabe verwendet wird, halte ich dies f\u00fcr absolut akzeptabel.<\/p>\n<p>Ich verstehe auch den Wunsch der \u00d6ffentlich-rechtlichen Rundfunkanstalten, nicht f\u00fcr etwas zu zahlen, was gesetzlich sowieso verbreitet werden muss. Die Aussage des Herrn Kehr macht sich aber nun die Argumentation der KDG zu eigen und verfolgt nicht einmal im Ansatz die Interessen der Zuschauer. Ein &#8222;<em>Das ist deren Entscheidung und der Kunde hat ja Alternativen<\/em>&#8220; funktioniert vielleicht in einem echten Markt \u2013 der Kabelmarkt besteht aber aus lokal aufgeteilten Monopolen ohne echte qualitative Alternative.<\/p>\n<p>Liebe \u00d6ffentlich-rechtlichen Rundfunkanstalten: bitte f\u00fchren Sie diesen Kampf bilateral mit KDG und lassen Sie nicht zu, dass wir Kunden die leidenden Dritten sind \u2013 auch nicht tempor\u00e4r. Ich zahle meine Haushaltsabgabe gern \u2013 aber ich erwarte auch, dass die Leistung stimmt, die ich daf\u00fcr erhalte \u2013 inhaltlich, aber auch in der technischen Qualit\u00e4t.<\/p>\n<p>Und, liebe \u00d6R&#8217;s, pr\u00fcfen Sie bitte zuk\u00fcnftig sorgf\u00e4ltig, welche Meinungen und Ansichten Ihre Pressesprecher verbreiten. Manchmal ist es besser, nicht zu reagieren.<\/p>\n<p>Es gr\u00fc\u00dft herzlich,<\/p>\n<p>Ihr JeanLuc7<\/p>\n<div class=\"twoclick_social_bookmarks_post_2053 social_share_privacy clearfix 1.6.4 locale-de_DE sprite-de_DE\"><\/div><div class=\"twoclick-js\"><script type=\"text\/javascript\">\/* <![CDATA[ *\/\njQuery(document).ready(function($){if($('.twoclick_social_bookmarks_post_2053')){$('.twoclick_social_bookmarks_post_2053').socialSharePrivacy({\"services\":{\"facebook\":{\"status\":\"on\",\"txt_info\":\"2 Klicks f\\u00fcr mehr Datenschutz: Erst wenn Sie hier klicken, wird der Button aktiv und Sie k\\u00f6nnen Ihre Empfehlung an Facebook senden. Schon beim Aktivieren werden Daten an Dritte \\u00fcbertragen - siehe <em>i<\\\/em>.\",\"perma_option\":\"off\",\"action\":\"recommend\",\"language\":\"de_DE\"},\"twitter\":{\"reply_to\":\"\",\"tweet_text\":\"%20Kampf%20der%20Titanen%20%E2%80%93%20und%20alle%20auf%20die%20Kleinen%20%C2%BB%2053%20Cent%20%23Alternativen%20...\",\"status\":\"on\",\"txt_info\":\"2 Klicks f\\u00fcr mehr Datenschutz: Erst wenn Sie hier klicken, wird der Button aktiv und Sie k\\u00f6nnen Ihre Empfehlung an Twitter senden. Schon beim Aktivieren werden Daten an Dritte \\u00fcbertragen - siehe <em>i<\\\/em>.\",\"perma_option\":\"off\",\"language\":\"de\",\"referrer_track\":\"\"},\"gplus\":{\"status\":\"on\",\"txt_info\":\"2 Klicks f\\u00fcr mehr Datenschutz: Erst wenn Sie hier klicken, wird der Button aktiv und Sie k\\u00f6nnen Ihre Empfehlung an Google+ senden. Schon beim Aktivieren werden Daten an Dritte \\u00fcbertragen - siehe <em>i<\\\/em>.\",\"perma_option\":\"off\",\"referrer_track\":\"\"},\"flattr\":{\"uid\":\"\",\"status\":\"on\",\"the_title\":\"Kampf%20der%20Titanen%20%26%238211%3B%20und%20alle%20auf%20die%20Kleinen\",\"the_excerpt\":\"Werte%20Leserinnen%20und%20Leser%2C%0D%0A%0D%0AIn%20den%20letzten%20Tagen%20ist%20der%20seit%20Monaten%20schwelende%20Streit%20um%20die%20Einspeiseentgelte%20zwischen%20den%20%C3%96ffentlich-rechtlichen%20Rundfunkanstalten%20%28%C3%96R%29%20und%20der%20Kabel%20Deutschland%20GmbH%20eskaliert.%20Kabel%20Deutschland%20%28KDG%29%20hat%20nun%20mitgeteilt%2C%20ab%20dieser%20Woche%20die%20Bitraten%20der%20eingespeisten%20%C3%B6ffentlich-rechtlichen%20Sender%20zu%20verringern%20und%20regionale%20Sender%20teilweise%20nicht%20mehr%20ei%20...\",\"txt_info\":\"2 Klicks f\\u00fcr mehr Datenschutz: Erst wenn Sie hier klicken, wird der Button aktiv und Sie k\\u00f6nnen Ihre Empfehlung an Flattr senden. Schon beim Aktivieren werden Daten an Dritte \\u00fcbertragen - siehe <em>i<\\\/em>.\",\"perma_option\":\"off\"}},\"txt_help\":\"Wenn Sie diese Felder durch einen Klick aktivieren, werden Informationen an Facebook, Twitter, Flattr, Xing, t3n, LinkedIn, Pinterest oder Google eventuell ins Ausland \\u00fcbertragen und unter Umst\\u00e4nden auch dort gespeichert. N\\u00e4heres erfahren Sie durch einen Klick auf das <em>i<\\\/em>.\",\"settings_perma\":\"Dauerhaft aktivieren und Daten\\u00fcber-tragung zustimmen:\",\"info_link\":\"http:\\\/\\\/www.heise.de\\\/ct\\\/artikel\\\/2-Klicks-fuer-mehr-Datenschutz-1333879.html\",\"uri\":\"https:\\\/\\\/www.brennecke.org\\\/?p=2053\",\"post_id\":2053,\"post_title_referrer_track\":\"Kampf+der+Titanen+%26%238211%3B+und+alle+auf+die+Kleinen\",\"display_infobox\":\"on\"});}});\n\/* ]]> *\/<\/script><\/div>","protected":false},"excerpt":{"rendered":"<p>Werte Leserinnen und Leser, In den letzten Tagen ist der seit Monaten schwelende Streit um die Einspeiseentgelte zwischen den \u00d6ffentlich-rechtlichen Rundfunkanstalten (\u00d6R) und der Kabel Deutschland GmbH eskaliert. Kabel Deutschland (KDG) hat nun mitgeteilt, ab dieser Woche die Bitraten der &hellip; <a href=\"https:\/\/www.brennecke.org\/?p=2053\">Weiterlesen <span class=\"meta-nav\">&rarr;<\/span><\/a><\/p>\n","protected":false},"author":1,"featured_media":0,"comment_status":"closed","ping_status":"open","sticky":false,"template":"","format":"standard","meta":{"footnotes":""},"categories":[1,4,17],"tags":[485,483,486,484,221,482,481,488,487],"_links":{"self":[{"href":"https:\/\/www.brennecke.org\/index.php?rest_route=\/wp\/v2\/posts\/2053"}],"collection":[{"href":"https:\/\/www.brennecke.org\/index.php?rest_route=\/wp\/v2\/posts"}],"about":[{"href":"https:\/\/www.brennecke.org\/index.php?rest_route=\/wp\/v2\/types\/post"}],"author":[{"embeddable":true,"href":"https:\/\/www.brennecke.org\/index.php?rest_route=\/wp\/v2\/users\/1"}],"replies":[{"embeddable":true,"href":"https:\/\/www.brennecke.org\/index.php?rest_route=%2Fwp%2Fv2%2Fcomments&post=2053"}],"version-history":[{"count":2,"href":"https:\/\/www.brennecke.org\/index.php?rest_route=\/wp\/v2\/posts\/2053\/revisions"}],"predecessor-version":[{"id":2055,"href":"https:\/\/www.brennecke.org\/index.php?rest_route=\/wp\/v2\/posts\/2053\/revisions\/2055"}],"wp:attachment":[{"href":"https:\/\/www.brennecke.org\/index.php?rest_route=%2Fwp%2Fv2%2Fmedia&parent=2053"}],"wp:term":[{"taxonomy":"category","embeddable":true,"href":"https:\/\/www.brennecke.org\/index.php?rest_route=%2Fwp%2Fv2%2Fcategories&post=2053"},{"taxonomy":"post_tag","embeddable":true,"href":"https:\/\/www.brennecke.org\/index.php?rest_route=%2Fwp%2Fv2%2Ftags&post=2053"}],"curies":[{"name":"wp","href":"https:\/\/api.w.org\/{rel}","templated":true}]}}