{"id":21,"date":"2009-04-24T15:07:02","date_gmt":"2009-04-24T13:07:02","guid":{"rendered":"http:\/\/www.brennecke.org\/?p=21"},"modified":"2018-05-14T09:05:42","modified_gmt":"2018-05-14T08:05:42","slug":"lieber-gunther-jauch","status":"publish","type":"post","link":"https:\/\/www.brennecke.org\/?p=21","title":{"rendered":"Lieber G\u00fcnther Jauch,"},"content":{"rendered":"<p>Ich sehe Ihr Gesicht derzeit an vielerlei Orten in Berlin auf Werbeplakaten. Allerdings bin ich mir nicht sicher, ob man Sie \u00fcber das aufgekl\u00e4rt hat, wof\u00fcr Sie werben. Deshalb m\u00f6chte ich das hier nachholen.<\/p>\n<p>Am Sonntag ist Wahltag. Die zu treffende Entscheidung ist aber keine zugunsten einer Partei, sondern zwischen Freiheit und Gemeinsamkeit. Sie sehen darin keine Gegens\u00e4tze? Nun, ich auch nicht. Was ist da also los?<\/p>\n<p>Der Hintergrund: An Berliner Schulen gibt es seit 2006 das Fach Ethik. Nach dem sogenannten \u201cEhrenmord\u201d an Hatun S\u00fcr\u00fcc\u00fc wurde ein \u00fcbergreifender Werteunterricht an den Berliner Schulen als wichtig angesehen. In Ethik sollen grundlegende verbindende Werte unserer Gesellschaft vermittelt werden. Auch der Dialog zwischen den Kulturen sollte gef\u00f6rdert werden. Religion als Wahlfach wurde davon nicht angetastet, das Fach wurde weiterhin angeboten &#8211; wahlfrei, wie es in Berlin seit 1948 gute Tradition ist.<\/p>\n<p>Kann man wirklich gegen ein solches Unterrichtsfach werben? Das Bundesverfassungsgericht hat im April 2007 jedenfalls entschieden, dass der Ethikunterricht verfassungsgem\u00e4\u00df ist. Berliner Sch\u00fcler k\u00f6nnen sich demnach nicht vom Ethik-Unterricht befreien lassen, indem sie sich auf die Religionsfreiheit oder auf das Erziehungsrecht ihrer Eltern berufen.<\/p>\n<p>Wo ist dann das Problem? Nun, um Platz f\u00fcr Ethik zu schaffen, wurde der wahlfreie Religionsunterricht vielerorts auf den Nachmittag verlegt mit dem Ergebnis, dass weniger Sch\u00fcler daran teilnehmen als bisher. Und so wurde bei einigen B\u00fcrgern die Idee geboren, Religion &#8211; ganz neu &#8211; als Pflichtfach parallel zu Ethik zu verankern und daf\u00fcr die Berliner Gesetze zu \u00e4ndern. Fortan m\u00fcssten Kinder bzw. ihre Eltern <strong>zwingend entscheiden zwischen Religion ODER Ethik<\/strong>. Das ist mit der &#8222;Freiheit&#8220; gemeint, die jene f\u00fcr sich reklamieren, die f\u00fcr JA-Stimmen werben. Dann bekommen Protestanten, Katholiken, Juden und Muslime ihren eigenen Religionsunterricht und m\u00fcssen keine gemeinsame Ethik mehr lernen. <strong>Mit einem NEIN hingegen stimmt man f\u00fcr Ethik UND Religion <\/strong>&#8211; dann k\u00f6nnen die Sch\u00fcler beides haben (wobei Religion Wahlfach ist, also nicht belegt werden muss).<\/p>\n<p>Um die zur Wahl stehende Frage noch einmal zu verdeutlichen, fasse ich zusammen: <strong>&#8222;Sollten unsere Kinder auf einen Ethikunterricht in der Gemeinschaft aller verzichten &#8211; Ja oder Nein?&#8220;<\/strong> Die Antwort f\u00e4llt Ihnen bestimmt nicht schwer.<\/p>\n<p>Man k\u00f6nnte \u00fcbrigens meinen, der Wahlkampf w\u00fcrde gef\u00fchrt zwischen Gl\u00e4ubigen und Atheisten.\u00a0 Wie das B\u00fcndnis <a title=\"Homepage Christen pro Ethik\" href=\"http:\/\/www.christen-pro-ethik.de\/\" target=\"_blank\">Christen pro Ethik<\/a> eindrucksvoll belegt, sind aber l\u00e4ngst nicht alle Gl\u00e4ubigen vom Tun der Ja-Sager angetan. Auf deren Webseite wird dargestellt, wie sehr einige wenige Verantwortliche der Katholischen und der Evangelischen Kirche zusammen mit einigen Politikern versuchen, der Gemeinschaft ihren Stempel aufzudr\u00fccken. Die Argumente sind auf der Webseite nachzulesen, daher m\u00f6chte ich hier nur aus einem Schreiben der <a title=\"Christen pro Ethik\" href=\"http:\/\/www.christen-pro-ethik.de\/\" target=\"_blank\">Christen pro Ethik<\/a> zitieren:<\/p>\n<p><em>&#8222;Besonders daf\u00fcr haben wir uns inhaltlich vorgenommen, egal, wie der Ausgang des Volksentscheides aussehen wird, m\u00f6glichst nicht in irgendeine Art von Siegesstimmung zu verfallen. Unseres Erachtens sind daf\u00fcr die Sch\u00e4den zu gross, die durch diesen &#8222;Glaubenskrieg&#8220; und seine Methoden f\u00fcr unsere Kirchen und das Ethikfach entstanden sind. Es sind unseres Erachtens innerkirchliche Strukturen ans Licht gekommen, von denen wir hofften,<br \/>\ndass sie nicht mehr existieren.&#8220;<\/em><\/p>\n<p>Das zeigt, dass der eigentliche Riss tief durch die Kirchen selbst geht, und es freut mich, dass zumindest diese Gruppe den Streit nicht zum Anlass f\u00fcr eine Siegesfeier nimmt, denn durch eine Zuspitzung scheinreligi\u00f6ser Diskussionen leidet immer nur die Gemeinschaft als Ganzes.<\/p>\n<p>Lieber G\u00fcnther Jauch, gehen Sie am Sonntag zur Wahl und stimmen Sie mit Nein. Das w\u00e4re richtig klasse!<\/p>\n<p>Herzlichst, Ihr JeanLuc7<\/p>\n<p>&#8212;&#8211;<\/p>\n<p>G\u00fcnther Jauch ist ist ein deutscher Showmaster, Journalist und Produzent. &#8230; Jauch vertritt, wie er verschiedentlich in Interviews erl\u00e4uterte, konservative Erziehungsprinzipien. &#8230; Im Fr\u00fchjahr 2009 unterst\u00fctzte Jauch als einer von vier Testimonials in der Plakatwerbung das Berliner Pro Reli-Volksbegehren. (Quelle: wikipedia.de)<\/p>\n<p>Nachtrag: Das Volksbegehren wurde mit 51% der abgegebenen Stimmen abgelehnt. Die Wahlbeteiligung betrug 29%.<\/p>\n<div class=\"twoclick_social_bookmarks_post_21 social_share_privacy clearfix 1.6.4 locale-de_DE sprite-de_DE\"><\/div><div class=\"twoclick-js\"><script type=\"text\/javascript\">\/* <![CDATA[ *\/\njQuery(document).ready(function($){if($('.twoclick_social_bookmarks_post_21')){$('.twoclick_social_bookmarks_post_21').socialSharePrivacy({\"services\":{\"facebook\":{\"status\":\"on\",\"txt_info\":\"2 Klicks f\\u00fcr mehr Datenschutz: Erst wenn Sie hier klicken, wird der Button aktiv und Sie k\\u00f6nnen Ihre Empfehlung an Facebook senden. Schon beim Aktivieren werden Daten an Dritte \\u00fcbertragen - siehe <em>i<\\\/em>.\",\"perma_option\":\"off\",\"action\":\"recommend\",\"language\":\"de_DE\"},\"twitter\":{\"reply_to\":\"\",\"tweet_text\":\"%20Lieber%20G%C3%BCnther%20Jauch%2C%20%C2%BB%2053%20Cent%20%23Christen%20%23Ethik%20%23G%C3%BCnther%20Jauch%20...\",\"status\":\"on\",\"txt_info\":\"2 Klicks f\\u00fcr mehr Datenschutz: Erst wenn Sie hier klicken, wird der Button aktiv und Sie k\\u00f6nnen Ihre Empfehlung an Twitter senden. Schon beim Aktivieren werden Daten an Dritte \\u00fcbertragen - siehe <em>i<\\\/em>.\",\"perma_option\":\"off\",\"language\":\"de\",\"referrer_track\":\"\"},\"gplus\":{\"status\":\"on\",\"txt_info\":\"2 Klicks f\\u00fcr mehr Datenschutz: Erst wenn Sie hier klicken, wird der Button aktiv und Sie k\\u00f6nnen Ihre Empfehlung an Google+ senden. Schon beim Aktivieren werden Daten an Dritte \\u00fcbertragen - siehe <em>i<\\\/em>.\",\"perma_option\":\"off\",\"referrer_track\":\"\"},\"flattr\":{\"uid\":\"\",\"status\":\"on\",\"the_title\":\"Lieber%20G%C3%BCnther%20Jauch%2C\",\"the_excerpt\":\"Ich%20sehe%20Ihr%20Gesicht%20derzeit%20an%20vielerlei%20Orten%20in%20Berlin%20auf%20Werbeplakaten.%20Allerdings%20bin%20ich%20mir%20nicht%20sicher%2C%20ob%20man%20Sie%20%C3%BCber%20das%20aufgekl%C3%A4rt%20hat%2C%20wof%C3%BCr%20Sie%20werben.%20Deshalb%20m%C3%B6chte%20ich%20das%20hier%20nachholen.%0D%0A%0D%0AAm%20Sonntag%20ist%20Wahltag.%20Die%20zu%20treffende%20Entscheidung%20ist%20aber%20keine%20zugunsten%20einer%20Partei%2C%20sondern%20zwischen%20Freiheit%20und%20Gemeinsamkeit.%20Sie%20sehen%20darin%20keine%20Gegens%C3%A4tze%3F%20Nun%2C%20ich%20auch%20%20...\",\"txt_info\":\"2 Klicks f\\u00fcr mehr Datenschutz: Erst wenn Sie hier klicken, wird der Button aktiv und Sie k\\u00f6nnen Ihre Empfehlung an Flattr senden. Schon beim Aktivieren werden Daten an Dritte \\u00fcbertragen - siehe <em>i<\\\/em>.\",\"perma_option\":\"off\"}},\"txt_help\":\"Wenn Sie diese Felder durch einen Klick aktivieren, werden Informationen an Facebook, Twitter, Flattr, Xing, t3n, LinkedIn, Pinterest oder Google eventuell ins Ausland \\u00fcbertragen und unter Umst\\u00e4nden auch dort gespeichert. N\\u00e4heres erfahren Sie durch einen Klick auf das <em>i<\\\/em>.\",\"settings_perma\":\"Dauerhaft aktivieren und Daten\\u00fcber-tragung zustimmen:\",\"info_link\":\"http:\\\/\\\/www.heise.de\\\/ct\\\/artikel\\\/2-Klicks-fuer-mehr-Datenschutz-1333879.html\",\"uri\":\"https:\\\/\\\/www.brennecke.org\\\/?p=21\",\"post_id\":21,\"post_title_referrer_track\":\"Lieber+G%C3%BCnther+Jauch%2C\",\"display_infobox\":\"on\"});}});\n\/* ]]> *\/<\/script><\/div>","protected":false},"excerpt":{"rendered":"<p>Ich sehe Ihr Gesicht derzeit an vielerlei Orten in Berlin auf Werbeplakaten. Allerdings bin ich mir nicht sicher, ob man Sie \u00fcber das aufgekl\u00e4rt hat, wof\u00fcr Sie werben. Deshalb m\u00f6chte ich das hier nachholen. Am Sonntag ist Wahltag. Die zu &hellip; <a href=\"https:\/\/www.brennecke.org\/?p=21\">Weiterlesen <span class=\"meta-nav\">&rarr;<\/span><\/a><\/p>\n","protected":false},"author":1,"featured_media":0,"comment_status":"closed","ping_status":"open","sticky":false,"template":"","format":"standard","meta":{"footnotes":""},"categories":[1,3],"tags":[12,13,16,14,11,15],"_links":{"self":[{"href":"https:\/\/www.brennecke.org\/index.php?rest_route=\/wp\/v2\/posts\/21"}],"collection":[{"href":"https:\/\/www.brennecke.org\/index.php?rest_route=\/wp\/v2\/posts"}],"about":[{"href":"https:\/\/www.brennecke.org\/index.php?rest_route=\/wp\/v2\/types\/post"}],"author":[{"embeddable":true,"href":"https:\/\/www.brennecke.org\/index.php?rest_route=\/wp\/v2\/users\/1"}],"replies":[{"embeddable":true,"href":"https:\/\/www.brennecke.org\/index.php?rest_route=%2Fwp%2Fv2%2Fcomments&post=21"}],"version-history":[{"count":10,"href":"https:\/\/www.brennecke.org\/index.php?rest_route=\/wp\/v2\/posts\/21\/revisions"}],"predecessor-version":[{"id":3796,"href":"https:\/\/www.brennecke.org\/index.php?rest_route=\/wp\/v2\/posts\/21\/revisions\/3796"}],"wp:attachment":[{"href":"https:\/\/www.brennecke.org\/index.php?rest_route=%2Fwp%2Fv2%2Fmedia&parent=21"}],"wp:term":[{"taxonomy":"category","embeddable":true,"href":"https:\/\/www.brennecke.org\/index.php?rest_route=%2Fwp%2Fv2%2Fcategories&post=21"},{"taxonomy":"post_tag","embeddable":true,"href":"https:\/\/www.brennecke.org\/index.php?rest_route=%2Fwp%2Fv2%2Ftags&post=21"}],"curies":[{"name":"wp","href":"https:\/\/api.w.org\/{rel}","templated":true}]}}