{"id":2117,"date":"2013-01-22T16:08:37","date_gmt":"2013-01-22T14:08:37","guid":{"rendered":"http:\/\/www.brennecke.org\/?p=2117"},"modified":"2018-05-14T09:04:30","modified_gmt":"2018-05-14T08:04:30","slug":"zwischenspiel-politische-farbenlehre","status":"publish","type":"post","link":"https:\/\/www.brennecke.org\/?p=2117","title":{"rendered":"Zwischenspiel: Politische Farbenlehre"},"content":{"rendered":"<p>Werte Leserinnen und Leser,<\/p>\n<p>angesichts aktueller Ereignisse konnte ich neue Erkenntnisse \u00fcber Wahlstrategien und deren Resultate gewinnen, die ich Ihnen nicht vorenthalten m\u00f6chte:<\/p>\n<ul>\n<li>Wer Angela Merkel will, muss Schwarz w\u00e4hlen. Man darf sich \u00fcberraschen lassen, ob man dann Schwarz-Rot oder Schwarz-Gelb bekommt.<\/li>\n<li>Wer Schwarz-Gelb will, muss gelb w\u00e4hlen. Strategisch richtig. Aber die schwarzen Gelbankreuzer m\u00f6gen sich bitte abstimmen: mehr als 5% der Stimmen braucht Gelb nicht. Ansonsten bekommt man wom\u00f6glich Rot-Schwarz. Manchmal bekommt man auch Rot-Gr\u00fcn.<\/li>\n<li>Wer Steinbr\u00fcck will, muss Rot w\u00e4hlen. Man sollte aber bedenken, dass man <i>Steinbr\u00fcck<\/i> bekommen und nicht etwa <i>Schmidt<\/i>. Oder man bekommt sogar Merkel obendrauf.<\/li>\n<li>Wer Rot-Gr\u00fcn will, muss Gr\u00fcn w\u00e4hlen. Au\u00dfer es langt f\u00fcr die Linke zum Einzug in den Bundestag. Dann bekommt man Schwarz-Rot. Und wenn zu viele potenzielle Rot-W\u00e4hler Gr\u00fcn ankreuzen, reicht es vielleicht sogar f\u00fcr baden-w\u00fcrttembergische Verh\u00e4ltnisse.<\/li>\n<li>Wer Schwarz-Rot will, muss Knallrot (Die Linke) oder Orange (Piratenpartei) w\u00e4hlen. \u00a0Oder er bleibt daheim.<\/li>\n<li>Niemand w\u00e4hlt Braun.<\/li>\n<\/ul>\n<p>Es gr\u00fc\u00dft herzlich<\/p>\n<p>JeanLuc7<\/p>\n<div class=\"twoclick_social_bookmarks_post_2117 social_share_privacy clearfix 1.6.4 locale-de_DE sprite-de_DE\"><\/div><div class=\"twoclick-js\"><script type=\"text\/javascript\">\/* <![CDATA[ *\/\njQuery(document).ready(function($){if($('.twoclick_social_bookmarks_post_2117')){$('.twoclick_social_bookmarks_post_2117').socialSharePrivacy({\"services\":{\"facebook\":{\"status\":\"on\",\"txt_info\":\"2 Klicks f\\u00fcr mehr Datenschutz: Erst wenn Sie hier klicken, wird der Button aktiv und Sie k\\u00f6nnen Ihre Empfehlung an Facebook senden. Schon beim Aktivieren werden Daten an Dritte \\u00fcbertragen - siehe <em>i<\\\/em>.\",\"perma_option\":\"off\",\"action\":\"recommend\",\"language\":\"de_DE\"},\"twitter\":{\"reply_to\":\"\",\"tweet_text\":\"%20Zwischenspiel%3A%20Politische%20Farbenlehre%20%C2%BB%2053%20Cent%20%23Farbenlehre%20%23Linke%20%23Merkel%20...\",\"status\":\"on\",\"txt_info\":\"2 Klicks f\\u00fcr mehr Datenschutz: Erst wenn Sie hier klicken, wird der Button aktiv und Sie k\\u00f6nnen Ihre Empfehlung an Twitter senden. Schon beim Aktivieren werden Daten an Dritte \\u00fcbertragen - siehe <em>i<\\\/em>.\",\"perma_option\":\"off\",\"language\":\"de\",\"referrer_track\":\"\"},\"gplus\":{\"status\":\"on\",\"txt_info\":\"2 Klicks f\\u00fcr mehr Datenschutz: Erst wenn Sie hier klicken, wird der Button aktiv und Sie k\\u00f6nnen Ihre Empfehlung an Google+ senden. Schon beim Aktivieren werden Daten an Dritte \\u00fcbertragen - siehe <em>i<\\\/em>.\",\"perma_option\":\"off\",\"referrer_track\":\"\"},\"flattr\":{\"uid\":\"\",\"status\":\"on\",\"the_title\":\"Zwischenspiel%3A%20Politische%20Farbenlehre\",\"the_excerpt\":\"Werte%20Leserinnen%20und%20Leser%2C%0D%0A%0D%0Aangesichts%20aktueller%20Ereignisse%20konnte%20ich%20neue%20Erkenntnisse%20%C3%BCber%20Wahlstrategien%20und%20deren%20Resultate%20gewinnen%2C%20die%20ich%20Ihnen%20nicht%20vorenthalten%20m%C3%B6chte%3A%0D%0A%0D%0A%09Wer%20Angela%20Merkel%20will%2C%20muss%20Schwarz%20w%C3%A4hlen.%20Man%20darf%20sich%20%C3%BCberraschen%20lassen%2C%20ob%20man%20dann%20Schwarz-Rot%20oder%20Schwarz-Gelb%20bekommt.%0D%0A%09Wer%20Schwarz-Gelb%20will%2C%20muss%20gelb%20w%C3%A4hlen.%20Strategisch%20richtig.%20Aber%20die%20schwar%20...\",\"txt_info\":\"2 Klicks f\\u00fcr mehr Datenschutz: Erst wenn Sie hier klicken, wird der Button aktiv und Sie k\\u00f6nnen Ihre Empfehlung an Flattr senden. Schon beim Aktivieren werden Daten an Dritte \\u00fcbertragen - siehe <em>i<\\\/em>.\",\"perma_option\":\"off\"}},\"txt_help\":\"Wenn Sie diese Felder durch einen Klick aktivieren, werden Informationen an Facebook, Twitter, Flattr, Xing, t3n, LinkedIn, Pinterest oder Google eventuell ins Ausland \\u00fcbertragen und unter Umst\\u00e4nden auch dort gespeichert. N\\u00e4heres erfahren Sie durch einen Klick auf das <em>i<\\\/em>.\",\"settings_perma\":\"Dauerhaft aktivieren und Daten\\u00fcber-tragung zustimmen:\",\"info_link\":\"http:\\\/\\\/www.heise.de\\\/ct\\\/artikel\\\/2-Klicks-fuer-mehr-Datenschutz-1333879.html\",\"uri\":\"https:\\\/\\\/www.brennecke.org\\\/?p=2117\",\"post_id\":2117,\"post_title_referrer_track\":\"Zwischenspiel%3A+Politische+Farbenlehre\",\"display_infobox\":\"on\"});}});\n\/* ]]> *\/<\/script><\/div>","protected":false},"excerpt":{"rendered":"<p>Werte Leserinnen und Leser, angesichts aktueller Ereignisse konnte ich neue Erkenntnisse \u00fcber Wahlstrategien und deren Resultate gewinnen, die ich Ihnen nicht vorenthalten m\u00f6chte: Wer Angela Merkel will, muss Schwarz w\u00e4hlen. Man darf sich \u00fcberraschen lassen, ob man dann Schwarz-Rot oder &hellip; <a href=\"https:\/\/www.brennecke.org\/?p=2117\">Weiterlesen <span class=\"meta-nav\">&rarr;<\/span><\/a><\/p>\n","protected":false},"author":1,"featured_media":0,"comment_status":"closed","ping_status":"open","sticky":false,"template":"","format":"standard","meta":{"footnotes":""},"categories":[1,3],"tags":[500,259,110,501,498],"_links":{"self":[{"href":"https:\/\/www.brennecke.org\/index.php?rest_route=\/wp\/v2\/posts\/2117"}],"collection":[{"href":"https:\/\/www.brennecke.org\/index.php?rest_route=\/wp\/v2\/posts"}],"about":[{"href":"https:\/\/www.brennecke.org\/index.php?rest_route=\/wp\/v2\/types\/post"}],"author":[{"embeddable":true,"href":"https:\/\/www.brennecke.org\/index.php?rest_route=\/wp\/v2\/users\/1"}],"replies":[{"embeddable":true,"href":"https:\/\/www.brennecke.org\/index.php?rest_route=%2Fwp%2Fv2%2Fcomments&post=2117"}],"version-history":[{"count":1,"href":"https:\/\/www.brennecke.org\/index.php?rest_route=\/wp\/v2\/posts\/2117\/revisions"}],"predecessor-version":[{"id":2118,"href":"https:\/\/www.brennecke.org\/index.php?rest_route=\/wp\/v2\/posts\/2117\/revisions\/2118"}],"wp:attachment":[{"href":"https:\/\/www.brennecke.org\/index.php?rest_route=%2Fwp%2Fv2%2Fmedia&parent=2117"}],"wp:term":[{"taxonomy":"category","embeddable":true,"href":"https:\/\/www.brennecke.org\/index.php?rest_route=%2Fwp%2Fv2%2Fcategories&post=2117"},{"taxonomy":"post_tag","embeddable":true,"href":"https:\/\/www.brennecke.org\/index.php?rest_route=%2Fwp%2Fv2%2Ftags&post=2117"}],"curies":[{"name":"wp","href":"https:\/\/api.w.org\/{rel}","templated":true}]}}