{"id":2145,"date":"2013-01-31T14:11:12","date_gmt":"2013-01-31T12:11:12","guid":{"rendered":"http:\/\/www.brennecke.org\/?p=2145"},"modified":"2018-05-14T09:04:30","modified_gmt":"2018-05-14T08:04:30","slug":"2145","status":"publish","type":"post","link":"https:\/\/www.brennecke.org\/?p=2145","title":{"rendered":"Abmahnen &#8211; Business as usual"},"content":{"rendered":"<p>Werte Leserinnen und Leser,<\/p>\n<p>die Bundesregierung will dem Abmahnwahn einen Riegel vorschieben &#8211; f\u00fcnf Jahre nach dem ersten missgl\u00fcckten Versuch. Seinerzeit sollten Abmahnungen gedeckelt werden auf maximal 100 Euro, sofern sie nicht ein gewerbliches Ausma\u00df erreichten. Dummerweise verstanden die Rechtsanw\u00e4lte und auch die Gerichte unter &#8222;gewerblich&#8220; etwas ganz anderes als der gemeine B\u00fcrger: der aktuellen Rechtsprechung nach gen\u00fcgt bereits das Anbieten eines einzigen Liedes in einer Tauschb\u00f6rse als &#8222;gewerblicher Umfang&#8220;.<\/p>\n<p>Falls es Ihnen nicht bekannt sein sollte: jede derzeit verf\u00fcgbare Software zum Herunterladen aus Tauschb\u00f6rsen stellt die eigenen Downloads auch gleich wieder der Gemeinschaft zur Verf\u00fcgung. Die Downloader werden daher oft unbewusst zu Uploadern &#8211; und damit zu willkommenen Opfern von Kanzleien, die sich teilweise komplett auf den Versand von Abmahnungen umgestellt haben. Bei Streitwerten um 50.000 \u20ac konnten damit pro Abmahnung Betr\u00e4ge von 1000 bis 2000 \u20ac erl\u00f6st werden &#8211; ein \u00e4u\u00dferst lohnendes Gesch\u00e4ft. Die Firma <a href=\"http:\/\/drs-software.com\/\">DigiRights Solutions GmbH<\/a> konnte das schon im Februar 2009 gut vorrechnen (aus einer Pr\u00e4sentation von DigiRights unter dem Stichwort &#8222;<em>Vergleich Ertrag legale .\/. illegale Downloads<\/em>&#8222;):<\/p>\n<div title=\"Page 27\">\n<div>\n<div>\n<div>\n<ul>\n<li><em>ca. \u20ac 0,60 (netto) pro legal verkauftem Download gegenu\u0308ber \u20ac 90,00 pro erfassten illegalen Download bei Rechtsverletzern, die zahlen<\/em><\/li>\n<li><em>Der Ertrag bei erfassten und bezahlten illegalen Downloads ist das<\/em><\/li>\n<li><em> 150 fache! Das bedeutet: Wenn 1.250 Rechtsverletzer erfasst werden, die zahlen, mu\u0308ssten zur Erwirtschaftung des entsprechenden Ertrages 150.000 Downloads legal verkauft werden<\/em><\/li>\n<li><em>Bei einer Zahlquote von 25 % mu\u0308ssten also pro Monat 5.000 illegale Downloads eines bestimmten Produktes erfasst werden. Dies ist pro Woche eine Erfassungszahl von 1.000, was bei gut laufenden Themen realistisch ist<\/em><\/li>\n<li><em>Die Zahlquote wird durch Vergleichsschlu\u0308sse und Ratenzahler regelma\u0308\u00dfig bei einem durchschnittlichen U\u0308berwachungs- und Bearbeitungszeitraum von 6 Monaten gesteigert<\/em><\/li>\n<\/ul>\n<p>Es ist demnach lohnenswerter abzumahnen statt legal Musik zu verkaufen. Daran hat sich bis heute (2013) nichts ge\u00e4ndert. In 2011 wurden <a href=\"http:\/\/www.wbs-law.de\/abmahnung-filesharing\/218-560-abmahnungen-wegen-filesharing-im-jahr-2011-20637\/\">218.560 Abmahnungen<\/a> wegen Filesharings ausgesprochen.<\/p>\n<p>Die Bundesjustizministerin Frau Leutheusser-Schnarrenberger wollte es diesmal besser machen. Die erste Abmahnung sollte einen Streitwert von maximal 500 \u20ac besitzen &#8211; das h\u00e4tte eine Abmahnung von etwa 75 \u20ac bedeutet &#8211; ohne Ausnahme. Damit w\u00e4re das Gesch\u00e4ftsmodell der Abmahnkanzleien erheblich beeintr\u00e4chtigt worden. Soweit, so gut.<\/p>\n<p>Nun aber trat der bereits mehrfach durch Internet-Unverst\u00e4ndnis auff\u00e4llig gewordene <a title=\"Raus aus der Schmuddelecke!\" href=\"http:\/\/www.brennecke.org\/?p=464\">G\u00fcnther Krings<\/a> auf den Plan. Der Vorschlag verkenne, &#8222;dass das geistige Eigentum im Internet mit F\u00fc\u00dfen getreten wird&#8220;, so Krings. Auf sein Dr\u00e4ngen hin wurde der Vorschlag in entscheidenden Teilen ge\u00e4ndert: Demnach d\u00fcrfen Anw\u00e4lte einen Streitwert von 1000 \u20ac ansetzen, das ergibt maximal eine Geb\u00fchr plus Auslagenpauschale und Umsatzsteuer in H\u00f6he von 155,30 Euro. Wer allerdings in gewerblichem Ausma\u00df Urheberrechte verletzt, muss auch weiterhin die volle Geb\u00fchr zahlen &#8211; Sie ahnen schon, worauf das hinausl\u00e4uft. Krings lobte diese \u00c4nderung allerdings \u00fcber den gr\u00fcnen Klee: &#8222;Damit stellen wir sicher, dass einerseits Eltern und ihre Kinder vor \u00fcberzogenen Abmahnkosten gesch\u00fctzt sind, dass aber andererseits das massenhafte Raubkopieren nicht in den Genuss dieses Privilegs kommt&#8220;.<\/p>\n<p>Herr Krings hat es also wieder einmal geschafft, eine sinnvolle und notwendige Ma\u00dfnahme, die zu einer Befriedung der Verh\u00e4ltnisse zwischen Rechteinhabern und Konsumenten f\u00fchren k\u00f6nnte, zu torpedieren. Wir werden sehen, dass auch dieses neue Gesetz sich wieder als zahnloser Tiger erweisen wird. Nach wie vor werden die Abmahnanw\u00e4lte von &#8222;gewerblichem Ausma\u00df&#8220; sprechen, und vermutlich d\u00fcrfte in Krings&#8216; Augen ein Jugendlicher, der eine ganze Madonne-CD l\u00e4dt (und damit anbietet), den Karriere-Einstieg als Internetverbrecher bereits geschafft haben.<\/p>\n<p>\u00dcberrascht es Sie noch, dass G\u00fcnther Krings selbst Jurist ist?<\/p>\n<p>Es gr\u00fc\u00dft herzlich<\/p>\n<p>Ihr JeanLuc7<\/p>\n<\/div>\n<\/div>\n<\/div>\n<\/div>\n<div class=\"twoclick_social_bookmarks_post_2145 social_share_privacy clearfix 1.6.4 locale-de_DE sprite-de_DE\"><\/div><div class=\"twoclick-js\"><script type=\"text\/javascript\">\/* <![CDATA[ *\/\njQuery(document).ready(function($){if($('.twoclick_social_bookmarks_post_2145')){$('.twoclick_social_bookmarks_post_2145').socialSharePrivacy({\"services\":{\"facebook\":{\"status\":\"on\",\"txt_info\":\"2 Klicks f\\u00fcr mehr Datenschutz: Erst wenn Sie hier klicken, wird der Button aktiv und Sie k\\u00f6nnen Ihre Empfehlung an Facebook senden. Schon beim Aktivieren werden Daten an Dritte \\u00fcbertragen - siehe <em>i<\\\/em>.\",\"perma_option\":\"off\",\"action\":\"recommend\",\"language\":\"de_DE\"},\"twitter\":{\"reply_to\":\"\",\"tweet_text\":\"%20Abmahnen%20%E2%80%93%20Business%20as%20usual%20%C2%BB%2053%20Cent%20%23Abmahnung%20%23Justizminister%20...\",\"status\":\"on\",\"txt_info\":\"2 Klicks f\\u00fcr mehr Datenschutz: Erst wenn Sie hier klicken, wird der Button aktiv und Sie k\\u00f6nnen Ihre Empfehlung an Twitter senden. Schon beim Aktivieren werden Daten an Dritte \\u00fcbertragen - siehe <em>i<\\\/em>.\",\"perma_option\":\"off\",\"language\":\"de\",\"referrer_track\":\"\"},\"gplus\":{\"status\":\"on\",\"txt_info\":\"2 Klicks f\\u00fcr mehr Datenschutz: Erst wenn Sie hier klicken, wird der Button aktiv und Sie k\\u00f6nnen Ihre Empfehlung an Google+ senden. Schon beim Aktivieren werden Daten an Dritte \\u00fcbertragen - siehe <em>i<\\\/em>.\",\"perma_option\":\"off\",\"referrer_track\":\"\"},\"flattr\":{\"uid\":\"\",\"status\":\"on\",\"the_title\":\"Abmahnen%20%26%238211%3B%20Business%20as%20usual\",\"the_excerpt\":\"Werte%20Leserinnen%20und%20Leser%2C%0D%0A%0D%0Adie%20Bundesregierung%20will%20dem%20Abmahnwahn%20einen%20Riegel%20vorschieben%20-%20f%C3%BCnf%20Jahre%20nach%20dem%20ersten%20missgl%C3%BCckten%20Versuch.%20Seinerzeit%20sollten%20Abmahnungen%20gedeckelt%20werden%20auf%20maximal%20100%20Euro%2C%20sofern%20sie%20nicht%20ein%20gewerbliches%20Ausma%C3%9F%20erreichten.%20Dummerweise%20verstanden%20die%20Rechtsanw%C3%A4lte%20und%20auch%20die%20Gerichte%20unter%20%22gewerblich%22%20etwas%20ganz%20anderes%20als%20der%20gemeine%20B%C3%BCrger%3A%20d%20...\",\"txt_info\":\"2 Klicks f\\u00fcr mehr Datenschutz: Erst wenn Sie hier klicken, wird der Button aktiv und Sie k\\u00f6nnen Ihre Empfehlung an Flattr senden. Schon beim Aktivieren werden Daten an Dritte \\u00fcbertragen - siehe <em>i<\\\/em>.\",\"perma_option\":\"off\"}},\"txt_help\":\"Wenn Sie diese Felder durch einen Klick aktivieren, werden Informationen an Facebook, Twitter, Flattr, Xing, t3n, LinkedIn, Pinterest oder Google eventuell ins Ausland \\u00fcbertragen und unter Umst\\u00e4nden auch dort gespeichert. N\\u00e4heres erfahren Sie durch einen Klick auf das <em>i<\\\/em>.\",\"settings_perma\":\"Dauerhaft aktivieren und Daten\\u00fcber-tragung zustimmen:\",\"info_link\":\"http:\\\/\\\/www.heise.de\\\/ct\\\/artikel\\\/2-Klicks-fuer-mehr-Datenschutz-1333879.html\",\"uri\":\"https:\\\/\\\/www.brennecke.org\\\/?p=2145\",\"post_id\":2145,\"post_title_referrer_track\":\"Abmahnen+%26%238211%3B+Business+as+usual\",\"display_infobox\":\"on\"});}});\n\/* ]]> *\/<\/script><\/div>","protected":false},"excerpt":{"rendered":"<p>Werte Leserinnen und Leser, die Bundesregierung will dem Abmahnwahn einen Riegel vorschieben &#8211; f\u00fcnf Jahre nach dem ersten missgl\u00fcckten Versuch. Seinerzeit sollten Abmahnungen gedeckelt werden auf maximal 100 Euro, sofern sie nicht ein gewerbliches Ausma\u00df erreichten. Dummerweise verstanden die Rechtsanw\u00e4lte &hellip; <a href=\"https:\/\/www.brennecke.org\/?p=2145\">Weiterlesen <span class=\"meta-nav\">&rarr;<\/span><\/a><\/p>\n","protected":false},"author":1,"featured_media":0,"comment_status":"closed","ping_status":"open","sticky":false,"template":"","format":"standard","meta":{"footnotes":""},"categories":[1,3],"tags":[504,503,262,140,502],"_links":{"self":[{"href":"https:\/\/www.brennecke.org\/index.php?rest_route=\/wp\/v2\/posts\/2145"}],"collection":[{"href":"https:\/\/www.brennecke.org\/index.php?rest_route=\/wp\/v2\/posts"}],"about":[{"href":"https:\/\/www.brennecke.org\/index.php?rest_route=\/wp\/v2\/types\/post"}],"author":[{"embeddable":true,"href":"https:\/\/www.brennecke.org\/index.php?rest_route=\/wp\/v2\/users\/1"}],"replies":[{"embeddable":true,"href":"https:\/\/www.brennecke.org\/index.php?rest_route=%2Fwp%2Fv2%2Fcomments&post=2145"}],"version-history":[{"count":4,"href":"https:\/\/www.brennecke.org\/index.php?rest_route=\/wp\/v2\/posts\/2145\/revisions"}],"predecessor-version":[{"id":3756,"href":"https:\/\/www.brennecke.org\/index.php?rest_route=\/wp\/v2\/posts\/2145\/revisions\/3756"}],"wp:attachment":[{"href":"https:\/\/www.brennecke.org\/index.php?rest_route=%2Fwp%2Fv2%2Fmedia&parent=2145"}],"wp:term":[{"taxonomy":"category","embeddable":true,"href":"https:\/\/www.brennecke.org\/index.php?rest_route=%2Fwp%2Fv2%2Fcategories&post=2145"},{"taxonomy":"post_tag","embeddable":true,"href":"https:\/\/www.brennecke.org\/index.php?rest_route=%2Fwp%2Fv2%2Ftags&post=2145"}],"curies":[{"name":"wp","href":"https:\/\/api.w.org\/{rel}","templated":true}]}}