{"id":2150,"date":"2013-02-12T16:28:41","date_gmt":"2013-02-12T14:28:41","guid":{"rendered":"http:\/\/www.brennecke.org\/?p=2150"},"modified":"2018-05-14T09:04:30","modified_gmt":"2018-05-14T08:04:30","slug":"nachtrag-weiterhin-abmahnwahn","status":"publish","type":"post","link":"https:\/\/www.brennecke.org\/?p=2150","title":{"rendered":"Nachtrag: Weiterhin Abmahnwahn"},"content":{"rendered":"<p>Werte Leserinnen und Leser,<\/p>\n<p>ich muss meinen letzten Artikel korrigieren. Die CDU hat nicht nur Herrn Krings, sondern auch den Kulturstaatsminister Bernd Neumann in den Kampf gegen <del>Kinder und Jugendliche auf dem Schulhof<\/del> Raubkopierer und Urheberrechtsverbrecher geschickt. Dieser hat nun mit einem Veto den bereits von Krings abgeschw\u00e4chten Entwurf zur Eind\u00e4mmung des Abmahnwahns gestoppt und will ihn weiter verw\u00e4ssern &#8211; nat\u00fcrlich zugunsten der <del>Abmahnindustrie<\/del> Rechteinhaber. Er will das folgende:<\/p>\n<ul>\n<li>Jedem irgendwann einmal abgemahnte soll der Kostendeckel von 1000\u20ac Streitwert (ca 150\u20ac Abmahnkosten) verwehrt werden. Das ist schon technisch kaum zu leisten, da bisher keine zentrale Datenbasis f\u00fcr das Abmahnwesen existiert. Aber vielleicht will Neumann uns eine solche bescheren?<\/li>\n<li>&#8222;Insbesondere nach der Anzahl oder der Schwere der Rechtsverletzungen&#8220; soll ein Gericht zuk\u00fcnftig beurteilen, ob der Deckel \u00fcberhaupt berechtigt sei. Das Gericht soll einen h\u00f6heren Streitwert festlegen, wenn der Deckel &#8222;unangemessen&#8220; erscheint. Na prima, bei solch vagen Gesetzesfestlegungen d\u00fcrfte &#8222;unangemessen&#8220; zuk\u00fcnftig zum Standard-Wortschatz der Abmahner geh\u00f6ren.<\/li>\n<li>F\u00fcr zu Unrecht Abgemahnte gibt&#8217;s auch keine Gnade &#8211; und keinen Schadenersatz &#8211; mehr, denn: &#8222;Soweit die Abmahnung zum Zeitpunkt der Geltendmachung des Unterlassungs- oder Beseitigungsanspruchs <em>erkennbar unberechtigt oder unwirksam<\/em> ist, kann der Abgemahnte Ersatz der f\u00fcr die Rechtsverteidigung erforderlichen Aufwendungen verlangen.&#8220; Wie will man denn so etwas feststellen?<\/li>\n<\/ul>\n<p>Bernd Neumann ist schon fr\u00fcher nicht durch Reformfreude beim Urheberrecht aufgefallen. Er hat die Schutzfrist f\u00fcr Musik auf 70 Jahre verl\u00e4ngern lassen und hat seine zweifelhaften Ansichten zuungunsten der Verbraucher in einem <a href=\"http:\/\/www.golem.de\/1011\/79751.html\">Thesenpapier<\/a> dargelegt. Neu war mir jedoch, dass so ein Kulturstaatsminister ein Vetorecht bei Gesetzesentw\u00fcrfen des Bundeskabinetts hat. Ich dachte zudem, Klientelpolitik w\u00e4re eher Sache der FDP.<\/p>\n<p>Man lernt eben nie aus.<\/p>\n<p>Es gr\u00fc\u00dft herzlich<\/p>\n<p>Ihr JeanLuc7<\/p>\n<p>&nbsp;<\/p>\n<div class=\"twoclick_social_bookmarks_post_2150 social_share_privacy clearfix 1.6.4 locale-de_DE sprite-de_DE\"><\/div><div class=\"twoclick-js\"><script type=\"text\/javascript\">\/* <![CDATA[ *\/\njQuery(document).ready(function($){if($('.twoclick_social_bookmarks_post_2150')){$('.twoclick_social_bookmarks_post_2150').socialSharePrivacy({\"services\":{\"facebook\":{\"status\":\"on\",\"txt_info\":\"2 Klicks f\\u00fcr mehr Datenschutz: Erst wenn Sie hier klicken, wird der Button aktiv und Sie k\\u00f6nnen Ihre Empfehlung an Facebook senden. Schon beim Aktivieren werden Daten an Dritte \\u00fcbertragen - siehe <em>i<\\\/em>.\",\"perma_option\":\"off\",\"action\":\"recommend\",\"language\":\"de_DE\"},\"twitter\":{\"reply_to\":\"\",\"tweet_text\":\"%20Nachtrag%3A%20Weiterhin%20Abmahnwahn%20%C2%BB%2053%20Cent%20%23Abmahnung%20%23Abmahnwahn%20...\",\"status\":\"on\",\"txt_info\":\"2 Klicks f\\u00fcr mehr Datenschutz: Erst wenn Sie hier klicken, wird der Button aktiv und Sie k\\u00f6nnen Ihre Empfehlung an Twitter senden. Schon beim Aktivieren werden Daten an Dritte \\u00fcbertragen - siehe <em>i<\\\/em>.\",\"perma_option\":\"off\",\"language\":\"de\",\"referrer_track\":\"\"},\"gplus\":{\"status\":\"on\",\"txt_info\":\"2 Klicks f\\u00fcr mehr Datenschutz: Erst wenn Sie hier klicken, wird der Button aktiv und Sie k\\u00f6nnen Ihre Empfehlung an Google+ senden. Schon beim Aktivieren werden Daten an Dritte \\u00fcbertragen - siehe <em>i<\\\/em>.\",\"perma_option\":\"off\",\"referrer_track\":\"\"},\"flattr\":{\"uid\":\"\",\"status\":\"on\",\"the_title\":\"Nachtrag%3A%20Weiterhin%20Abmahnwahn\",\"the_excerpt\":\"Werte%20Leserinnen%20und%20Leser%2C%0D%0A%0D%0Aich%20muss%20meinen%20letzten%20Artikel%20korrigieren.%20Die%20CDU%20hat%20nicht%20nur%20Herrn%20Krings%2C%20sondern%20auch%20den%20Kulturstaatsminister%20Bernd%20Neumann%20in%20den%20Kampf%20gegen%20Kinder%20und%20Jugendliche%20auf%20dem%20Schulhof%20Raubkopierer%20und%20Urheberrechtsverbrecher%20geschickt.%20Dieser%20hat%20nun%20mit%20einem%20Veto%20den%20bereits%20von%20Krings%20abgeschw%C3%A4chten%20Entwurf%20zur%20Eind%C3%A4mmung%20des%20Abmahnwahns%20gestoppt%20und%20w%20...\",\"txt_info\":\"2 Klicks f\\u00fcr mehr Datenschutz: Erst wenn Sie hier klicken, wird der Button aktiv und Sie k\\u00f6nnen Ihre Empfehlung an Flattr senden. Schon beim Aktivieren werden Daten an Dritte \\u00fcbertragen - siehe <em>i<\\\/em>.\",\"perma_option\":\"off\"}},\"txt_help\":\"Wenn Sie diese Felder durch einen Klick aktivieren, werden Informationen an Facebook, Twitter, Flattr, Xing, t3n, LinkedIn, Pinterest oder Google eventuell ins Ausland \\u00fcbertragen und unter Umst\\u00e4nden auch dort gespeichert. N\\u00e4heres erfahren Sie durch einen Klick auf das <em>i<\\\/em>.\",\"settings_perma\":\"Dauerhaft aktivieren und Daten\\u00fcber-tragung zustimmen:\",\"info_link\":\"http:\\\/\\\/www.heise.de\\\/ct\\\/artikel\\\/2-Klicks-fuer-mehr-Datenschutz-1333879.html\",\"uri\":\"https:\\\/\\\/www.brennecke.org\\\/?p=2150\",\"post_id\":2150,\"post_title_referrer_track\":\"Nachtrag%3A+Weiterhin+Abmahnwahn\",\"display_infobox\":\"on\"});}});\n\/* ]]> *\/<\/script><\/div>","protected":false},"excerpt":{"rendered":"<p>Werte Leserinnen und Leser, ich muss meinen letzten Artikel korrigieren. Die CDU hat nicht nur Herrn Krings, sondern auch den Kulturstaatsminister Bernd Neumann in den Kampf gegen Kinder und Jugendliche auf dem Schulhof Raubkopierer und Urheberrechtsverbrecher geschickt. Dieser hat nun &hellip; <a href=\"https:\/\/www.brennecke.org\/?p=2150\">Weiterlesen <span class=\"meta-nav\">&rarr;<\/span><\/a><\/p>\n","protected":false},"author":1,"featured_media":0,"comment_status":"closed","ping_status":"open","sticky":false,"template":"","format":"standard","meta":{"footnotes":""},"categories":[1,3,447],"tags":[504,507,508,506,505,50],"_links":{"self":[{"href":"https:\/\/www.brennecke.org\/index.php?rest_route=\/wp\/v2\/posts\/2150"}],"collection":[{"href":"https:\/\/www.brennecke.org\/index.php?rest_route=\/wp\/v2\/posts"}],"about":[{"href":"https:\/\/www.brennecke.org\/index.php?rest_route=\/wp\/v2\/types\/post"}],"author":[{"embeddable":true,"href":"https:\/\/www.brennecke.org\/index.php?rest_route=\/wp\/v2\/users\/1"}],"replies":[{"embeddable":true,"href":"https:\/\/www.brennecke.org\/index.php?rest_route=%2Fwp%2Fv2%2Fcomments&post=2150"}],"version-history":[{"count":4,"href":"https:\/\/www.brennecke.org\/index.php?rest_route=\/wp\/v2\/posts\/2150\/revisions"}],"predecessor-version":[{"id":3755,"href":"https:\/\/www.brennecke.org\/index.php?rest_route=\/wp\/v2\/posts\/2150\/revisions\/3755"}],"wp:attachment":[{"href":"https:\/\/www.brennecke.org\/index.php?rest_route=%2Fwp%2Fv2%2Fmedia&parent=2150"}],"wp:term":[{"taxonomy":"category","embeddable":true,"href":"https:\/\/www.brennecke.org\/index.php?rest_route=%2Fwp%2Fv2%2Fcategories&post=2150"},{"taxonomy":"post_tag","embeddable":true,"href":"https:\/\/www.brennecke.org\/index.php?rest_route=%2Fwp%2Fv2%2Ftags&post=2150"}],"curies":[{"name":"wp","href":"https:\/\/api.w.org\/{rel}","templated":true}]}}