{"id":217,"date":"2009-08-03T15:00:39","date_gmt":"2009-08-03T13:00:39","guid":{"rendered":"http:\/\/www.brennecke.org\/?p=217"},"modified":"2018-05-14T09:06:01","modified_gmt":"2018-05-14T08:06:01","slug":"we","status":"publish","type":"post","link":"https:\/\/www.brennecke.org\/?p=217","title":{"rendered":"Von Plagen und echten Gefahren"},"content":{"rendered":"<p>Wieder einmal hat Frau von der Leyen ein Interview gegeben, diesmal dem <a title=\"Hamburger Abendblatt: Interview mit Frau vdL\" href=\"http:\/\/www.abendblatt.de\/politik\/article1120772\/Kampf-gegen-Schmutz-im-Internet-wird-verschaerft.html\" target=\"_blank\">Hamburger Abendblatt<\/a>. Und wieder einmal wird sie ihrem Ruf, Tatsachen zu verdrehen und mit den \u00c4ngsten und Vorurteilen der B\u00fcrger in diesem Lande zu spielen, gerecht. Und wieder bleibt nur zu widerlegen. Erledigen wir dies also m\u00f6glichst schnell:<\/p>\n<blockquote><p>Mir geht es jetzt um den Kampf gegen die ungehinderte    Verbreitung von Bildern vergewaltigter Kinder. Der Straftatbestand    Kinderpornografie ist klar abgrenzbar. Doch wir werden weiter Diskussionen    f\u00fchren, wie wir Meinungsfreiheit, Demokratie und Menschenw\u00fcrde im Internet    im richtigen Ma\u00df erhalten. Sonst droht das gro\u00dfartige Internet ein    rechtsfreier Chaosraum zu werden, in dem man hemmungslos mobben, beleidigen    und betr\u00fcgen kann. Wo die W\u00fcrde eines anderen verletzt wird, endet die    eigene Freiheit. Welche Schritte f\u00fcr den Schutz dieser Grenzen notwendig    sind, ist Teil einer unverzichtbaren Debatte, um die die Gesellschaft nicht    herumkommt.<\/p><\/blockquote>\n<p>Man kann im Internet nicht hemmungslos mobben, beleidigen    und betr\u00fcgen, weil es kein rechtsfreier Raum ist. Genau so wie im realen Leben werden\u00a0 sind entsprechende \u00c4u\u00dferungen und Taten im Internet nicht erst seit gestern strafbar und werden verfolgt &#8211; und meistens mit Erfolg. Frau von der Leyen, Sie m\u00fcssen sich informieren, bevor Sie in offizieller Position als Bundesministerin solche Behauptungen aufstellen.<\/p>\n<blockquote><p>Aber ich finde es toll, dass diese    jungen Menschen sich politisch engagieren, sich einmischen und mitmachen.    Das ist der Anfang daf\u00fcr, dass man auf eine jugendlich-forsche Art \u00fcber den    richtigen Weg ringt. Wenn ich die jungen Menschen aber frage, was sie    vorschlagen, wenn die Server, die die Kinderpornografie verbreiten,    unerreichbar f\u00fcr die Strafverfolgungsbeh\u00f6rden in fernen L\u00e4ndern stehen, dann    wissen sie auch keine L\u00f6sung. An diesem Punkt kann ein Staat aber nicht    stehen bleiben, sondern die Gesellschaft muss miteinander einen Ausweg    finden.<\/p><\/blockquote>\n<p>Abgesehen davon, dass viele der Gegner Ihres Internetsperrengesetzes weder jugendlich noch forsch sind: Wir wiederholen immer und immer wieder, dass die von Ihnen angesprochenen Server de facto nicht in fremden L\u00e4ndern stehen, sondern auf einfache Weise erreicht und abgeschaltet werden k\u00f6nnen, und wir beweisen es sogar. Auch unbelehrbare Ignoranz macht daher Ihre Aussage nicht richtiger.<\/p>\n<p><strong>Genug davon.<\/strong><\/p>\n<p>Es ist erforderlich, das Vorgehen von Frau von der Leyen und anderen von einer h\u00f6heren Warte aus zu beurteilen. Am\u00a0 27. September finden die Wahlen zum Deutschen Bundestag statt, daher wird derzeit jede Gelegenheit genutzt, sich zu profilieren. Frau von der Leyens W\u00e4hler liegen im b\u00fcrgerlichen Spektrum, und dieses bedient sie mit solchen Interviews. &#8222;Kampf gegen Schmutz im Internet wird versch\u00e4rft&#8220; &#8211; das passt perfekt ins Denkschema jener B\u00fcrger, die die b\u00f6se Seite des Internet aus Fernsehfilmen und Nachrichten kennen. Die Verbrecher tummeln sich in Internet-Chats, auf ebay und sogar als osteurop\u00e4ische Mitarbeiter der eigenen Bank. Wenn man nun noch den <a title=\"Die Machenschaften der Schmidtleins\" href=\"http:\/\/www.anwaltzentrale.de\/rechtsanwalt_fachartikel\/fachartikel_detail.php?id=257\" target=\"_blank\">Gebr\u00fcdern Schmidtlein<\/a> das Handwerk legt und nebenbei widerliche, rechte Webseiten unseren Blicken entzieht, dann kann das im Verst\u00e4ndnis dieser W\u00e4hler so \u00fcbel nicht sein. Und au\u00dferdem h\u00e4tten sie die rechten Seiten sowieso nicht angesehen, also werden sie sie auch nicht vermissen.<\/p>\n<p>Ich brauche hier nichts mehr \u00fcber Zensur zu schreiben. Es ist klar, dass das Sperren von Webseiten mit nicht strafbaren Inhalten in jedem Fall Zensur ist. Kinderpornographie auf der anderen Seite ist vermutlich sehr gut zu identifizieren, daher wird die Fehlerquote recht gering sein &#8211; und das Sperren von strafrechtlich relevanten Webseiten ist keine Zensur. Die rechte\u00a0 Propaganda ist aber nicht so einfach einzuordnen. Denn, wie der SPD-Abgeordnete Wiefelsp\u00fctz <a title=\"Wiefelsp\u00fctz auf abgeordnetenwatch.de\" href=\"http:\/\/www.abgeordnetenwatch.de\/dr_dieter_wiefelspuetz-650-5785.html#questions\" target=\"_blank\">auf abgeordnetenwatch.de<\/a> v\u00f6llig richtig bemerkt: &#8222;Man kann sich verfassungsfeindlich \u00e4u\u00dfern, ohne sich strafbar zu machen. Sie k\u00f6nnen selbstverst\u00e4ndlich straflos \u00e4u\u00dfern, unseren Verfassungsstaat nebst Grundgesetz abzulehnen.&#8220; Und schon wird es f\u00fcr das BKA schwer, statt eines Richters zu entscheiden, ob eine Seite strafrechtlich relevant ist.<\/p>\n<p>Bei aller Aufregung und verst\u00e4ndlichem \u00c4rger \u00fcber das von-der-Leyensche Vorhaben sollten wir jedoch das rechte Augenma\u00df behalten. Wegen der eben beschriebenen Problematik wird Deutschland  kein Zensurstaat werden. Das Bundesverfassungsgericht wird dem Zugangserschwernisgesetz erwartungsgem\u00e4\u00df den bisher fehlenden Richtervorbehalt zuf\u00fcgen, also die richterliche Kontrolle jeder Sperrverf\u00fcgung, und damit unterliegt das Gesetz engen rechtsstaatlichen Grenzen. Das Bundesverfassungsgericht wird letztinstanzlich auch m\u00f6gliche zuk\u00fcnftige Urteile beispielsweise des <a title=\"LG Hamburg zu Internetsperren\" href=\"http:\/\/www.e-recht24.de\/news\/haftunginhalte\/1209.html\" target=\"_blank\">Hamburger Landgerichts<\/a> \u00fcber Sperrverf\u00fcgungen bei Urheberrechtsverletzungen au\u00dfer Kraft setzen.<\/p>\n<p>Es ist grob fahrl\u00e4ssig, eine Internetzensur-Infrastruktur aufzubauen und vor m\u00f6glichen Gefahren die Augen zu verschlie\u00dfen. Es ist aber auch t\u00f6richt zu glauben, dass allein das Vorhandensein dieser Infrastruktur die Demokratie gef\u00e4hrdet. Wenn in Zukunft der demokratische Rechtsstaat &#8222;Deutschland&#8220; in Gefahr ger\u00e4t, dann nicht wegen Internetsperren, sondern wegen Gruppierungen, die den Staat mit seinen eigenen Mitteln bek\u00e4mpfen. Wenn in Parlamenten rechtsradikale Gruppierungen einziehen, sind diese eine vielfach realere Gefahr als die besagte Infrastruktur. Sollte Deutschland noch einmal in Gefahr geraten, ein Unrechtsstaat zu werden, dann durch Wahlen und die W\u00e4hler radikaler Parteien. Erst dann k\u00f6nnen diese Radikalen auch die jetzt gebaute Infrastruktur nutzen. Ganz ehrlich &#8211; das ist dann meine geringste Sorge.<\/p>\n<p>Wir sollten Frau von der Leyens Gutmenschengerede keinen zu hohen Stellenwert beimessen &#8211; sie ist gerade dabei, den Bogen zu \u00fcberspannen, gerade in der CDU, in der sie ansonsten <a title=\"faz.net: von der Leyen entzweit CDU\" href=\"http:\/\/www.handelsblatt.com\/politik\/deutschland\/familienpolitik-entzweit-cdu-fluegel%3B1014840\" target=\"_blank\">aufgrund ihrer familienpolitischen \u00dcberzeugungen eher eine Randposition einnimmt<\/a>. Wir wissen, dass trotz des eindeutigen Abstimmungsverhaltens auch in den Parteien CDU und SPD keine hundertprozentig eindeutige Haltung zu diesem Thema existiert.<\/p>\n<p>Es lohnt sich also, weiterhin gegen die Dummheit zu k\u00e4mpfen. Wenn wir aber Position beziehen, dann nicht nur gegen jene, die einfach nicht begreifen (wollen), wie das Internet funktioniert, sondern auch gegen die, die nicht wahrhaben wollen, <a title=\"wikipedia.de zu Rosa Luxemburg\" href=\"http:\/\/de.wikiquote.org\/wiki\/Rosa_Luxemburg\" target=\"_blank\">dass\u00a0 Freiheit immer die des Andersdenkenden ist<\/a> und nicht allein das Recht der Mehrheit.<\/p>\n<p>Toleranz hat dort ihr Ende, wo sie genutzt wird, um Intoleranz zu entschuldigen. Verst\u00e4ndnis f\u00fcr politisch und religi\u00f6s Andersdenkende muss dort enden, wo man Fanatiker in Schutz nimmt,\u00a0 wo verblendete Menschen anderen ihren Willen aufzwingen wollen. Aber es gen\u00fcgt nicht, nach Verboten zu rufen, wenn man gleichzeitig die rechtsradikalen Spr\u00fcche des Nachbarsohns verharmlost. Und es gen\u00fcgt auch nicht, Freiheit f\u00fcr das Internet auszurufen und gleichzeitig unt\u00e4tig zu bleiben, wenn Radikale Drohungen gegen Andersdenkende aussto\u00dfen. Ich verweise hierzu gern auf <a title=\"Henryk M. Broder zur Gefahr der Toleranz\" href=\"http:\/\/www.spiegel.de\/kultur\/gesellschaft\/0,1518,584843,00.html\" target=\"_blank\">Henryk M. Broders lesenswerte Kommentare<\/a>.<\/p>\n<p>Wir nehmen f\u00fcr uns in Anspruch zu wissen, wie das Internet tickt. Wenn wir das aber tun, dann m\u00fcssen wir dort auch selbst\u00a0 t\u00e4tig werden und nicht nur Abgeordnete und vermeintliche Demokratiefeinde in den demokratischen Parteien mit E-Mails begl\u00fccken. Wir m\u00fcssen auch Farbe bekennen und jene, die unsere Freiheit tats\u00e4chlich bedrohen, wissen lassen, dass wir ihre Machenschaften nicht tolerieren &#8211; nicht im Internet und auch nicht im realen Leben.<\/p>\n<p>Ursula von der Leyens st\u00e4ndige Nadelstiche m\u00f6gen eine Plage sein &#8211; aber sie ist nicht der Feind. Wenn sie <a title=\"Traumberuf Gesundheitsminister\" href=\"http:\/\/www.gesundheit-adhoc.de\/index.php?m=6&amp;id=26\" target=\"_blank\">nach der Wahl zur Gesundheitsministerin<\/a> wird, wird sie ein neues Bet\u00e4tigungsfeld finden und uns vielleicht zusammen mit der Nachfolgerin von Frau B\u00e4tzing <a title=\"B\u00e4tzing will wein und Bier teurer machen\" href=\"http:\/\/www.focus.de\/politik\/deutschland\/gesundheitspolitik\/steuererhoehung-baetzing-will-alkohol-teurer-machen_aid_357398.html\" target=\"_blank\">den Wein und das Bier<\/a> austreiben. <a title=\"ftd.de: Sch\u00e4ubles Bewerbung nach Br\u00fcssel\" href=\"http:\/\/www.ftd.de\/koepfe\/:EU-Kommission-Sch%E4ubles-Bewerbung-f%FCr-Br%FCssel\/531907.html\" target=\"_blank\">Herr Sch\u00e4uble wird in die EU-Kommission wechseln<\/a> und dort neue Sicherheitsideen entwickeln, die allesamt vom Bundesverfassungsgericht auf Konformit\u00e4t mit dem Grundgesetz \u00fcberpr\u00fcft werden k\u00f6nnen &#8211; in einem langwierigen, aber rechtsstaatlich einwandfreien Prozess, wie auch die Vorratsdatenspeicherung und das BKA-Gesetz.<\/p>\n<p>Hundertzwanzig rechtsradikale Skinheads sind <a title=\"Polizei st\u00fcrmt Rechtsradikalen-Konzert\" href=\"http:\/\/www.volksfreund.de\/Polizei-stuermt-Rechtsextremen-Konzert;art1129,1836944\" target=\"_blank\">ein Fall f\u00fcr die Polizei<\/a>. Eine Million W\u00e4hler rechtsradikaler Parteien sind ein Fall f\u00fcr uns alle. Und wir haben alles Recht dieses\u00a0 Staates auf unserer Seite, etwas zu tun &#8211; im Internet und auch im realen Leben.<\/p>\n<p>Herzlichst,<\/p>\n<p>Ihr JeanLuc7<\/p>\n<div class=\"twoclick_social_bookmarks_post_217 social_share_privacy clearfix 1.6.4 locale-de_DE sprite-de_DE\"><\/div><div class=\"twoclick-js\"><script type=\"text\/javascript\">\/* <![CDATA[ *\/\njQuery(document).ready(function($){if($('.twoclick_social_bookmarks_post_217')){$('.twoclick_social_bookmarks_post_217').socialSharePrivacy({\"services\":{\"facebook\":{\"status\":\"on\",\"txt_info\":\"2 Klicks f\\u00fcr mehr Datenschutz: Erst wenn Sie hier klicken, wird der Button aktiv und Sie k\\u00f6nnen Ihre Empfehlung an Facebook senden. Schon beim Aktivieren werden Daten an Dritte \\u00fcbertragen - siehe <em>i<\\\/em>.\",\"perma_option\":\"off\",\"action\":\"recommend\",\"language\":\"de_DE\"},\"twitter\":{\"reply_to\":\"\",\"tweet_text\":\"%20Von%20Plagen%20und%20echten%20Gefahren%20%C2%BB%2053%20Cent%20%23Bundesverfassungsgericht%20%23Hamburger%20...\",\"status\":\"on\",\"txt_info\":\"2 Klicks f\\u00fcr mehr Datenschutz: Erst wenn Sie hier klicken, wird der Button aktiv und Sie k\\u00f6nnen Ihre Empfehlung an Twitter senden. Schon beim Aktivieren werden Daten an Dritte \\u00fcbertragen - siehe <em>i<\\\/em>.\",\"perma_option\":\"off\",\"language\":\"de\",\"referrer_track\":\"\"},\"gplus\":{\"status\":\"on\",\"txt_info\":\"2 Klicks f\\u00fcr mehr Datenschutz: Erst wenn Sie hier klicken, wird der Button aktiv und Sie k\\u00f6nnen Ihre Empfehlung an Google+ senden. Schon beim Aktivieren werden Daten an Dritte \\u00fcbertragen - siehe <em>i<\\\/em>.\",\"perma_option\":\"off\",\"referrer_track\":\"\"},\"flattr\":{\"uid\":\"\",\"status\":\"on\",\"the_title\":\"Von%20Plagen%20und%20echten%20Gefahren\",\"the_excerpt\":\"Wieder%20einmal%20hat%20Frau%20von%20der%20Leyen%20ein%20Interview%20gegeben%2C%20diesmal%20dem%20Hamburger%20Abendblatt.%20Und%20wieder%20einmal%20wird%20sie%20ihrem%20Ruf%2C%20Tatsachen%20zu%20verdrehen%20und%20mit%20den%20%C3%84ngsten%20und%20Vorurteilen%20der%20B%C3%BCrger%20in%20diesem%20Lande%20zu%20spielen%2C%20gerecht.%20Und%20wieder%20bleibt%20nur%20zu%20widerlegen.%20Erledigen%20wir%20dies%20also%20m%C3%B6glichst%20schnell%3A%0D%0AMir%20geht%20es%20jetzt%20um%20den%20Kampf%20gegen%20die%20ungehinderte%20%20%20%20Verbreitung%20von%20Bil%20...\",\"txt_info\":\"2 Klicks f\\u00fcr mehr Datenschutz: Erst wenn Sie hier klicken, wird der Button aktiv und Sie k\\u00f6nnen Ihre Empfehlung an Flattr senden. Schon beim Aktivieren werden Daten an Dritte \\u00fcbertragen - siehe <em>i<\\\/em>.\",\"perma_option\":\"off\"}},\"txt_help\":\"Wenn Sie diese Felder durch einen Klick aktivieren, werden Informationen an Facebook, Twitter, Flattr, Xing, t3n, LinkedIn, Pinterest oder Google eventuell ins Ausland \\u00fcbertragen und unter Umst\\u00e4nden auch dort gespeichert. N\\u00e4heres erfahren Sie durch einen Klick auf das <em>i<\\\/em>.\",\"settings_perma\":\"Dauerhaft aktivieren und Daten\\u00fcber-tragung zustimmen:\",\"info_link\":\"http:\\\/\\\/www.heise.de\\\/ct\\\/artikel\\\/2-Klicks-fuer-mehr-Datenschutz-1333879.html\",\"uri\":\"https:\\\/\\\/www.brennecke.org\\\/?p=217\",\"post_id\":217,\"post_title_referrer_track\":\"Von+Plagen+und+echten+Gefahren\",\"display_infobox\":\"on\"});}});\n\/* ]]> *\/<\/script><\/div>","protected":false},"excerpt":{"rendered":"<p>Wieder einmal hat Frau von der Leyen ein Interview gegeben, diesmal dem Hamburger Abendblatt. Und wieder einmal wird sie ihrem Ruf, Tatsachen zu verdrehen und mit den \u00c4ngsten und Vorurteilen der B\u00fcrger in diesem Lande zu spielen, gerecht. Und wieder &hellip; <a href=\"https:\/\/www.brennecke.org\/?p=217\">Weiterlesen <span class=\"meta-nav\">&rarr;<\/span><\/a><\/p>\n","protected":false},"author":1,"featured_media":0,"comment_status":"closed","ping_status":"open","sticky":false,"template":"","format":"standard","meta":{"footnotes":""},"categories":[1,3],"tags":[105,103,101,75,104,39,102,30,26,7,62,65],"_links":{"self":[{"href":"https:\/\/www.brennecke.org\/index.php?rest_route=\/wp\/v2\/posts\/217"}],"collection":[{"href":"https:\/\/www.brennecke.org\/index.php?rest_route=\/wp\/v2\/posts"}],"about":[{"href":"https:\/\/www.brennecke.org\/index.php?rest_route=\/wp\/v2\/types\/post"}],"author":[{"embeddable":true,"href":"https:\/\/www.brennecke.org\/index.php?rest_route=\/wp\/v2\/users\/1"}],"replies":[{"embeddable":true,"href":"https:\/\/www.brennecke.org\/index.php?rest_route=%2Fwp%2Fv2%2Fcomments&post=217"}],"version-history":[{"count":9,"href":"https:\/\/www.brennecke.org\/index.php?rest_route=\/wp\/v2\/posts\/217\/revisions"}],"predecessor-version":[{"id":221,"href":"https:\/\/www.brennecke.org\/index.php?rest_route=\/wp\/v2\/posts\/217\/revisions\/221"}],"wp:attachment":[{"href":"https:\/\/www.brennecke.org\/index.php?rest_route=%2Fwp%2Fv2%2Fmedia&parent=217"}],"wp:term":[{"taxonomy":"category","embeddable":true,"href":"https:\/\/www.brennecke.org\/index.php?rest_route=%2Fwp%2Fv2%2Fcategories&post=217"},{"taxonomy":"post_tag","embeddable":true,"href":"https:\/\/www.brennecke.org\/index.php?rest_route=%2Fwp%2Fv2%2Ftags&post=217"}],"curies":[{"name":"wp","href":"https:\/\/api.w.org\/{rel}","templated":true}]}}