{"id":2258,"date":"2013-03-14T16:36:04","date_gmt":"2013-03-14T14:36:04","guid":{"rendered":"http:\/\/www.brennecke.org\/?p=2258"},"modified":"2018-05-14T09:04:12","modified_gmt":"2018-05-14T08:04:12","slug":"franziskus-oder-wie-alles-beim-alten-blieb","status":"publish","type":"post","link":"https:\/\/www.brennecke.org\/?p=2258","title":{"rendered":"Franziskus oder wie alles beim alten blieb"},"content":{"rendered":"<p>Liebe Katholiken,<\/p>\n<p>Gl\u00fcckwunsch zu Eurem neuen Papst. So eine Gratulation gebietet allein die H\u00f6flichkeit &#8211; denn ansonsten gibt es nicht viel zu feiern. Insbesondere sollten sich alle, die jetzt Aufbruchstimmung und Neuanfang wittern, fragen, wo sie diese Witterung aufgenommen haben. Der Neue hat n\u00e4mlich den Stallgeruch des Alten &#8211; er ist homophob, strikter Abtreibungs- und Kondomgegner, und Frauen kommen in seinem Weltbild erst gar nicht vor. Vor allem aber ist er 76 Jahre alt. Wenn man nicht gerade Adenauer hei\u00dft und ein zerst\u00f6rtes Land wieder aufbauen muss, ist das mit Sicherheit kein guter Einstieg f\u00fcr einen Neuanfang, sondern die letzte Chance, noch einmal die Position zu wechseln.<\/p>\n<p>Die Presse feiert Franziskus I. alias Jorge Mario Bergoglio als \u00dcbergangspapst, wie \u00fcbrigens auch viele seiner Vorg\u00e4nger inklusive des vatikankonzilianten Johannes XXIII. \u00dcbergang, das impliziert ein gewisses, wenn auch langsames Fortschreiten. Damit kann nur die fortschreitende Entfernung von den Problemen der Welt gemeint sein, denn auf realem Boden wandeln diese alten M\u00e4nner schon lange nicht mehr. Und ohne Boden kann es wohl auch keinen Erdrutschpapst geben. Also bleibt in der RKK alles beim alten.<\/p>\n<p>Schade drum.<\/p>\n<p>Es gr\u00fc\u00dft herzlich<\/p>\n<p>Ihr JeanLuc7<\/p>\n<p>&nbsp;<\/p>\n<p>&nbsp;<\/p>\n<p>&nbsp;<\/p>\n<div class=\"twoclick_social_bookmarks_post_2258 social_share_privacy clearfix 1.6.4 locale-de_DE sprite-de_DE\"><\/div><div class=\"twoclick-js\"><script type=\"text\/javascript\">\/* <![CDATA[ *\/\njQuery(document).ready(function($){if($('.twoclick_social_bookmarks_post_2258')){$('.twoclick_social_bookmarks_post_2258').socialSharePrivacy({\"services\":{\"facebook\":{\"status\":\"on\",\"txt_info\":\"2 Klicks f\\u00fcr mehr Datenschutz: Erst wenn Sie hier klicken, wird der Button aktiv und Sie k\\u00f6nnen Ihre Empfehlung an Facebook senden. Schon beim Aktivieren werden Daten an Dritte \\u00fcbertragen - siehe <em>i<\\\/em>.\",\"perma_option\":\"off\",\"action\":\"recommend\",\"language\":\"de_DE\"},\"twitter\":{\"reply_to\":\"\",\"tweet_text\":\"%20Franziskus%20oder%20wie%20alles%20beim%20alten%20blieb%20%C2%BB%2053%20Cent%20%23Erdrutsch%20%23Franziskus%20...\",\"status\":\"on\",\"txt_info\":\"2 Klicks f\\u00fcr mehr Datenschutz: Erst wenn Sie hier klicken, wird der Button aktiv und Sie k\\u00f6nnen Ihre Empfehlung an Twitter senden. Schon beim Aktivieren werden Daten an Dritte \\u00fcbertragen - siehe <em>i<\\\/em>.\",\"perma_option\":\"off\",\"language\":\"de\",\"referrer_track\":\"\"},\"gplus\":{\"status\":\"on\",\"txt_info\":\"2 Klicks f\\u00fcr mehr Datenschutz: Erst wenn Sie hier klicken, wird der Button aktiv und Sie k\\u00f6nnen Ihre Empfehlung an Google+ senden. Schon beim Aktivieren werden Daten an Dritte \\u00fcbertragen - siehe <em>i<\\\/em>.\",\"perma_option\":\"off\",\"referrer_track\":\"\"},\"flattr\":{\"uid\":\"\",\"status\":\"on\",\"the_title\":\"Franziskus%20oder%20wie%20alles%20beim%20alten%20blieb\",\"the_excerpt\":\"Liebe%20Katholiken%2C%0D%0A%0D%0AGl%C3%BCckwunsch%20zu%20Eurem%20neuen%20Papst.%20So%20eine%20Gratulation%20gebietet%20allein%20die%20H%C3%B6flichkeit%20-%20denn%20ansonsten%20gibt%20es%20nicht%20viel%20zu%20feiern.%20Insbesondere%20sollten%20sich%20alle%2C%20die%20jetzt%20Aufbruchstimmung%20und%20Neuanfang%20wittern%2C%20fragen%2C%20wo%20sie%20diese%20Witterung%20aufgenommen%20haben.%20Der%20Neue%20hat%20n%C3%A4mlich%20den%20Stallgeruch%20des%20Alten%20-%20er%20ist%20homophob%2C%20strikter%20Abtreibungs-%20und%20Kondomgegner%2C%20und%20%20...\",\"txt_info\":\"2 Klicks f\\u00fcr mehr Datenschutz: Erst wenn Sie hier klicken, wird der Button aktiv und Sie k\\u00f6nnen Ihre Empfehlung an Flattr senden. Schon beim Aktivieren werden Daten an Dritte \\u00fcbertragen - siehe <em>i<\\\/em>.\",\"perma_option\":\"off\"}},\"txt_help\":\"Wenn Sie diese Felder durch einen Klick aktivieren, werden Informationen an Facebook, Twitter, Flattr, Xing, t3n, LinkedIn, Pinterest oder Google eventuell ins Ausland \\u00fcbertragen und unter Umst\\u00e4nden auch dort gespeichert. N\\u00e4heres erfahren Sie durch einen Klick auf das <em>i<\\\/em>.\",\"settings_perma\":\"Dauerhaft aktivieren und Daten\\u00fcber-tragung zustimmen:\",\"info_link\":\"http:\\\/\\\/www.heise.de\\\/ct\\\/artikel\\\/2-Klicks-fuer-mehr-Datenschutz-1333879.html\",\"uri\":\"https:\\\/\\\/www.brennecke.org\\\/?p=2258\",\"post_id\":2258,\"post_title_referrer_track\":\"Franziskus+oder+wie+alles+beim+alten+blieb\",\"display_infobox\":\"on\"});}});\n\/* ]]> *\/<\/script><\/div>","protected":false},"excerpt":{"rendered":"<p>Liebe Katholiken, Gl\u00fcckwunsch zu Eurem neuen Papst. So eine Gratulation gebietet allein die H\u00f6flichkeit &#8211; denn ansonsten gibt es nicht viel zu feiern. Insbesondere sollten sich alle, die jetzt Aufbruchstimmung und Neuanfang wittern, fragen, wo sie diese Witterung aufgenommen haben. &hellip; <a href=\"https:\/\/www.brennecke.org\/?p=2258\">Weiterlesen <span class=\"meta-nav\">&rarr;<\/span><\/a><\/p>\n","protected":false},"author":1,"featured_media":0,"comment_status":"closed","ping_status":"open","sticky":false,"template":"","format":"standard","meta":{"footnotes":""},"categories":[1,3],"tags":[534,533,524,233],"_links":{"self":[{"href":"https:\/\/www.brennecke.org\/index.php?rest_route=\/wp\/v2\/posts\/2258"}],"collection":[{"href":"https:\/\/www.brennecke.org\/index.php?rest_route=\/wp\/v2\/posts"}],"about":[{"href":"https:\/\/www.brennecke.org\/index.php?rest_route=\/wp\/v2\/types\/post"}],"author":[{"embeddable":true,"href":"https:\/\/www.brennecke.org\/index.php?rest_route=\/wp\/v2\/users\/1"}],"replies":[{"embeddable":true,"href":"https:\/\/www.brennecke.org\/index.php?rest_route=%2Fwp%2Fv2%2Fcomments&post=2258"}],"version-history":[{"count":3,"href":"https:\/\/www.brennecke.org\/index.php?rest_route=\/wp\/v2\/posts\/2258\/revisions"}],"predecessor-version":[{"id":3751,"href":"https:\/\/www.brennecke.org\/index.php?rest_route=\/wp\/v2\/posts\/2258\/revisions\/3751"}],"wp:attachment":[{"href":"https:\/\/www.brennecke.org\/index.php?rest_route=%2Fwp%2Fv2%2Fmedia&parent=2258"}],"wp:term":[{"taxonomy":"category","embeddable":true,"href":"https:\/\/www.brennecke.org\/index.php?rest_route=%2Fwp%2Fv2%2Fcategories&post=2258"},{"taxonomy":"post_tag","embeddable":true,"href":"https:\/\/www.brennecke.org\/index.php?rest_route=%2Fwp%2Fv2%2Ftags&post=2258"}],"curies":[{"name":"wp","href":"https:\/\/api.w.org\/{rel}","templated":true}]}}