{"id":228,"date":"2009-08-05T21:03:40","date_gmt":"2009-08-05T19:03:40","guid":{"rendered":"http:\/\/www.brennecke.org\/?p=228"},"modified":"2018-05-14T09:06:01","modified_gmt":"2018-05-14T08:06:01","slug":"die-spd-und-die-meinungsvielfalt","status":"publish","type":"post","link":"https:\/\/www.brennecke.org\/?p=228","title":{"rendered":"Die SPD und die Meinungsvielfalt"},"content":{"rendered":"<p>Ich bin im Blog <a title=\"Schaltzentrale-Blog der S\u00fcddeutschen\" href=\"http:\/\/blogs.sueddeutsche.de\/schaltzentrale\/2009\/08\/05\/fuenf-thesen-gert-weisskirchen\/\" target=\"_blank\">Schaltzentrale<\/a> der S\u00fcddeutschen Zeitung auf die &#8222;F\u00fcnf Thesen&#8220; des Herrn Professor\u00a0 Weisskirchen gesto\u00dfen. Er ist au\u00dfenpolitischer Sprecher der SPD-Fraktion und als solcher offenbar berufen, zu Internetsperren zu sprechen. Vor allem die folgende These klingt interessant:<\/p>\n<blockquote><p>Eine Ausdehnung der Netzsperren auf andere Inhalte als Kinderpornographie sollte klug beachtet werden, z.B. um Antisemitismus besser zu bek\u00e4mpfen.<\/p><\/blockquote>\n<p>Ich erinnere mich noch an die Worte seines Parteikollegen D\u00f6rmann, dem Verhandlungsf\u00fchrer der SPD-Fraktion bei Thema &#8222;Internetsperren&#8220;, der bei jeder sich bietenden Gelegenheit betont hat, dass die Internetsperren auf Kinderpornographie begrenzt bleiben. Auch sein Konterpart bei der CDU, Frau Krogmann, bezeichnet \u00c4u\u00dferungen zu einer Ausweitung stets als &#8222;Einzelmeinung&#8220;.<\/p>\n<p>Ist Herrn Weisskirchens Aussage nun seine pers\u00f6nliche Meinung, oder denkt man in der SPD-Fraktion doch st\u00e4rker als bisher dargelegt \u00fcber Ma\u00dfnahmen zur Ausweitung von Websperren nach? Eine Klarstellung tut not.<\/p>\n<p>Generell gilt: Antisemitismus ist ein Thema, bei dem man schwerlich auf der falschen Seite stehen kann. Dennoch sind antisemitische \u00c4u\u00dferungen in der Regel nicht strafbar, solange sie nicht volksverhetzend sind. In Deutschland unter Strafe gestellt ist auch die Leugnung des Holocaust. Seiten mit solchen Inhalten sind aber offen erkennbar und locken auch niemanden an, es sei denn, er ist sowieso affin. Zudem k\u00f6nnen diese Seiten per Richterbeschluss vom Netz genommen werden, und das geschieht auch bereits.<\/p>\n<p>Viel kritischer sind jene Seiten, in denen die b\u00f6sen Botschaften halb versteckt sind, und darin sind die Rechtsextremen inzwischen sehr gut. So gut, dass diese Seiten nichts erkennbar Strafbares enthalten und auch nicht von Internetsperren bedroht, geschweige denn aufgehalten w\u00fcrden. Es bleibt nach wie vor nur, wachsam zu bleiben. Alles andere ist &#8211; Zensur.<\/p>\n<p>Ich wei\u00df, dass ausl\u00e4ndische Seiten, auf denen der Holocaust geleugnet wird, nicht abgeschaltet werden k\u00f6nnen, denn das zugeh\u00f6rige Gesetz gilt nur in Deutschland. Man bedenke aber, was Sperren hier anrichten, und wie konsequent sie sein m\u00fcssten: Berichte \u00fcber den iranischen Pr\u00e4sidenten m\u00fcssen dann beispielsweise ebenfalls vom Netz. Das mag vielleicht nicht schade sein, aber es ist &#8211; Zensur.<\/p>\n<p>Herzlichst<\/p>\n<p>Ihr JeanLuc7<\/p>\n<div class=\"twoclick_social_bookmarks_post_228 social_share_privacy clearfix 1.6.4 locale-de_DE sprite-de_DE\"><\/div><div class=\"twoclick-js\"><script type=\"text\/javascript\">\/* <![CDATA[ *\/\njQuery(document).ready(function($){if($('.twoclick_social_bookmarks_post_228')){$('.twoclick_social_bookmarks_post_228').socialSharePrivacy({\"services\":{\"facebook\":{\"status\":\"on\",\"txt_info\":\"2 Klicks f\\u00fcr mehr Datenschutz: Erst wenn Sie hier klicken, wird der Button aktiv und Sie k\\u00f6nnen Ihre Empfehlung an Facebook senden. Schon beim Aktivieren werden Daten an Dritte \\u00fcbertragen - siehe <em>i<\\\/em>.\",\"perma_option\":\"off\",\"action\":\"recommend\",\"language\":\"de_DE\"},\"twitter\":{\"reply_to\":\"\",\"tweet_text\":\"%20Die%20SPD%20und%20die%20Meinungsvielfalt%20%C2%BB%2053%20Cent%20%23Antisemitismus%20%23D%C3%B6rmann%20...\",\"status\":\"on\",\"txt_info\":\"2 Klicks f\\u00fcr mehr Datenschutz: Erst wenn Sie hier klicken, wird der Button aktiv und Sie k\\u00f6nnen Ihre Empfehlung an Twitter senden. Schon beim Aktivieren werden Daten an Dritte \\u00fcbertragen - siehe <em>i<\\\/em>.\",\"perma_option\":\"off\",\"language\":\"de\",\"referrer_track\":\"\"},\"gplus\":{\"status\":\"on\",\"txt_info\":\"2 Klicks f\\u00fcr mehr Datenschutz: Erst wenn Sie hier klicken, wird der Button aktiv und Sie k\\u00f6nnen Ihre Empfehlung an Google+ senden. Schon beim Aktivieren werden Daten an Dritte \\u00fcbertragen - siehe <em>i<\\\/em>.\",\"perma_option\":\"off\",\"referrer_track\":\"\"},\"flattr\":{\"uid\":\"\",\"status\":\"on\",\"the_title\":\"Die%20SPD%20und%20die%20Meinungsvielfalt\",\"the_excerpt\":\"Ich%20bin%20im%20Blog%20Schaltzentrale%20der%20S%C3%BCddeutschen%20Zeitung%20auf%20die%20%22F%C3%BCnf%20Thesen%22%20des%20Herrn%20Professor%C2%A0%20Weisskirchen%20gesto%C3%9Fen.%20Er%20ist%20au%C3%9Fenpolitischer%20Sprecher%20der%20SPD-Fraktion%20und%20als%20solcher%20offenbar%20berufen%2C%20zu%20Internetsperren%20zu%20sprechen.%20Vor%20allem%20die%20folgende%20These%20klingt%20interessant%3A%0D%0AEine%20Ausdehnung%20der%20Netzsperren%20auf%20andere%20Inhalte%20als%20Kinderpornographie%20sollte%20klug%20beachtet%20werden%2C%20z.B.%20%20...\",\"txt_info\":\"2 Klicks f\\u00fcr mehr Datenschutz: Erst wenn Sie hier klicken, wird der Button aktiv und Sie k\\u00f6nnen Ihre Empfehlung an Flattr senden. Schon beim Aktivieren werden Daten an Dritte \\u00fcbertragen - siehe <em>i<\\\/em>.\",\"perma_option\":\"off\"}},\"txt_help\":\"Wenn Sie diese Felder durch einen Klick aktivieren, werden Informationen an Facebook, Twitter, Flattr, Xing, t3n, LinkedIn, Pinterest oder Google eventuell ins Ausland \\u00fcbertragen und unter Umst\\u00e4nden auch dort gespeichert. N\\u00e4heres erfahren Sie durch einen Klick auf das <em>i<\\\/em>.\",\"settings_perma\":\"Dauerhaft aktivieren und Daten\\u00fcber-tragung zustimmen:\",\"info_link\":\"http:\\\/\\\/www.heise.de\\\/ct\\\/artikel\\\/2-Klicks-fuer-mehr-Datenschutz-1333879.html\",\"uri\":\"https:\\\/\\\/www.brennecke.org\\\/?p=228\",\"post_id\":228,\"post_title_referrer_track\":\"Die+SPD+und+die+Meinungsvielfalt\",\"display_infobox\":\"on\"});}});\n\/* ]]> *\/<\/script><\/div>","protected":false},"excerpt":{"rendered":"<p>Ich bin im Blog Schaltzentrale der S\u00fcddeutschen Zeitung auf die &#8222;F\u00fcnf Thesen&#8220; des Herrn Professor\u00a0 Weisskirchen gesto\u00dfen. Er ist au\u00dfenpolitischer Sprecher der SPD-Fraktion und als solcher offenbar berufen, zu Internetsperren zu sprechen. Vor allem die folgende These klingt interessant: Eine &hellip; <a href=\"https:\/\/www.brennecke.org\/?p=228\">Weiterlesen <span class=\"meta-nav\">&rarr;<\/span><\/a><\/p>\n","protected":false},"author":1,"featured_media":0,"comment_status":"closed","ping_status":"open","sticky":false,"template":"","format":"standard","meta":{"footnotes":""},"categories":[1,3],"tags":[107,64,47,108,63,106,65],"_links":{"self":[{"href":"https:\/\/www.brennecke.org\/index.php?rest_route=\/wp\/v2\/posts\/228"}],"collection":[{"href":"https:\/\/www.brennecke.org\/index.php?rest_route=\/wp\/v2\/posts"}],"about":[{"href":"https:\/\/www.brennecke.org\/index.php?rest_route=\/wp\/v2\/types\/post"}],"author":[{"embeddable":true,"href":"https:\/\/www.brennecke.org\/index.php?rest_route=\/wp\/v2\/users\/1"}],"replies":[{"embeddable":true,"href":"https:\/\/www.brennecke.org\/index.php?rest_route=%2Fwp%2Fv2%2Fcomments&post=228"}],"version-history":[{"count":7,"href":"https:\/\/www.brennecke.org\/index.php?rest_route=\/wp\/v2\/posts\/228\/revisions"}],"predecessor-version":[{"id":3811,"href":"https:\/\/www.brennecke.org\/index.php?rest_route=\/wp\/v2\/posts\/228\/revisions\/3811"}],"wp:attachment":[{"href":"https:\/\/www.brennecke.org\/index.php?rest_route=%2Fwp%2Fv2%2Fmedia&parent=228"}],"wp:term":[{"taxonomy":"category","embeddable":true,"href":"https:\/\/www.brennecke.org\/index.php?rest_route=%2Fwp%2Fv2%2Fcategories&post=228"},{"taxonomy":"post_tag","embeddable":true,"href":"https:\/\/www.brennecke.org\/index.php?rest_route=%2Fwp%2Fv2%2Ftags&post=228"}],"curies":[{"name":"wp","href":"https:\/\/api.w.org\/{rel}","templated":true}]}}