{"id":236,"date":"2009-08-14T14:47:04","date_gmt":"2009-08-14T12:47:04","guid":{"rendered":"http:\/\/www.brennecke.org\/?p=236"},"modified":"2018-05-14T09:06:01","modified_gmt":"2018-05-14T08:06:01","slug":"zeit-furs-erwachen","status":"publish","type":"post","link":"https:\/\/www.brennecke.org\/?p=236","title":{"rendered":"Zeit f\u00fcrs Erwachen"},"content":{"rendered":"<p>In den letzten Tagen sind in den Online-Medien und auch im Printbereich einige lesenswerte Berichte erschienen, die ich gerne verlinken m\u00f6chte.<\/p>\n<p>Zun\u00e4chst ist da die fast schon zynische Beschreibung \u00fcber das Internet-Unwissen der Politiker, zu finden im Artikel &#8222;<a title=\"SPON: Denn sie wissen nicht, was sie tun\" href=\"http:\/\/www.spiegel.de\/netzwelt\/web\/0,1518,641899,00.html\" target=\"_blank\">Denn sie wissen nicht, was sie tun<\/a>&#8222;, einem Auszug aus dem Buch &#8222;Angriff auf die Freiheit&#8220; von Ilija Trojanow und Juli Zeh auf Spiegel online. Die beiden Autoren beschreiben dort, welche Parteien man w\u00e4hlen sollte, wenn man auf die Wahrung von B\u00fcrgerrechten wert legt und pr\u00e4sentieren uns auch gleich eine Menge Beispiele f\u00fcr die Inkompetenz der f\u00fchrenden Politiker, wenn es um das Internet geht. Beispiel: Innenminister Sch\u00e4uble zu den Online-Durchsuchungen:<\/p>\n<blockquote><p>&#8222;Unter Online-Durchsuchung wird Verschiedenes verstanden, das ist klar. Da wird&#8230;da wird sowohl verstanden&#8230; der Telekommunikation&#8230;der&#8230;der Verkehr, als auch die Durchsuchung in den Systemen selbst, weil die technische Entwicklung eben so ist, aber da m\u00fcssen wir jetzt schon fast die&#8230;die&#8230;die Internetexperten genauer befragen. Sich so entwickelt, dass eben unsere, oder meine laienhafte Vorstellung, dass Internet so etwas \u00c4hnliches sei wie ne moderne Telefonanlage, das stimmt eben lange nicht mehr, und deswegen braucht man da&#8230; Wenn Sie wollen, kann das der Herr Fromm genauer erl\u00e4utern, der versteht&#8217;s ein wenig, richtig verstehen tut er&#8217;s wahrscheinlich auch nicht, denn das w\u00e4r ja gar nicht gut (Gel\u00e4chter unter den versammelten Journalisten),wenn der Pr\u00e4sident des Bundesamts f\u00fcr Verfassungsschutz ein Online-Experte w\u00e4re.&#8220;<\/p><\/blockquote>\n<p>Auch Bundeskanzlerin Merkel wird dort zitiert:<\/p>\n<blockquote><p>&#8222;Eigentlich l\u00e4uft alles ganz prima, aber trotzdem brauchen wir mehr \u00dcberwachung.&#8220;<\/p><\/blockquote>\n<p>Beides bedarf keines weiteren Kommentars. Die beiden Autoren kommen daher zu einer bedenkenswerten Aussage:<\/p>\n<blockquote><p>&#8222;Es geht um etwas viel Grunds\u00e4tzlicheres &#8211; um \u00dcberwachung als Selbstzweck. &#8230; Die Politiker behaupten einen Zwang zum Handeln, wo zun\u00e4chst einmal Diskussionsbedarf besteht, n\u00e4mlich \u00fcber die Frage, inwieweit und auf welche Weise der Staat auf technologische und gesellschaftliche Entwicklungen reagieren kann und soll.&#8220;<\/p><\/blockquote>\n<p>Als zweites m\u00f6chte ich auf den Artikel <a title=\"SPON: Zehn Thesen zum Web\" href=\"http:\/\/www.spiegel.de\/netzwelt\/web\/0,1518,641508,00.html\" target=\"_blank\">&#8222;Zehn Thesen zum Web: Warum die Dummheit des Internets ein Segen ist&#8220;<\/a> von Christian St\u00f6cker auf <strong>Spiegel Online<\/strong> hinweisen. Herr St\u00f6cker hat seine Kompetenz in Sachen Internet <a title=\"SPON: Generation C64\" href=\"http:\/\/www.spiegel.de\/netzwelt\/web\/0,1518,628017,00.html\" target=\"_blank\">schon mehrfach unter Beweis gestellt<\/a>, und auch hier fasst er emotionsfrei alle wichtigen Punkte zusammen, die unsere Politiker beachten sollten, bevor sie in Bezug auf das Internet von rechtsfreien R\u00e4umen und anderem Unsinn reden. Gut erkannt ist beispielsweise seine These zum Jugendschutz:<\/p>\n<blockquote><p>&#8222;Sicher ist: Jugendschutzregelungen lassen sich in Grenzen immer umgehen, und das geschieht auch fortw\u00e4hrend. Jugendschutz ist ein Prozess, der permanent neu ausgehandelt werden muss, dessen Rahmenbedingungen st\u00e4ndig neu definiert werden m\u00fcssen, damit das Recht des Einzelnen dabei nicht auf der Strecke bleibt. Das Moralempfinden einer bestimmten Generation zum Gradmesser f\u00fcr das zu machen, was im Netz erlaubt sein sollte, ist nicht nur technisch nicht umsetzbar &#8211; es w\u00e4re auch ein \u00e4u\u00dferst kurzsichtiger Umgang mit unserem h\u00f6chsten Gut: unserer Freiheit.&#8220;<\/p><\/blockquote>\n<p>Zum dritten &#8211; ebenfalls auf <strong>Spiegel Online<\/strong> &#8211; geht Konrad Lischka in seinem Artikel &#8222;<a title=\"SPON: Die Rache des Textmonsters\" href=\"http:\/\/www.spiegel.de\/netzwelt\/web\/0,1518,641659,00.html\" target=\"_blank\">Die Rache des Textmonsters<\/a>&#8220; einen pragmatischen Weg zu zeigen, dass das Internet beileibe kein rechtsfreier Raum ist:<\/p>\n<blockquote><p>&#8222;Grunds\u00e4tzlich ist das Internet genauso reguliert wie andere Lebensbereiche, sagt Thomas Hoeren, Richter und Jura-Professor f\u00fcr Informations-, Telekommunikations- und Medienrecht in M\u00fcnster. Anfang der neunziger Jahre gab es da noch ganz andere Ansichten, als Juristen wie David Post von rechtsfreien R\u00e4umen schw\u00e4rmten &#8211; aber &#8222;das ist in der Theorie und in der Praxis schon lange Vergangenheit&#8220;, sagt Hoeren.&#8220;<\/p><\/blockquote>\n<p>Der Autor beschreibt dann haarklein, wie vielen unterschiedlichen und teils auch widerspr\u00fcchlichen Regelungen das Internet bereits unterliegt.<\/p>\n<p>Sogar in der Printausgabe l\u00e4sst die <strong>Zeit<\/strong> Ilija Trojanow und Juli Zeh berichten &#8211; der Artikel &#8222;<a title=\"zeit.de: Sicherheit total\" href=\"http:\/\/www.zeit.de\/2009\/33\/Sicherheitswahn\" target=\"_blank\">Sicherheit total<\/a>&#8220; ist auch online zu lesen. Dort beschreiben sie die aktuelle \u00dcberwachungssituation in Deutschland und kommen zu dem Schlu\u00df:<\/p>\n<blockquote><p>&#8222;Wer etwas ann\u00e4hernd Objektives \u00fcber unsere Sicherheit erfahren m\u00f6chte, sollte nicht den staatlichen Sicherheitsexperten oder den medialen Angstprofiteuren zuh\u00f6ren, sondern lieber einen Blick in die Statistiken werfen. Er wird erkennen, dass Deutschland von Jahr zu Jahr sicherer wird, was nicht an Sch\u00e4ubles Anstrengungen liegt, sondern zum Beispiel an der verbesserten Automobiltechnologie.&#8220;<\/p><\/blockquote>\n<blockquote><p>&#8222;Sicherheit l\u00e4sst sich nicht herstellen, weil kein Risiko v\u00f6llig ausgeschaltet werden kann. Im Grunde wissen wir das alle. Aber wir vergessen es, sobald uns Politiker und Journalisten die n\u00e4chste Horrorvision vor Augen f\u00fchren. Wir wissen, dass wir nach aller berechenbaren Wahrscheinlichkeit am ehesten beim Putzen des Bads oder im Auto eines unnat\u00fcrlichen Todes sterben werden. Trotzdem bekommen wir keine G\u00e4nsehaut beim Anblick unseres Badezimmers. Autohersteller werden nicht von der Polizei \u00fcberwacht, obwohl es, gemessen an den Todeszahlen, naheliegender w\u00e4re, einen \u00bbKrieg gegen den internationalen Stra\u00dfenverkehr\u00ab auszurufen.&#8220;<\/p><\/blockquote>\n<p>Wie es scheint, haben nicht nur die <a title=\"SPON: Politiker entdecken ads Internet als Wahlkampfschlager\" href=\"http:\/\/www.spiegel.de\/netzwelt\/web\/0,1518,641453,00.html\" target=\"_blank\">Politiker im Wahlkampf das Internet als Sandkasten entdeckt<\/a>, sondern auch die Journalisten. Und im Gegenzug zu jenen schreiben diese sachlich und mahnend. Hoffen wir, dass man auf sie h\u00f6rt.<\/p>\n<p>Herzlichst<\/p>\n<p>Ihr JeanLuc7<\/p>\n<p><strong><\/strong><\/p>\n<p><strong><br \/>\n<\/strong><\/p>\n<div class=\"twoclick_social_bookmarks_post_236 social_share_privacy clearfix 1.6.4 locale-de_DE sprite-de_DE\"><\/div><div class=\"twoclick-js\"><script type=\"text\/javascript\">\/* <![CDATA[ *\/\njQuery(document).ready(function($){if($('.twoclick_social_bookmarks_post_236')){$('.twoclick_social_bookmarks_post_236').socialSharePrivacy({\"services\":{\"facebook\":{\"status\":\"on\",\"txt_info\":\"2 Klicks f\\u00fcr mehr Datenschutz: Erst wenn Sie hier klicken, wird der Button aktiv und Sie k\\u00f6nnen Ihre Empfehlung an Facebook senden. Schon beim Aktivieren werden Daten an Dritte \\u00fcbertragen - siehe <em>i<\\\/em>.\",\"perma_option\":\"off\",\"action\":\"recommend\",\"language\":\"de_DE\"},\"twitter\":{\"reply_to\":\"\",\"tweet_text\":\"%20Zeit%20f%C3%BCrs%20Erwachen%20%C2%BB%2053%20Cent%20%23Angriff%20auf%20die%20Freiheit%20%23BKA-Gesetz%20...\",\"status\":\"on\",\"txt_info\":\"2 Klicks f\\u00fcr mehr Datenschutz: Erst wenn Sie hier klicken, wird der Button aktiv und Sie k\\u00f6nnen Ihre Empfehlung an Twitter senden. Schon beim Aktivieren werden Daten an Dritte \\u00fcbertragen - siehe <em>i<\\\/em>.\",\"perma_option\":\"off\",\"language\":\"de\",\"referrer_track\":\"\"},\"gplus\":{\"status\":\"on\",\"txt_info\":\"2 Klicks f\\u00fcr mehr Datenschutz: Erst wenn Sie hier klicken, wird der Button aktiv und Sie k\\u00f6nnen Ihre Empfehlung an Google+ senden. Schon beim Aktivieren werden Daten an Dritte \\u00fcbertragen - siehe <em>i<\\\/em>.\",\"perma_option\":\"off\",\"referrer_track\":\"\"},\"flattr\":{\"uid\":\"\",\"status\":\"on\",\"the_title\":\"Zeit%20f%C3%BCrs%20Erwachen\",\"the_excerpt\":\"In%20den%20letzten%20Tagen%20sind%20in%20den%20Online-Medien%20und%20auch%20im%20Printbereich%20einige%20lesenswerte%20Berichte%20erschienen%2C%20die%20ich%20gerne%20verlinken%20m%C3%B6chte.%0D%0A%0D%0AZun%C3%A4chst%20ist%20da%20die%20fast%20schon%20zynische%20Beschreibung%20%C3%BCber%20das%20Internet-Unwissen%20der%20Politiker%2C%20zu%20finden%20im%20Artikel%20%22Denn%20sie%20wissen%20nicht%2C%20was%20sie%20tun%22%2C%20einem%20Auszug%20aus%20dem%20Buch%20%22Angriff%20auf%20die%20Freiheit%22%20von%20Ilija%20Trojanow%20und%20Juli%20Zeh%20auf%20Spiege%20...\",\"txt_info\":\"2 Klicks f\\u00fcr mehr Datenschutz: Erst wenn Sie hier klicken, wird der Button aktiv und Sie k\\u00f6nnen Ihre Empfehlung an Flattr senden. Schon beim Aktivieren werden Daten an Dritte \\u00fcbertragen - siehe <em>i<\\\/em>.\",\"perma_option\":\"off\"}},\"txt_help\":\"Wenn Sie diese Felder durch einen Klick aktivieren, werden Informationen an Facebook, Twitter, Flattr, Xing, t3n, LinkedIn, Pinterest oder Google eventuell ins Ausland \\u00fcbertragen und unter Umst\\u00e4nden auch dort gespeichert. N\\u00e4heres erfahren Sie durch einen Klick auf das <em>i<\\\/em>.\",\"settings_perma\":\"Dauerhaft aktivieren und Daten\\u00fcber-tragung zustimmen:\",\"info_link\":\"http:\\\/\\\/www.heise.de\\\/ct\\\/artikel\\\/2-Klicks-fuer-mehr-Datenschutz-1333879.html\",\"uri\":\"https:\\\/\\\/www.brennecke.org\\\/?p=236\",\"post_id\":236,\"post_title_referrer_track\":\"Zeit+f%C3%BCrs+Erwachen\",\"display_infobox\":\"on\"});}});\n\/* ]]> *\/<\/script><\/div>","protected":false},"excerpt":{"rendered":"<p>In den letzten Tagen sind in den Online-Medien und auch im Printbereich einige lesenswerte Berichte erschienen, die ich gerne verlinken m\u00f6chte. Zun\u00e4chst ist da die fast schon zynische Beschreibung \u00fcber das Internet-Unwissen der Politiker, zu finden im Artikel &#8222;Denn sie &hellip; <a href=\"https:\/\/www.brennecke.org\/?p=236\">Weiterlesen <span class=\"meta-nav\">&rarr;<\/span><\/a><\/p>\n","protected":false},"author":1,"featured_media":0,"comment_status":"closed","ping_status":"open","sticky":false,"template":"","format":"standard","meta":{"footnotes":""},"categories":[1,3],"tags":[113,109,47,115,110,114,39,111,112,22],"_links":{"self":[{"href":"https:\/\/www.brennecke.org\/index.php?rest_route=\/wp\/v2\/posts\/236"}],"collection":[{"href":"https:\/\/www.brennecke.org\/index.php?rest_route=\/wp\/v2\/posts"}],"about":[{"href":"https:\/\/www.brennecke.org\/index.php?rest_route=\/wp\/v2\/types\/post"}],"author":[{"embeddable":true,"href":"https:\/\/www.brennecke.org\/index.php?rest_route=\/wp\/v2\/users\/1"}],"replies":[{"embeddable":true,"href":"https:\/\/www.brennecke.org\/index.php?rest_route=%2Fwp%2Fv2%2Fcomments&post=236"}],"version-history":[{"count":3,"href":"https:\/\/www.brennecke.org\/index.php?rest_route=\/wp\/v2\/posts\/236\/revisions"}],"predecessor-version":[{"id":238,"href":"https:\/\/www.brennecke.org\/index.php?rest_route=\/wp\/v2\/posts\/236\/revisions\/238"}],"wp:attachment":[{"href":"https:\/\/www.brennecke.org\/index.php?rest_route=%2Fwp%2Fv2%2Fmedia&parent=236"}],"wp:term":[{"taxonomy":"category","embeddable":true,"href":"https:\/\/www.brennecke.org\/index.php?rest_route=%2Fwp%2Fv2%2Fcategories&post=236"},{"taxonomy":"post_tag","embeddable":true,"href":"https:\/\/www.brennecke.org\/index.php?rest_route=%2Fwp%2Fv2%2Ftags&post=236"}],"curies":[{"name":"wp","href":"https:\/\/api.w.org\/{rel}","templated":true}]}}