{"id":2376,"date":"2013-04-23T14:35:10","date_gmt":"2013-04-23T12:35:10","guid":{"rendered":"http:\/\/www.brennecke.org\/?p=2376"},"modified":"2018-05-14T09:04:12","modified_gmt":"2018-05-14T08:04:12","slug":"video-gegen-alle","status":"publish","type":"post","link":"https:\/\/www.brennecke.org\/?p=2376","title":{"rendered":"Video gegen alle"},"content":{"rendered":"<p>Werte Leserinnen und Leser,<\/p>\n<p>reflexartig haben sich unsere Sicherheitspolitiker nach dem Bombenanschlag in Boston zu Wort gemeldet:<\/p>\n<ul>\n<li>Der Sicherheitsfanatiker Hans-Peter Uhl (CSU) hat seine Forderung nach Einf\u00fchrung der Vorratsdatenspeicherung schon in den ersten Stunden nach dem Anschlag erneuert &#8211; wobei der konkrete Zusammenhang, <a href=\"http:\/\/www.golem.de\/1107\/85246.html\">wie so oft bei ihm<\/a>, unklar ist. Mit seinen gebetsm\u00fchlenartig vorgetragenen Forderungen erinnert er inzwischen an das Human-Pendant einer Sprechpuppe oder eines Lachsacks.<\/li>\n<li>Hans-Peter Friedrich (Bundesinnenminister, CSU) hat ebenfalls eine alte Forderung aus dem Keller geholt: Mehr Video\u00fcberwachung soll es richten. Wir erinnern uns an die Bonner Bahnbombe, deren Absteller erst durch eine McDonalds-interne \u00dcberwachungskamera gesichtet werden konnte. Der Bahnsteig besa\u00df zwar eine Video\u00fcberwachung, jedoch keine Aufzeichnung derselben. Die Bahn lie\u00df erkl\u00e4ren, man habe kein Geld f\u00fcr die Aufzeichnung eingeplant.<\/li>\n<li>J\u00f6rg Ziercke (Chef des Bundeskriminalamts, SPD) schlie\u00dflich erkl\u00e4rte uns, dass Video\u00fcberwachung &#8222;abschreckend wirken und auch entscheidend bei der Aufkl\u00e4rung von Straftaten helfen&#8220; k\u00f6nne. Ziercke, obwohl unbekannter als die beiden vorgenannten, sollte als der gef\u00e4hrlichste der drei eingesch\u00e4tzt werden. Er war u.a einer der f\u00fchrenden Akteure bei der Diskussion um Internetsperren 2009, die als unr\u00fchmliches &#8222;Zugangserschwerungsgesetz&#8220; endete. Ziercke versteht perfekt das Jonglieren mit Zahlen und sch\u00fcrt bei seinen Zuh\u00f6rern kontrolliert Bedrohungs\u00e4ngste, die er stets durch neue Zust\u00e4ndigkeiten f\u00fcr das BKA beantworten m\u00f6chte.<\/li>\n<\/ul>\n<p>Zierckes Argumente decken beide Seiten der Video\u00fcberwachung ab. Zur <em>Aufkl\u00e4rung<\/em> bleibt wenig zu erg\u00e4nzen: wer \u00fcber Bilder von jedem und allem verf\u00fcgt, kann im Nachhinein leicht und unkompliziert jede Straftat und Ordnungswidrigkeit aufkl\u00e4ren. Die <em>Abschreckung<\/em> hingegen ist zweifelhaft: Die Bostoner Attent\u00e4ter haben ihre Bomben entlang der Marathonstrecke gelegt, die offensichtlich gut mit Kameras ausgeleuchtet war. Auch die Kameras im Bonner Hauptbahnhof waren gut sichtbar &#8211; es darf bezweifelt werden, dass der Bombenleger wusste, dass kein Aufzeichnungsger\u00e4t angeschlossen war. Noch zweifelhafter wird das Argument, wenn der Attent\u00e4ter gar nicht die Absicht hat, sein Attentat zu \u00fcberleben &#8211; dann wird ihm jegliche Video\u00fcberwachung egal sein, sofern er nur mit seiner Bombe den gr\u00f6\u00dftm\u00f6glichen Schaden anrichten kann. Dieser Fall d\u00fcrfte nicht ganz unwahrscheinlich sein.<\/p>\n<p>Kurz gesagt: <strong>mehr Video\u00fcberwachung macht die Stra\u00dfen nicht sicherer<\/strong> &#8211; daf\u00fcr m\u00fcsste schon eine Auswertung aller Videodaten in Echtzeit erfolgen. So etwas funktioniert derzeit nur in <a href=\"http:\/\/de.wikipedia.org\/wiki\/Der_Staatsfeind_Nr._1\">Kino<\/a> und <a href=\"http:\/\/de.wikipedia.org\/wiki\/Person_of_Interest\">Fernsehen<\/a>. Oder man setzt Menschen vor alle Videomonitore &#8211; das w\u00e4re dann nicht mehr blo\u00df Stasi 2.0, sondern etwas zwischen 5.0 und 7.0, abgesehen von den immensen Kosten f\u00fcr die vielen Mitarbeiter. Es w\u00fcrde aber die Anzahl der Hartz4-Bezieher massiv reduzieren und wahrscheinlich zus\u00e4tzlich das Problem der hohen Jugendarbeitslosigkeit in den s\u00fcdlichen EU-L\u00e4ndern l\u00f6sen.<\/p>\n<p>Mehr Video\u00fcberwachung kann aber die nachtr\u00e4gliche Aufkl\u00e4rung erleichtern. Wenn die sich dann auf die Auswertung schwerer Straftaten beschr\u00e4nkt, wird man dagegen vermutlich kaum Einw\u00e4nde erheben k\u00f6nnen &#8211; mehr als <a href=\"http:\/\/www.zeit.de\/gesellschaft\/zeitgeschehen\/2012-12\/videoueberwachung-bahnhoefe--umfrage\">80% der Bundesb\u00fcrger<\/a> bef\u00fcrworten daher Friedrichs Forderung. Die Erfahrung mit der massenhaften Abfrage von Standorten durch Mobilfunkzellenortung zeigt aber, dass die Polizei \u00dcberwachungsinstrumente gerne auch f\u00fcr alle denkbaren und undenkbaren Zwecke nutzt. Kameras aber, die haupts\u00e4chlich dazu dienen, Ordnungswidrigkeiten aufzusp\u00fcren und die Besitzer zerschlagener Bierflaschen, weggeworfenen Unrats, ausgespuckter Kaugummis und schei\u00dfender Hunde zu ermitteln, sind komplett abzulehnen.<\/p>\n<p>Soweit kommt&#8217;s noch. Warten Sie es ab.<\/p>\n<p>Es gr\u00fc\u00dft herzlich<\/p>\n<p>JeanLuc7<\/p>\n<div class=\"twoclick_social_bookmarks_post_2376 social_share_privacy clearfix 1.6.4 locale-de_DE sprite-de_DE\"><\/div><div class=\"twoclick-js\"><script type=\"text\/javascript\">\/* <![CDATA[ *\/\njQuery(document).ready(function($){if($('.twoclick_social_bookmarks_post_2376')){$('.twoclick_social_bookmarks_post_2376').socialSharePrivacy({\"services\":{\"facebook\":{\"status\":\"on\",\"txt_info\":\"2 Klicks f\\u00fcr mehr Datenschutz: Erst wenn Sie hier klicken, wird der Button aktiv und Sie k\\u00f6nnen Ihre Empfehlung an Facebook senden. Schon beim Aktivieren werden Daten an Dritte \\u00fcbertragen - siehe <em>i<\\\/em>.\",\"perma_option\":\"off\",\"action\":\"recommend\",\"language\":\"de_DE\"},\"twitter\":{\"reply_to\":\"\",\"tweet_text\":\"Video%20gegen%20alle%20%C2%BB%2053%20Cent\",\"status\":\"on\",\"txt_info\":\"2 Klicks f\\u00fcr mehr Datenschutz: Erst wenn Sie hier klicken, wird der Button aktiv und Sie k\\u00f6nnen Ihre Empfehlung an Twitter senden. Schon beim Aktivieren werden Daten an Dritte \\u00fcbertragen - siehe <em>i<\\\/em>.\",\"perma_option\":\"off\",\"language\":\"de\",\"referrer_track\":\"\"},\"gplus\":{\"status\":\"on\",\"txt_info\":\"2 Klicks f\\u00fcr mehr Datenschutz: Erst wenn Sie hier klicken, wird der Button aktiv und Sie k\\u00f6nnen Ihre Empfehlung an Google+ senden. Schon beim Aktivieren werden Daten an Dritte \\u00fcbertragen - siehe <em>i<\\\/em>.\",\"perma_option\":\"off\",\"referrer_track\":\"\"},\"flattr\":{\"uid\":\"\",\"status\":\"on\",\"the_title\":\"Video%20gegen%20alle\",\"the_excerpt\":\"Werte%20Leserinnen%20und%20Leser%2C%0D%0A%0D%0Areflexartig%20haben%20sich%20unsere%20Sicherheitspolitiker%20nach%20dem%20Bombenanschlag%20in%20Boston%20zu%20Wort%20gemeldet%3A%0D%0A%0D%0A%09Der%20Sicherheitsfanatiker%20Hans-Peter%20Uhl%20%28CSU%29%20hat%20seine%20Forderung%20nach%20Einf%C3%BChrung%20der%20Vorratsdatenspeicherung%20schon%20in%20den%20ersten%20Stunden%20nach%20dem%20Anschlag%20erneuert%20-%20wobei%20der%20konkrete%20Zusammenhang%2C%20wie%20so%20oft%20bei%20ihm%2C%20unklar%20ist.%20Mit%20seinen%20gebetsm%C3%BChlenart%20...\",\"txt_info\":\"2 Klicks f\\u00fcr mehr Datenschutz: Erst wenn Sie hier klicken, wird der Button aktiv und Sie k\\u00f6nnen Ihre Empfehlung an Flattr senden. Schon beim Aktivieren werden Daten an Dritte \\u00fcbertragen - siehe <em>i<\\\/em>.\",\"perma_option\":\"off\"}},\"txt_help\":\"Wenn Sie diese Felder durch einen Klick aktivieren, werden Informationen an Facebook, Twitter, Flattr, Xing, t3n, LinkedIn, Pinterest oder Google eventuell ins Ausland \\u00fcbertragen und unter Umst\\u00e4nden auch dort gespeichert. N\\u00e4heres erfahren Sie durch einen Klick auf das <em>i<\\\/em>.\",\"settings_perma\":\"Dauerhaft aktivieren und Daten\\u00fcber-tragung zustimmen:\",\"info_link\":\"http:\\\/\\\/www.heise.de\\\/ct\\\/artikel\\\/2-Klicks-fuer-mehr-Datenschutz-1333879.html\",\"uri\":\"https:\\\/\\\/www.brennecke.org\\\/?p=2376\",\"post_id\":2376,\"post_title_referrer_track\":\"Video+gegen+alle\",\"display_infobox\":\"on\"});}});\n\/* ]]> *\/<\/script><\/div>","protected":false},"excerpt":{"rendered":"<p>Werte Leserinnen und Leser, reflexartig haben sich unsere Sicherheitspolitiker nach dem Bombenanschlag in Boston zu Wort gemeldet: Der Sicherheitsfanatiker Hans-Peter Uhl (CSU) hat seine Forderung nach Einf\u00fchrung der Vorratsdatenspeicherung schon in den ersten Stunden nach dem Anschlag erneuert &#8211; wobei &hellip; <a href=\"https:\/\/www.brennecke.org\/?p=2376\">Weiterlesen <span class=\"meta-nav\">&rarr;<\/span><\/a><\/p>\n","protected":false},"author":1,"featured_media":0,"comment_status":"closed","ping_status":"open","sticky":false,"template":"","format":"standard","meta":{"footnotes":""},"categories":[1],"tags":[],"_links":{"self":[{"href":"https:\/\/www.brennecke.org\/index.php?rest_route=\/wp\/v2\/posts\/2376"}],"collection":[{"href":"https:\/\/www.brennecke.org\/index.php?rest_route=\/wp\/v2\/posts"}],"about":[{"href":"https:\/\/www.brennecke.org\/index.php?rest_route=\/wp\/v2\/types\/post"}],"author":[{"embeddable":true,"href":"https:\/\/www.brennecke.org\/index.php?rest_route=\/wp\/v2\/users\/1"}],"replies":[{"embeddable":true,"href":"https:\/\/www.brennecke.org\/index.php?rest_route=%2Fwp%2Fv2%2Fcomments&post=2376"}],"version-history":[{"count":8,"href":"https:\/\/www.brennecke.org\/index.php?rest_route=\/wp\/v2\/posts\/2376\/revisions"}],"predecessor-version":[{"id":3744,"href":"https:\/\/www.brennecke.org\/index.php?rest_route=\/wp\/v2\/posts\/2376\/revisions\/3744"}],"wp:attachment":[{"href":"https:\/\/www.brennecke.org\/index.php?rest_route=%2Fwp%2Fv2%2Fmedia&parent=2376"}],"wp:term":[{"taxonomy":"category","embeddable":true,"href":"https:\/\/www.brennecke.org\/index.php?rest_route=%2Fwp%2Fv2%2Fcategories&post=2376"},{"taxonomy":"post_tag","embeddable":true,"href":"https:\/\/www.brennecke.org\/index.php?rest_route=%2Fwp%2Fv2%2Ftags&post=2376"}],"curies":[{"name":"wp","href":"https:\/\/api.w.org\/{rel}","templated":true}]}}