{"id":241,"date":"2009-09-15T19:59:10","date_gmt":"2009-09-15T17:59:10","guid":{"rendered":"http:\/\/www.brennecke.org\/?p=241"},"modified":"2018-05-14T09:06:01","modified_gmt":"2018-05-14T08:06:01","slug":"krieger-fur-afghanistan","status":"publish","type":"post","link":"https:\/\/www.brennecke.org\/?p=241","title":{"rendered":"Krieger f\u00fcr Afghanistan"},"content":{"rendered":"<p>Wer h\u00e4tte zu Beginn des neuen Jahrtausend gedacht, dass es ausgerechnet ein SPD-Kanzler zusammen mit den Schwerter-zu-Pflugscharen-Gr\u00fcnen sein w\u00fcrde, der die Bundeswehr in ihren ersten Auslandseinsatz schickt? Damals, nach dem Schock, den das Attentat des 11. September 2001 verursacht hatte, waren viele der Meinung, dass wir aktiv gegen den Terror in der Welt vorgehen m\u00fcssen. Es entstand Bushs Antiterror-Koalition, an der auch arabische Staaten teilnahmen. In k\u00fcrzester Zeit war Afghanistan von den Taliban befreit, jener extremen Gruppe von Mujahedin, die in den Wirren in den Jahren nach dem Ende der sowjetischen Besatzung die Macht errungen hatten.<\/p>\n<p>Wirklich befreit? Afghanistan ist heute ein ebenso unsicherer Ort wie 2001, daran kann auch die Anwesenheit von inzwischen mehr als 4000 deutschen Soldaten nichts \u00e4ndern. Die Taliban f\u00fchren einen Partisanenkrieg, der vor allem drei Ziele hat: die Einsch\u00fcchterung der afghanischen Bev\u00f6lkerung, die Destabilisierung der Regierung und die Erh\u00f6hung der Kriegsm\u00fcdigkeit in den westlichen Staaten.<\/p>\n<p>Und ja, ich bin m\u00fcde.<\/p>\n<ul>\n<li>Ich mag nicht mehr mit ansehen, wie ein deutscher Verteidigungsminister sich windet, damit das Wort &#8222;Krieg&#8220; nicht als Beschreibung der Aktionen der Bundesweher in Afghanistan benutzt wird.<\/li>\n<li>Ich mag nicht mehr lesen, dass die von unseren Soldaten verteidigte Regierung nicht nur korrupt ist, sondern auch offensichtlich freiheitsfeindliche Gesetze macht, um religi\u00f6sen Minderheiten zu dienen: &#8222;Die Frau muss ihrem Mann mindestens viermal in der Woche zur Verf\u00fcgung stehen&#8220; &#8211; ja, geht&#8217;s noch?<\/li>\n<li>Ich mag nicht mehr lesen, dass deutsche Offiziere Befehle geben, bei denen Kollateralsch\u00e4den offensichtlich sind &#8211; und das Parlament nicht einmal gefragt wurde.<\/li>\n<\/ul>\n<p>Wenn selbst die Afghanen nicht f\u00fcr Freiheit und Demokratie zu begeistern sind, sondern sich mehrheitlich lieber f\u00fcr Unterdr\u00fcckung und Scharia entscheiden &#8211; was wollen wir mit unseren Aktionen erreichen. Welches Deutschland wird da am Hindukusch verteidigt, Herr Struck?<\/p>\n<p>H\u00e4ufig wird als wichtigstes Ziel der Invasion in Afghanistan die Stabilisierung Pakistans genannt. Das mag ein gewichtiges Argument sein, denn Pakistan besitzt einerseits Zugang zu Atombomben und wird zum anderen ebenfalls durch Islamisten bedroht. Und als St\u00fctzargument wird gerne die Politik von Neville Chamberlain angef\u00fchrt, der bis 1939 Nazi-Deutschland weitreichende Zugest\u00e4ndnisse machte und verkannte, dass allein der Krieg das Ziel der deutschen Regierung war.<\/p>\n<p>Aber wiederholt sich Geschichte?<\/p>\n<p>Wir werden mit Waffengewalt in Afghanistan nichts erreichen, ebenso wenig wie im Irak oder anderen muslimischen L\u00e4ndern. In &#8222;Die Kunst des Krieges&#8220; stellt Sun Tse klar, dass nur die vollst\u00e4ndige und nachhaltige Vernichtung eines Gegners das eigene Volk vor Vernichtung bewahrt. Diese Vorgehensweise ist f\u00fcr unsere freiheitlichen, auf Lebenserhaltung ausgerichteten Demokratien untragbar.<\/p>\n<p>Setzen wir also auf unsere eigenen Waffen: Freiheit, Rechtsstaat, Demokratie, Toleranz. Und verteidigen wir sie vor Ort hier in Deutschland.<\/p>\n<p>Sun Tse mahnte \u00fcbrigens auch, dass der Krieg und der Kampf m\u00f6glichst vermieden werden sollte, da er den Staat und das Volk ruiniert. \u00dcber diese bereits 2500 Jahre alte Weisheit sollten insbesondere die Damen und Herren Bef\u00fcrworter des Afghanistan-Einsatzes nachdenken.<\/p>\n<p>Herzlichst,<\/p>\n<p>Ihr JeanLuc7<\/p>\n<div class=\"twoclick_social_bookmarks_post_241 social_share_privacy clearfix 1.6.4 locale-de_DE sprite-de_DE\"><\/div><div class=\"twoclick-js\"><script type=\"text\/javascript\">\/* <![CDATA[ *\/\njQuery(document).ready(function($){if($('.twoclick_social_bookmarks_post_241')){$('.twoclick_social_bookmarks_post_241').socialSharePrivacy({\"services\":{\"facebook\":{\"status\":\"on\",\"txt_info\":\"2 Klicks f\\u00fcr mehr Datenschutz: Erst wenn Sie hier klicken, wird der Button aktiv und Sie k\\u00f6nnen Ihre Empfehlung an Facebook senden. Schon beim Aktivieren werden Daten an Dritte \\u00fcbertragen - siehe <em>i<\\\/em>.\",\"perma_option\":\"off\",\"action\":\"recommend\",\"language\":\"de_DE\"},\"twitter\":{\"reply_to\":\"\",\"tweet_text\":\"%20Krieger%20f%C3%BCr%20Afghanistan%20%C2%BB%2053%20Cent%20%23Abzug%20%23Afghanistan%20%23Demokratie%20...\",\"status\":\"on\",\"txt_info\":\"2 Klicks f\\u00fcr mehr Datenschutz: Erst wenn Sie hier klicken, wird der Button aktiv und Sie k\\u00f6nnen Ihre Empfehlung an Twitter senden. Schon beim Aktivieren werden Daten an Dritte \\u00fcbertragen - siehe <em>i<\\\/em>.\",\"perma_option\":\"off\",\"language\":\"de\",\"referrer_track\":\"\"},\"gplus\":{\"status\":\"on\",\"txt_info\":\"2 Klicks f\\u00fcr mehr Datenschutz: Erst wenn Sie hier klicken, wird der Button aktiv und Sie k\\u00f6nnen Ihre Empfehlung an Google+ senden. Schon beim Aktivieren werden Daten an Dritte \\u00fcbertragen - siehe <em>i<\\\/em>.\",\"perma_option\":\"off\",\"referrer_track\":\"\"},\"flattr\":{\"uid\":\"\",\"status\":\"on\",\"the_title\":\"Krieger%20f%C3%BCr%20Afghanistan\",\"the_excerpt\":\"Wer%20h%C3%A4tte%20zu%20Beginn%20des%20neuen%20Jahrtausend%20gedacht%2C%20dass%20es%20ausgerechnet%20ein%20SPD-Kanzler%20zusammen%20mit%20den%20Schwerter-zu-Pflugscharen-Gr%C3%BCnen%20sein%20w%C3%BCrde%2C%20der%20die%20Bundeswehr%20in%20ihren%20ersten%20Auslandseinsatz%20schickt%3F%20Damals%2C%20nach%20dem%20Schock%2C%20den%20das%20Attentat%20des%2011.%20September%202001%20verursacht%20hatte%2C%20waren%20viele%20der%20Meinung%2C%20dass%20wir%20aktiv%20gegen%20den%20Terror%20in%20der%20Welt%20vorgehen%20m%C3%BCssen.%20Es%20entstand%20Bushs%20...\",\"txt_info\":\"2 Klicks f\\u00fcr mehr Datenschutz: Erst wenn Sie hier klicken, wird der Button aktiv und Sie k\\u00f6nnen Ihre Empfehlung an Flattr senden. Schon beim Aktivieren werden Daten an Dritte \\u00fcbertragen - siehe <em>i<\\\/em>.\",\"perma_option\":\"off\"}},\"txt_help\":\"Wenn Sie diese Felder durch einen Klick aktivieren, werden Informationen an Facebook, Twitter, Flattr, Xing, t3n, LinkedIn, Pinterest oder Google eventuell ins Ausland \\u00fcbertragen und unter Umst\\u00e4nden auch dort gespeichert. N\\u00e4heres erfahren Sie durch einen Klick auf das <em>i<\\\/em>.\",\"settings_perma\":\"Dauerhaft aktivieren und Daten\\u00fcber-tragung zustimmen:\",\"info_link\":\"http:\\\/\\\/www.heise.de\\\/ct\\\/artikel\\\/2-Klicks-fuer-mehr-Datenschutz-1333879.html\",\"uri\":\"https:\\\/\\\/www.brennecke.org\\\/?p=241\",\"post_id\":241,\"post_title_referrer_track\":\"Krieger+f%C3%BCr+Afghanistan\",\"display_infobox\":\"on\"});}});\n\/* ]]> *\/<\/script><\/div>","protected":false},"excerpt":{"rendered":"<p>Wer h\u00e4tte zu Beginn des neuen Jahrtausend gedacht, dass es ausgerechnet ein SPD-Kanzler zusammen mit den Schwerter-zu-Pflugscharen-Gr\u00fcnen sein w\u00fcrde, der die Bundeswehr in ihren ersten Auslandseinsatz schickt? Damals, nach dem Schock, den das Attentat des 11. September 2001 verursacht hatte, &hellip; <a href=\"https:\/\/www.brennecke.org\/?p=241\">Weiterlesen <span class=\"meta-nav\">&rarr;<\/span><\/a><\/p>\n","protected":false},"author":1,"featured_media":0,"comment_status":"closed","ping_status":"open","sticky":false,"template":"","format":"standard","meta":{"footnotes":""},"categories":[1,3],"tags":[121,116,76,124,56,117,120,84,118,119,123,122],"_links":{"self":[{"href":"https:\/\/www.brennecke.org\/index.php?rest_route=\/wp\/v2\/posts\/241"}],"collection":[{"href":"https:\/\/www.brennecke.org\/index.php?rest_route=\/wp\/v2\/posts"}],"about":[{"href":"https:\/\/www.brennecke.org\/index.php?rest_route=\/wp\/v2\/types\/post"}],"author":[{"embeddable":true,"href":"https:\/\/www.brennecke.org\/index.php?rest_route=\/wp\/v2\/users\/1"}],"replies":[{"embeddable":true,"href":"https:\/\/www.brennecke.org\/index.php?rest_route=%2Fwp%2Fv2%2Fcomments&post=241"}],"version-history":[{"count":3,"href":"https:\/\/www.brennecke.org\/index.php?rest_route=\/wp\/v2\/posts\/241\/revisions"}],"predecessor-version":[{"id":3810,"href":"https:\/\/www.brennecke.org\/index.php?rest_route=\/wp\/v2\/posts\/241\/revisions\/3810"}],"wp:attachment":[{"href":"https:\/\/www.brennecke.org\/index.php?rest_route=%2Fwp%2Fv2%2Fmedia&parent=241"}],"wp:term":[{"taxonomy":"category","embeddable":true,"href":"https:\/\/www.brennecke.org\/index.php?rest_route=%2Fwp%2Fv2%2Fcategories&post=241"},{"taxonomy":"post_tag","embeddable":true,"href":"https:\/\/www.brennecke.org\/index.php?rest_route=%2Fwp%2Fv2%2Ftags&post=241"}],"curies":[{"name":"wp","href":"https:\/\/api.w.org\/{rel}","templated":true}]}}