{"id":2565,"date":"2013-06-10T12:45:37","date_gmt":"2013-06-10T10:45:37","guid":{"rendered":"http:\/\/www.brennecke.org\/?p=2565"},"modified":"2018-05-14T09:04:12","modified_gmt":"2018-05-14T08:04:12","slug":"einmal-mittelalter-und-zuruck","status":"publish","type":"post","link":"https:\/\/www.brennecke.org\/?p=2565","title":{"rendered":"Einmal Mittelalter &#8211; und zur\u00fcck?"},"content":{"rendered":"<p>Werte Leserinnen und Leser,<\/p>\n<p>wissen Sie, was ich am Absolutismus so sch\u00e4tze &#8211; von der Herrscherseite aus gesehen? Das Absolute. Egal, was du tust, letztlich kritisiert dich niemand. Selbst Kriege belie\u00dfen die Verlierer gew\u00f6hnlich auf ihren Thronen\u00a0 &#8211; bis die Revolutionen des achtzehnten Jahrhunderts dem ein Ende machten und auch die K\u00f6pfe der Herrscher rollten. Nun mehren sich jedoch die Anzeichen, dass der Absolutismus in der T\u00fcrkei einen neuen Anh\u00e4nger gefunden hat.<\/p>\n<p>Recep Tayyip Erdogan, seines Zeichens t\u00fcrkischer Ministerpr\u00e4sident und Vorsitzender der islamischen Partei Adalet ve Kalk\u0131nma Partisi (AKP), wurde im Juli 2011 zum dritten Mal auf den Posten des t\u00fcrkischen Regierungschefs gew\u00e4hlt, und offenbar ist ihm dabei der Erfolg so sehr zu Kopf gestiegen, dass er nun glaubt, sein Land mit der halben Bev\u00f6lkerung hinter sich und der anderen H\u00e4lfte vor den L\u00e4ufen der Pistolen seiner Polizisten regieren zu k\u00f6nnen. Er tritt pers\u00f6nlich beleidigt und engstirnig auf, wo Weitsicht, Vernunft und Toleranz angebracht w\u00e4ren.<\/p>\n<p>Seit Wochen demonstrieren die Menschen in den St\u00e4dten f\u00fcr mehr Toleranz und weniger muslimische Ordnung. Sie wollen Alkohol trinken, feiern und sich weltoffen geben k\u00f6nnen. Erdogan aber m\u00f6chte lieber eine T\u00fcrkei nach seinem Weltbild und hat daf\u00fcr auch eine Mehrheit hinter sich. Allerdings hat in einer Demokratie &#8211; die die T\u00fcrkei noch immer ist &#8211; die Mehrheit die Minderheiten zu achten und zu sch\u00fctzen. Aber das Gegenteil geschieht dort: Friedliche Menschen werden brutal niedergekn\u00fcppelt und misshandelt, ihre Zelte am\u00a0Taksim-Platz abgefackelt &#8211; selbst die Polizei ist sich inzwischen nicht mehr sicher, ob ihr Einsatz noch tolerierbar ist. Erdogan bleibt jedoch bis auf weiteres uneinsichtig und droht sogar, die eigenen Anh\u00e4nger zu mobilisieren.<\/p>\n<p>F\u00fcr mich ist der Beitritt der T\u00fcrkei in die EU mit den Aktionen der letzten Wochen in allerweiteste Ferne ger\u00fcckt. Ein Regierungschef, der dem eigenen Volk mit einem B\u00fcrgerkrieg droht? Das hatten wir zuletzt im Balkan &#8211; und hunderttausende Tote dazu.<\/p>\n<p>Erdogan ist vielleicht Absolutist, aber er ist nicht Heinrich VIII. &#8211; wir m\u00fcssen also nicht bis zu seinem Tode auf sein Abtreten warten. Vielleicht begreift er noch, dass seine aktuelle Haltung dieses Abtreten wesentlich beschleunigen wird. Falls nicht, wird die T\u00fcrkei eine blutige Zeit erleben. Das gelingt offenbar auch modernen Absolutisten &#8211; aber danach folgt heutzutage die Strafe, und zwar bereits im Diesseits.<\/p>\n<p>Machen Sie es richtig, Herr Erdogan! Egon Krenz bekommt heute Rente vom Staat &#8211; das h\u00e4tte vor 20 Jahren auch niemand gedacht.<\/p>\n<p>Es gr\u00fc\u00dft herzlich<\/p>\n<p>JL7<\/p>\n<div class=\"twoclick_social_bookmarks_post_2565 social_share_privacy clearfix 1.6.4 locale-de_DE sprite-de_DE\"><\/div><div class=\"twoclick-js\"><script type=\"text\/javascript\">\/* <![CDATA[ *\/\njQuery(document).ready(function($){if($('.twoclick_social_bookmarks_post_2565')){$('.twoclick_social_bookmarks_post_2565').socialSharePrivacy({\"services\":{\"facebook\":{\"status\":\"on\",\"txt_info\":\"2 Klicks f\\u00fcr mehr Datenschutz: Erst wenn Sie hier klicken, wird der Button aktiv und Sie k\\u00f6nnen Ihre Empfehlung an Facebook senden. Schon beim Aktivieren werden Daten an Dritte \\u00fcbertragen - siehe <em>i<\\\/em>.\",\"perma_option\":\"off\",\"action\":\"recommend\",\"language\":\"de_DE\"},\"twitter\":{\"reply_to\":\"\",\"tweet_text\":\"%20Einmal%20Mittelalter%20%E2%80%93%20und%20zur%C3%BCck%3F%20%C2%BB%2053%20Cent%20%23Absolutismus%20%23Erdogan%20...\",\"status\":\"on\",\"txt_info\":\"2 Klicks f\\u00fcr mehr Datenschutz: Erst wenn Sie hier klicken, wird der Button aktiv und Sie k\\u00f6nnen Ihre Empfehlung an Twitter senden. Schon beim Aktivieren werden Daten an Dritte \\u00fcbertragen - siehe <em>i<\\\/em>.\",\"perma_option\":\"off\",\"language\":\"de\",\"referrer_track\":\"\"},\"gplus\":{\"status\":\"on\",\"txt_info\":\"2 Klicks f\\u00fcr mehr Datenschutz: Erst wenn Sie hier klicken, wird der Button aktiv und Sie k\\u00f6nnen Ihre Empfehlung an Google+ senden. Schon beim Aktivieren werden Daten an Dritte \\u00fcbertragen - siehe <em>i<\\\/em>.\",\"perma_option\":\"off\",\"referrer_track\":\"\"},\"flattr\":{\"uid\":\"\",\"status\":\"on\",\"the_title\":\"Einmal%20Mittelalter%20%26%238211%3B%20und%20zur%C3%BCck%3F\",\"the_excerpt\":\"Werte%20Leserinnen%20und%20Leser%2C%0D%0A%0D%0Awissen%20Sie%2C%20was%20ich%20am%20Absolutismus%20so%20sch%C3%A4tze%20-%20von%20der%20Herrscherseite%20aus%20gesehen%3F%20Das%20Absolute.%20Egal%2C%20was%20du%20tust%2C%20letztlich%20kritisiert%20dich%20niemand.%20Selbst%20Kriege%20belie%C3%9Fen%20die%20Verlierer%20gew%C3%B6hnlich%20auf%20ihren%20Thronen%C2%A0%20-%20bis%20die%20Revolutionen%20des%20achtzehnten%20Jahrhunderts%20dem%20ein%20Ende%20machten%20und%20auch%20die%20K%C3%B6pfe%20der%20Herrscher%20rollten.%20Nun%20mehren%20sich%20jedoch%20die%20Anz%20...\",\"txt_info\":\"2 Klicks f\\u00fcr mehr Datenschutz: Erst wenn Sie hier klicken, wird der Button aktiv und Sie k\\u00f6nnen Ihre Empfehlung an Flattr senden. Schon beim Aktivieren werden Daten an Dritte \\u00fcbertragen - siehe <em>i<\\\/em>.\",\"perma_option\":\"off\"}},\"txt_help\":\"Wenn Sie diese Felder durch einen Klick aktivieren, werden Informationen an Facebook, Twitter, Flattr, Xing, t3n, LinkedIn, Pinterest oder Google eventuell ins Ausland \\u00fcbertragen und unter Umst\\u00e4nden auch dort gespeichert. N\\u00e4heres erfahren Sie durch einen Klick auf das <em>i<\\\/em>.\",\"settings_perma\":\"Dauerhaft aktivieren und Daten\\u00fcber-tragung zustimmen:\",\"info_link\":\"http:\\\/\\\/www.heise.de\\\/ct\\\/artikel\\\/2-Klicks-fuer-mehr-Datenschutz-1333879.html\",\"uri\":\"https:\\\/\\\/www.brennecke.org\\\/?p=2565\",\"post_id\":2565,\"post_title_referrer_track\":\"Einmal+Mittelalter+%26%238211%3B+und+zur%C3%BCck%3F\",\"display_infobox\":\"on\"});}});\n\/* ]]> *\/<\/script><\/div>","protected":false},"excerpt":{"rendered":"<p>Werte Leserinnen und Leser, wissen Sie, was ich am Absolutismus so sch\u00e4tze &#8211; von der Herrscherseite aus gesehen? Das Absolute. Egal, was du tust, letztlich kritisiert dich niemand. Selbst Kriege belie\u00dfen die Verlierer gew\u00f6hnlich auf ihren Thronen\u00a0 &#8211; bis die &hellip; <a href=\"https:\/\/www.brennecke.org\/?p=2565\">Weiterlesen <span class=\"meta-nav\">&rarr;<\/span><\/a><\/p>\n","protected":false},"author":1,"featured_media":0,"comment_status":"closed","ping_status":"open","sticky":false,"template":"","format":"standard","meta":{"footnotes":""},"categories":[1,3],"tags":[569,567,570,568,571,572],"_links":{"self":[{"href":"https:\/\/www.brennecke.org\/index.php?rest_route=\/wp\/v2\/posts\/2565"}],"collection":[{"href":"https:\/\/www.brennecke.org\/index.php?rest_route=\/wp\/v2\/posts"}],"about":[{"href":"https:\/\/www.brennecke.org\/index.php?rest_route=\/wp\/v2\/types\/post"}],"author":[{"embeddable":true,"href":"https:\/\/www.brennecke.org\/index.php?rest_route=\/wp\/v2\/users\/1"}],"replies":[{"embeddable":true,"href":"https:\/\/www.brennecke.org\/index.php?rest_route=%2Fwp%2Fv2%2Fcomments&post=2565"}],"version-history":[{"count":4,"href":"https:\/\/www.brennecke.org\/index.php?rest_route=\/wp\/v2\/posts\/2565\/revisions"}],"predecessor-version":[{"id":3741,"href":"https:\/\/www.brennecke.org\/index.php?rest_route=\/wp\/v2\/posts\/2565\/revisions\/3741"}],"wp:attachment":[{"href":"https:\/\/www.brennecke.org\/index.php?rest_route=%2Fwp%2Fv2%2Fmedia&parent=2565"}],"wp:term":[{"taxonomy":"category","embeddable":true,"href":"https:\/\/www.brennecke.org\/index.php?rest_route=%2Fwp%2Fv2%2Fcategories&post=2565"},{"taxonomy":"post_tag","embeddable":true,"href":"https:\/\/www.brennecke.org\/index.php?rest_route=%2Fwp%2Fv2%2Ftags&post=2565"}],"curies":[{"name":"wp","href":"https:\/\/api.w.org\/{rel}","templated":true}]}}