{"id":2566,"date":"2013-06-10T13:13:40","date_gmt":"2013-06-10T11:13:40","guid":{"rendered":"http:\/\/www.brennecke.org\/?p=2566"},"modified":"2018-05-14T09:04:12","modified_gmt":"2018-05-14T08:04:12","slug":"rhein-raus-oder-wie-frankfurt-zur-kleinen-turkei-wurde","status":"publish","type":"post","link":"https:\/\/www.brennecke.org\/?p=2566","title":{"rendered":"Rhein raus &#8211; oder wie Frankfurt zur kleinen T\u00fcrkei wurde"},"content":{"rendered":"<p>Werte Leserinnen und Leser,<\/p>\n<p>am vorvergangenen Samstag besuchte ich das St\u00e4dtchen Frankfurt, das \u00fcbrigens entgegen der Ansicht vieler nicht die Landeshauptstadt von Hessen ist &#8211; das ist das nahe gelegene Wiesbaden. Von dort aus regiert eine Stahl-CDU zusammen mit einer Beton-FDP in einer seit Jahrzehnten untrennbaren Stahlbeton-Verbindung das Land.<\/p>\n<p>An besagtem Samstag war die Innenstadt weitr\u00e4umig unbefahrbar, weil Polizeisperren die Fahrzeuge am Fortkommen hinderten, denn Blockupy hatte eine Demonstration in der Innenstadt angemeldet, die an der Europ\u00e4ischen Zentralbank (EZB) enden sollte. Soweit kam es jedoch nicht, denn die Polizisten kesselten auf Befehl ihres Chefs etwa 900 Demonstranten ein und setzten sie neun Stunden lang fest.<\/p>\n<p>Sp\u00e4ter wurde diese Freiheitsberaubung gerechtfertigt mit Waffen, die die Demonstranten besessen hatten und nicht hergeben wollten. Man zeigte die sichergestellten &#8222;Waffen&#8220; auch stolz der Presse und erntete Gel\u00e4chter. Nun k\u00f6nnen Regenschirme zu h\u00e4sslichen Augenverletzungen f\u00fchren, und seit Edgar Wallace wissen wir, dass auch die Begegnung mit einem Halstuch manchmal t\u00f6dlich enden kann. Nicht gefunden wurden jedoch Schlagst\u00f6cke, Pfefferspray, Messer\u00a0 und Pistolen &#8211; diese waren Teil der Grundausstattung der Polizei und zumindest die ersten beiden wurden ohne Skrupel eingesetzt. Man f\u00fchlte sich an die Berichte auf dem Taksim-Platz erinnert.<\/p>\n<p>Bei Licht betrachtet erscheint die Aktion als eine Law-and-Order-Einsatz f\u00fcr den hesssischen Innenminister. Der hei\u00dft Boris Rhein, geh\u00f6rt zum Stahlteil der Regierung und wollte im vergangenen Jahr mit den Stimmen von CDU und Gr\u00fcnen neuer Frankfurter Oberb\u00fcrgermeister werden. F\u00fcr die Gr\u00fcnen stellte sich das ein wenig anders dar: Koalieren &#8211; nun ja, denn Opposition ist Schei\u00dfe, wie schon Franz M\u00fcntefering wusste. Aber einen von denen w\u00e4hlen? Dann doch lieber SPD. Und so wurde der SPD-Feldmann neuer OB.<\/p>\n<p>Rhein hat diese Schmach m\u00f6glicherweise nicht verwunden, und so hat er einen v\u00f6llig unverh\u00e4ltnism\u00e4\u00dfigen Einsatz angeordnet. Daher skandierten nun an diesem Wochenende die Demonstranten in der n\u00e4chsten &#8211;\u00a0 v\u00f6llig friedlichen &#8211; Demonstration &#8222;Rhein raus&#8220; und meinten damit wohl seinen R\u00fccktritt. Diesmal lie\u00df die Polizei sie gew\u00e4hren &#8211; offenbar wollte man sich kein zweites Mal f\u00fcr den Minister an den Pranger stellen lassen.<\/p>\n<p>Liebe Demonstranten und Anh\u00e4nger bunter, moderner, umweltfreundlicher Bauweisen: Noch nie ist ein Innenminister wegen solcher Law-and-Order-Eins\u00e4tze zur\u00fcckgetreten. Aber die Hessen k\u00f6nnen Herrn Rhein am 22. September in vorzeitige Rente schicken. Derzeit schaut es daf\u00fcr gut aus: Mit 49% der Umfragenstimmen k\u00f6nnte das rot-gr\u00fcne Lager die Regierung \u00fcbernehmen.<\/p>\n<p>Und dann bitte keinen SPD-Innenminister ernennen!<\/p>\n<p>Es gr\u00fc\u00dft herzlich<\/p>\n<p>JL7<\/p>\n<div class=\"twoclick_social_bookmarks_post_2566 social_share_privacy clearfix 1.6.4 locale-de_DE sprite-de_DE\"><\/div><div class=\"twoclick-js\"><script type=\"text\/javascript\">\/* <![CDATA[ *\/\njQuery(document).ready(function($){if($('.twoclick_social_bookmarks_post_2566')){$('.twoclick_social_bookmarks_post_2566').socialSharePrivacy({\"services\":{\"facebook\":{\"status\":\"on\",\"txt_info\":\"2 Klicks f\\u00fcr mehr Datenschutz: Erst wenn Sie hier klicken, wird der Button aktiv und Sie k\\u00f6nnen Ihre Empfehlung an Facebook senden. Schon beim Aktivieren werden Daten an Dritte \\u00fcbertragen - siehe <em>i<\\\/em>.\",\"perma_option\":\"off\",\"action\":\"recommend\",\"language\":\"de_DE\"},\"twitter\":{\"reply_to\":\"\",\"tweet_text\":\"%20Rhein%20raus%20%E2%80%93%20oder%20wie%20Frankfurt%20zur%20kleinen%20T%C3%BCrkei%20wurde%20%C2%BB%2053%20Cent%20...\",\"status\":\"on\",\"txt_info\":\"2 Klicks f\\u00fcr mehr Datenschutz: Erst wenn Sie hier klicken, wird der Button aktiv und Sie k\\u00f6nnen Ihre Empfehlung an Twitter senden. Schon beim Aktivieren werden Daten an Dritte \\u00fcbertragen - siehe <em>i<\\\/em>.\",\"perma_option\":\"off\",\"language\":\"de\",\"referrer_track\":\"\"},\"gplus\":{\"status\":\"on\",\"txt_info\":\"2 Klicks f\\u00fcr mehr Datenschutz: Erst wenn Sie hier klicken, wird der Button aktiv und Sie k\\u00f6nnen Ihre Empfehlung an Google+ senden. Schon beim Aktivieren werden Daten an Dritte \\u00fcbertragen - siehe <em>i<\\\/em>.\",\"perma_option\":\"off\",\"referrer_track\":\"\"},\"flattr\":{\"uid\":\"\",\"status\":\"on\",\"the_title\":\"Rhein%20raus%20%26%238211%3B%20oder%20wie%20Frankfurt%20zur%20kleinen%20T%C3%BCrkei%20wurde\",\"the_excerpt\":\"Werte%20Leserinnen%20und%20Leser%2C%0D%0A%0D%0Aam%20vorvergangenen%20Samstag%20besuchte%20ich%20das%20St%C3%A4dtchen%20Frankfurt%2C%20das%20%C3%BCbrigens%20entgegen%20der%20Ansicht%20vieler%20nicht%20die%20Landeshauptstadt%20von%20Hessen%20ist%20-%20das%20ist%20das%20nahe%20gelegene%20Wiesbaden.%20Von%20dort%20aus%20regiert%20eine%20Stahl-CDU%20zusammen%20mit%20einer%20Beton-FDP%20in%20einer%20seit%20Jahrzehnten%20untrennbaren%20Stahlbeton-Verbindung%20das%20Land.%0D%0A%0D%0AAn%20besagtem%20Samstag%20war%20die%20Innenstadt%20w%20...\",\"txt_info\":\"2 Klicks f\\u00fcr mehr Datenschutz: Erst wenn Sie hier klicken, wird der Button aktiv und Sie k\\u00f6nnen Ihre Empfehlung an Flattr senden. Schon beim Aktivieren werden Daten an Dritte \\u00fcbertragen - siehe <em>i<\\\/em>.\",\"perma_option\":\"off\"}},\"txt_help\":\"Wenn Sie diese Felder durch einen Klick aktivieren, werden Informationen an Facebook, Twitter, Flattr, Xing, t3n, LinkedIn, Pinterest oder Google eventuell ins Ausland \\u00fcbertragen und unter Umst\\u00e4nden auch dort gespeichert. N\\u00e4heres erfahren Sie durch einen Klick auf das <em>i<\\\/em>.\",\"settings_perma\":\"Dauerhaft aktivieren und Daten\\u00fcber-tragung zustimmen:\",\"info_link\":\"http:\\\/\\\/www.heise.de\\\/ct\\\/artikel\\\/2-Klicks-fuer-mehr-Datenschutz-1333879.html\",\"uri\":\"https:\\\/\\\/www.brennecke.org\\\/?p=2566\",\"post_id\":2566,\"post_title_referrer_track\":\"Rhein+raus+%26%238211%3B+oder+wie+Frankfurt+zur+kleinen+T%C3%BCrkei+wurde\",\"display_infobox\":\"on\"});}});\n\/* ]]> *\/<\/script><\/div>","protected":false},"excerpt":{"rendered":"<p>Werte Leserinnen und Leser, am vorvergangenen Samstag besuchte ich das St\u00e4dtchen Frankfurt, das \u00fcbrigens entgegen der Ansicht vieler nicht die Landeshauptstadt von Hessen ist &#8211; das ist das nahe gelegene Wiesbaden. Von dort aus regiert eine Stahl-CDU zusammen mit einer &hellip; <a href=\"https:\/\/www.brennecke.org\/?p=2566\">Weiterlesen <span class=\"meta-nav\">&rarr;<\/span><\/a><\/p>\n","protected":false},"author":1,"featured_media":0,"comment_status":"closed","ping_status":"open","sticky":false,"template":"","format":"standard","meta":{"footnotes":""},"categories":[1,3],"tags":[575,574,573],"_links":{"self":[{"href":"https:\/\/www.brennecke.org\/index.php?rest_route=\/wp\/v2\/posts\/2566"}],"collection":[{"href":"https:\/\/www.brennecke.org\/index.php?rest_route=\/wp\/v2\/posts"}],"about":[{"href":"https:\/\/www.brennecke.org\/index.php?rest_route=\/wp\/v2\/types\/post"}],"author":[{"embeddable":true,"href":"https:\/\/www.brennecke.org\/index.php?rest_route=\/wp\/v2\/users\/1"}],"replies":[{"embeddable":true,"href":"https:\/\/www.brennecke.org\/index.php?rest_route=%2Fwp%2Fv2%2Fcomments&post=2566"}],"version-history":[{"count":7,"href":"https:\/\/www.brennecke.org\/index.php?rest_route=\/wp\/v2\/posts\/2566\/revisions"}],"predecessor-version":[{"id":3740,"href":"https:\/\/www.brennecke.org\/index.php?rest_route=\/wp\/v2\/posts\/2566\/revisions\/3740"}],"wp:attachment":[{"href":"https:\/\/www.brennecke.org\/index.php?rest_route=%2Fwp%2Fv2%2Fmedia&parent=2566"}],"wp:term":[{"taxonomy":"category","embeddable":true,"href":"https:\/\/www.brennecke.org\/index.php?rest_route=%2Fwp%2Fv2%2Fcategories&post=2566"},{"taxonomy":"post_tag","embeddable":true,"href":"https:\/\/www.brennecke.org\/index.php?rest_route=%2Fwp%2Fv2%2Ftags&post=2566"}],"curies":[{"name":"wp","href":"https:\/\/api.w.org\/{rel}","templated":true}]}}