{"id":2580,"date":"2013-06-16T09:13:52","date_gmt":"2013-06-16T07:13:52","guid":{"rendered":"http:\/\/www.brennecke.org\/?p=2580"},"modified":"2018-05-14T09:04:11","modified_gmt":"2018-05-14T08:04:11","slug":"grundrechtsterrorismus","status":"publish","type":"post","link":"https:\/\/www.brennecke.org\/?p=2580","title":{"rendered":"Grundrechtsterrorismus"},"content":{"rendered":"<p>Werte Leserinnen und Leser,<\/p>\n<p>F\u00fcr die neuste Entgleisung unseres Bundesinnenministers Friedrichs bedarf es keiner Einleitung. Friedrich, dem Volk bereits wohl bekannt durch unbedachte \u00c4u\u00dferungen \u00fcber den Islam, den unstillbaren Wunsch nach der Vorratsdatenspeicherung und eine ma\u00dflos \u00fcbersteigerte Wahrnehmung von Terrorismus, sofern er nicht von rechts und vom Staat kommt, hat sich <a href=\"http:\/\/www.zeit.de\/politik\/deutschland\/2013-06\/friedrich-verteidigt-obama\">gegen\u00fcber der Welt am Sonntag ge\u00e4u\u00dfert<\/a> und uns seine pers\u00f6nliche Meinung kundgetan:<\/p>\n<p style=\"padding-left: 30px;\"><em>&#8222;So geht man nicht mit Freunden um, die im Kampf gegen den Terrorismus unsere wichtigsten Partner sind&#8220;.<\/em><\/p>\n<p>Damit meinte er nicht etwa die USA, die ihre besten Freunde abh\u00f6ren und ausforschen, nein, er meinte uns, die wir es gewagt haben, das in diesem Land eindeutig verbotene Verhalten der USA zu kritisieren. Denn Deutschland sei von Datenzulieferungen aus den USA abh\u00e4ngig. Es sei bekannt, &#8222;dass es die US-Geheimdienste sind, die uns immer wieder wichtige und richtige Hinweise gegeben haben&#8220;. Die US-Geheimdienste h\u00e4tten geholfen, mehrere Anschl\u00e4ge bereits in der Vorbereitungsphase zu verhindern und Menschenleben zu retten. Deutschland sei daher &#8222;sehr dankbar f\u00fcr die gute Zusammenarbeit&#8220;.<\/p>\n<p>Sorry, Minister. Darf ich Sie einmal an Ihren Amtseid erinnern? Bitte sehr:<\/p>\n<p style=\"padding-left: 30px;\"><i>&#8222;Ich schw\u00f6re, das <a title=\"Grundgesetz f\u00fcr die Bundesrepublik Deutschland\" href=\"http:\/\/de.wikipedia.org\/wiki\/Grundgesetz_f%C3%BCr_die_Bundesrepublik_Deutschland\">Grundgesetz<\/a> und alle in der Bundesrepublik Deutschland geltenden Gesetze zu wahren und meine Amtspflichten gewissenhaft zu erf\u00fcllen, so wahr mir Gott helfe.&#8220;<\/i><\/p>\n<p>Den Gottesteil h\u00e4tten Sie weglassen k\u00f6nnen, der ist optional. Auf jeden Fall dazu geh\u00f6rt der Teil, <strong>alle geltenden Gesetze zu wahren<\/strong>. Wer aber PRISM und die USA in Schutz nimmt, verst\u00f6\u00dft gleich gegen mehrere Artikel des Grundgesetzes. Kann es wirklich sein, dass Sie in Ihrem Verfolgungswahn der Jagd nach Terroristen alle anderen Grundrechte hintenan stellen? Bedenken Sie: Verdachtslose \u00dcberwachung und Datenmissbrauch sind Formen der ausge\u00fcbten Gewalt gegen\u00fcber den B\u00fcrgern.<\/p>\n<p>Leider verbreiten sich solche irrigen Ansichten immer mehr. Der in der EU f\u00fcr die Energieversorgung verantwortliche EU-Kommissar Oettinger bezeichnete die Sicherheit der B\u00fcrger (<a href=\"http:\/\/www.welt.de\/politik\/deutschland\/article117154883\/Friedrich-will-Huerden-fuer-EU-Einreise-erhoehen.html\">ebenfalls in der &#8222;Welt am Sonntag&#8220;<\/a>) als &#8222;unser h\u00f6chstes Gut&#8220;.<\/p>\n<p>Sorry, Kommissar &#8211; auch falsch. Das deutsche Grundgesetz kennt keine Reihenfolge der Grundrechte &#8211; und schon gar nicht steht ein Grundrecht auf Sicherheit \u00fcber einer unantastbaren Menschenw\u00fcrde (zur Erinnerung, Herr Oettinger: das ist Teil von Artikel 1 der Verfassung, <a href=\"http:\/\/dejure.org\/gesetze\/GG\/1.html\">leicht zu finden<\/a>).<\/p>\n<p>Wer solche Politiker in der Regierung hat, braucht keine Terroristen mehr &#8211; die wahre Bedrohung unserer Freiheiten ist l\u00e4ngst am Hebel der Macht angekommen. Und diese Politiker haben Angst und Schrecken bereits soweit verbreitet, dass selbst in Deutschland mehr als 40% der Bev\u00f6lkerung (laut einer <a href=\"http:\/\/www.zeit.de\/politik\/2013-06\/umfrage-internet-nutzung-digitale-ueberwachung\">Umfrage von ZEIT Online<\/a> nach dem PRISM-Skandal) f\u00fcr mehr \u00dcberwachung im Internet eintreten.<\/p>\n<p>Abschlie\u00dfen m\u00f6chte ich mit einer Begriffserkl\u00e4rung, die ich <a href=\"http:\/\/de.wikipedia.org\/wiki\/Terror\">wikipedia<\/a> entnommen habe und die ich Herrn Friedrich, Herrn Oettinger und all ihren Gedankenfreunden ans Herz legen m\u00f6chte:<\/p>\n<p style=\"padding-left: 30px;\"><em>Der <b>Terror<\/b> (lat. terror \u201eSchrecken\u201c) ist die systematische und oftmals willk\u00fcrlich erscheinende Verbreitung von Angst und Schrecken durch ausge\u00fcbte oder angedrohte Gewalt, um Menschen gef\u00fcgig zu machen. Das Aus\u00fcben von Terror zur Erreichung politischer, wirtschaftlicher oder religi\u00f6ser Ziele nennt man Terrorismus.<\/em><\/p>\n<p>Und nun kommen Sie.<\/p>\n<p>Es gr\u00fc\u00dft herzlich<\/p>\n<p>JeanLuc7<\/p>\n<p>&nbsp;<\/p>\n<div class=\"twoclick_social_bookmarks_post_2580 social_share_privacy clearfix 1.6.4 locale-de_DE sprite-de_DE\"><\/div><div class=\"twoclick-js\"><script type=\"text\/javascript\">\/* <![CDATA[ *\/\njQuery(document).ready(function($){if($('.twoclick_social_bookmarks_post_2580')){$('.twoclick_social_bookmarks_post_2580').socialSharePrivacy({\"services\":{\"facebook\":{\"status\":\"on\",\"txt_info\":\"2 Klicks f\\u00fcr mehr Datenschutz: Erst wenn Sie hier klicken, wird der Button aktiv und Sie k\\u00f6nnen Ihre Empfehlung an Facebook senden. Schon beim Aktivieren werden Daten an Dritte \\u00fcbertragen - siehe <em>i<\\\/em>.\",\"perma_option\":\"off\",\"action\":\"recommend\",\"language\":\"de_DE\"},\"twitter\":{\"reply_to\":\"\",\"tweet_text\":\"%20Grundrechtsterrorismus%20%C2%BB%2053%20Cent%20%23Amtseid%20%23Friedrich%20%23Grundrechte%20%23Oettinger%20...\",\"status\":\"on\",\"txt_info\":\"2 Klicks f\\u00fcr mehr Datenschutz: Erst wenn Sie hier klicken, wird der Button aktiv und Sie k\\u00f6nnen Ihre Empfehlung an Twitter senden. Schon beim Aktivieren werden Daten an Dritte \\u00fcbertragen - siehe <em>i<\\\/em>.\",\"perma_option\":\"off\",\"language\":\"de\",\"referrer_track\":\"\"},\"gplus\":{\"status\":\"on\",\"txt_info\":\"2 Klicks f\\u00fcr mehr Datenschutz: Erst wenn Sie hier klicken, wird der Button aktiv und Sie k\\u00f6nnen Ihre Empfehlung an Google+ senden. Schon beim Aktivieren werden Daten an Dritte \\u00fcbertragen - siehe <em>i<\\\/em>.\",\"perma_option\":\"off\",\"referrer_track\":\"\"},\"flattr\":{\"uid\":\"\",\"status\":\"on\",\"the_title\":\"Grundrechtsterrorismus\",\"the_excerpt\":\"Werte%20Leserinnen%20und%20Leser%2C%0D%0A%0D%0AF%C3%BCr%20die%20neuste%20Entgleisung%20unseres%20Bundesinnenministers%20Friedrichs%20bedarf%20es%20keiner%20Einleitung.%20Friedrich%2C%20dem%20Volk%20bereits%20wohl%20bekannt%20durch%20unbedachte%20%C3%84u%C3%9Ferungen%20%C3%BCber%20den%20Islam%2C%20den%20unstillbaren%20Wunsch%20nach%20der%20Vorratsdatenspeicherung%20und%20eine%20ma%C3%9Flos%20%C3%BCbersteigerte%20Wahrnehmung%20von%20Terrorismus%2C%20sofern%20er%20nicht%20von%20rechts%20und%20vom%20Staat%20kommt%2C%20hat%20sich%20gegen%C3%BCber%20d%20...\",\"txt_info\":\"2 Klicks f\\u00fcr mehr Datenschutz: Erst wenn Sie hier klicken, wird der Button aktiv und Sie k\\u00f6nnen Ihre Empfehlung an Flattr senden. Schon beim Aktivieren werden Daten an Dritte \\u00fcbertragen - siehe <em>i<\\\/em>.\",\"perma_option\":\"off\"}},\"txt_help\":\"Wenn Sie diese Felder durch einen Klick aktivieren, werden Informationen an Facebook, Twitter, Flattr, Xing, t3n, LinkedIn, Pinterest oder Google eventuell ins Ausland \\u00fcbertragen und unter Umst\\u00e4nden auch dort gespeichert. N\\u00e4heres erfahren Sie durch einen Klick auf das <em>i<\\\/em>.\",\"settings_perma\":\"Dauerhaft aktivieren und Daten\\u00fcber-tragung zustimmen:\",\"info_link\":\"http:\\\/\\\/www.heise.de\\\/ct\\\/artikel\\\/2-Klicks-fuer-mehr-Datenschutz-1333879.html\",\"uri\":\"https:\\\/\\\/www.brennecke.org\\\/?p=2580\",\"post_id\":2580,\"post_title_referrer_track\":\"Grundrechtsterrorismus\",\"display_infobox\":\"on\"});}});\n\/* ]]> *\/<\/script><\/div>","protected":false},"excerpt":{"rendered":"<p>Werte Leserinnen und Leser, F\u00fcr die neuste Entgleisung unseres Bundesinnenministers Friedrichs bedarf es keiner Einleitung. Friedrich, dem Volk bereits wohl bekannt durch unbedachte \u00c4u\u00dferungen \u00fcber den Islam, den unstillbaren Wunsch nach der Vorratsdatenspeicherung und eine ma\u00dflos \u00fcbersteigerte Wahrnehmung von Terrorismus, &hellip; <a href=\"https:\/\/www.brennecke.org\/?p=2580\">Weiterlesen <span class=\"meta-nav\">&rarr;<\/span><\/a><\/p>\n","protected":false},"author":1,"featured_media":0,"comment_status":"closed","ping_status":"open","sticky":false,"template":"","format":"standard","meta":{"footnotes":""},"categories":[1,3],"tags":[583,243,580,579,577,582,357,581],"_links":{"self":[{"href":"https:\/\/www.brennecke.org\/index.php?rest_route=\/wp\/v2\/posts\/2580"}],"collection":[{"href":"https:\/\/www.brennecke.org\/index.php?rest_route=\/wp\/v2\/posts"}],"about":[{"href":"https:\/\/www.brennecke.org\/index.php?rest_route=\/wp\/v2\/types\/post"}],"author":[{"embeddable":true,"href":"https:\/\/www.brennecke.org\/index.php?rest_route=\/wp\/v2\/users\/1"}],"replies":[{"embeddable":true,"href":"https:\/\/www.brennecke.org\/index.php?rest_route=%2Fwp%2Fv2%2Fcomments&post=2580"}],"version-history":[{"count":5,"href":"https:\/\/www.brennecke.org\/index.php?rest_route=\/wp\/v2\/posts\/2580\/revisions"}],"predecessor-version":[{"id":3738,"href":"https:\/\/www.brennecke.org\/index.php?rest_route=\/wp\/v2\/posts\/2580\/revisions\/3738"}],"wp:attachment":[{"href":"https:\/\/www.brennecke.org\/index.php?rest_route=%2Fwp%2Fv2%2Fmedia&parent=2580"}],"wp:term":[{"taxonomy":"category","embeddable":true,"href":"https:\/\/www.brennecke.org\/index.php?rest_route=%2Fwp%2Fv2%2Fcategories&post=2580"},{"taxonomy":"post_tag","embeddable":true,"href":"https:\/\/www.brennecke.org\/index.php?rest_route=%2Fwp%2Fv2%2Ftags&post=2580"}],"curies":[{"name":"wp","href":"https:\/\/api.w.org\/{rel}","templated":true}]}}