{"id":2586,"date":"2013-06-18T08:27:23","date_gmt":"2013-06-18T06:27:23","guid":{"rendered":"http:\/\/www.brennecke.org\/?p=2586"},"modified":"2018-05-14T09:04:11","modified_gmt":"2018-05-14T08:04:11","slug":"wie-die-spd-einen-wahlkampfschlager-verpasste","status":"publish","type":"post","link":"https:\/\/www.brennecke.org\/?p=2586","title":{"rendered":"Wie die SPD einen Wahlkampfschlager verpasste"},"content":{"rendered":"<p>Werte Leserinnen und Leser,<\/p>\n<p>Frau Merkel hat sich &#8211; ganz entgegen ihrer \u00fcblichen Vorgehensweise &#8211; dieser Tage klar zu den \u00dcberwachungspl\u00e4nen des BND ge\u00e4u\u00dfert. Auch Deutschland m\u00fcsse sich im Internet gegen m\u00f6gliche Angriffe von Terroristen sch\u00fctzen, erkl\u00e4rte sie in einem RTL-Interview. Und weiter:<\/p>\n<p style=\"padding-left: 30px;\"><em>&#8222;Wir sind darauf angewiesen, dass wir selber aktionsf\u00e4hig werden und nicht bedingungslos Terroristen ausgeliefert sind. Und die Kommunikation findet eben heute im Internet statt&#8220;<\/em><\/p>\n<p>Dar\u00fcber lohnt sich das Aufregen nicht, auch wenn man vielleicht dar\u00fcber diskutieren k\u00f6nnte, ob &#8222;bedingungslos&#8220; das neue &#8222;alternativlos&#8220; in Merkels Reden wird. F\u00fcr die SPD und ihre welke Wahlkampagne k\u00f6nnte das hingegen ein echter Hit werden, best\u00fcnde hier doch einmal eine Chance, sich nicht als das kleinere \u00dcbel, sondern als echte Alternative darzustellen. Ich stelle mir das so vor:<\/p>\n<p style=\"padding-left: 30px;\"><em>Steinbr\u00fcck: &#8222;Wir sind den Freiheiten und Rechten der B\u00fcrger genauso verpflichtet wie deren Sicherheit. Wir stellen uns daher gegen eine verdachtslose und ausufernde intransparente \u00dcberwachung deutscher und ausl\u00e4ndischer B\u00fcrger durch Geheimdienste. Wir wissen aus vielfacher Vergangenheit, dass mehr \u00dcberwachung die Freiheit aller einschr\u00e4nkt oder sogar abschafft, dass wir zudem unsere scheinbar h\u00f6here Sicherheit mit Angst und Schrecken bei den B\u00fcrgern bezahlen &#8211; Angst vor dem Staat, der sie besch\u00fctzen und ihre Grundrechte wahren soll. Ich sage: Wir machen da nicht mehr mit. Mit uns wird es ein gutes Gleichgewicht zwischen notwendigen Schutz- und Ermittlungsma\u00dfnahmen einerseits und der Freiheit und den Grundrechten aller B\u00fcrger andererseits geben. Ich sage Ihnen die Wahrheit: hundertprozentige Sicherheit kann und wird es in einem freiheitlich-demokratischen Land wie unserem nicht geben &#8211; das Attentat von Boston beweist, dass man Extremisten auch mit der besten \u00dcberwachung nicht vollst\u00e4ndig aufhalten kann. Aber wenn wir den von der CDU, Minister Friedrich und Frau Bundeskanzlerin Merkel eingeschlagenen Weg weiter gehen, werden wir bald in einem Staat leben, in dem die Worte &#8222;Einigkeit und Recht und Freiheit&#8220; ihre Bedeutung verloren haben werden. Ich sage es noch einmal: Wir haben &#8211; schlie\u00dflich &#8211; verstanden. Mit uns wird es keine verdachtslosen \u00dcberwachungsma\u00dfnahmen und keine intransparenten Datensammlungen durch Geheimdienste geben. Diesmal haben Sie die Wahl &#8211; entscheiden Sie, ob Deutschland mit Frau Merkel den Weg in den \u00dcberwachungsstaat gehen oder mit uns wieder zur\u00fcckkehren soll zum freiheitlichen, gemeinschaftlichen Umgang miteinander.&#8220;<\/em><\/p>\n<p>So wird es aber nicht kommen; diesen Wahlkampfschlager wird sich die SPD komplett entgehen lassen. Die angeblich Internet-kompetente Gesche Joost (Teil des Kompetenzteams von Peer Steinbr\u00fcck) hat auf die Frage nach der Abschaffung der Vorratsdatenspeicherung schon mal vorsorglich mit <em>&#8222;Nein, im engen Rahmen des Bundesverfassungsgerichts umsetzen&#8220;<\/em> geantwortet.<\/p>\n<p>Und Herr Steinmeier, ohnehin nicht gerade ein Freund allzu ausufernder B\u00fcrgerrechte, hat k\u00fcrzlich noch einmal die irre Position der SPD zum Leistungsschutzrecht erkl\u00e4rt: <em>&#8222;Die Gratiskultur des Internet bedroht den Qualit\u00e4tsjournalismus im Kern. Wir brauchen neue, f\u00fcr Nutzer akzeptable Bezahlmodelle im Netz. Aber wir brauchen auch ein modernes Leistungsschutzrecht.&#8220;<\/em> Klingt fast so, als h\u00e4tten die Nutzer die Gratis-Verbreitung von Zeitungen im Internet eingerichtet und seien selbst schuld an diesem Springer-Lobbygesetz.<\/p>\n<p>Schade &#8211; es h\u00e4tte doch noch ein spannender Wahlkampf werden k\u00f6nnen. Warum hat sich die SPD eigentlich seinerzeit von der CDU abgespalten? Oder von der Linken? Oder den Gr\u00fcnen? Ich wei\u00df das nicht mehr so genau&#8230;<\/p>\n<p>Es gr\u00fc\u00dft herzlich<\/p>\n<p>Ihr JeanLuc7<\/p>\n<div class=\"twoclick_social_bookmarks_post_2586 social_share_privacy clearfix 1.6.4 locale-de_DE sprite-de_DE\"><\/div><div class=\"twoclick-js\"><script type=\"text\/javascript\">\/* <![CDATA[ *\/\njQuery(document).ready(function($){if($('.twoclick_social_bookmarks_post_2586')){$('.twoclick_social_bookmarks_post_2586').socialSharePrivacy({\"services\":{\"facebook\":{\"status\":\"on\",\"txt_info\":\"2 Klicks f\\u00fcr mehr Datenschutz: Erst wenn Sie hier klicken, wird der Button aktiv und Sie k\\u00f6nnen Ihre Empfehlung an Facebook senden. Schon beim Aktivieren werden Daten an Dritte \\u00fcbertragen - siehe <em>i<\\\/em>.\",\"perma_option\":\"off\",\"action\":\"recommend\",\"language\":\"de_DE\"},\"twitter\":{\"reply_to\":\"\",\"tweet_text\":\"%20Wie%20die%20SPD%20einen%20Wahlkampfschlager%20verpasste%20%C2%BB%2053%20Cent%20%23alternativlos%20...\",\"status\":\"on\",\"txt_info\":\"2 Klicks f\\u00fcr mehr Datenschutz: Erst wenn Sie hier klicken, wird der Button aktiv und Sie k\\u00f6nnen Ihre Empfehlung an Twitter senden. Schon beim Aktivieren werden Daten an Dritte \\u00fcbertragen - siehe <em>i<\\\/em>.\",\"perma_option\":\"off\",\"language\":\"de\",\"referrer_track\":\"\"},\"gplus\":{\"status\":\"on\",\"txt_info\":\"2 Klicks f\\u00fcr mehr Datenschutz: Erst wenn Sie hier klicken, wird der Button aktiv und Sie k\\u00f6nnen Ihre Empfehlung an Google+ senden. Schon beim Aktivieren werden Daten an Dritte \\u00fcbertragen - siehe <em>i<\\\/em>.\",\"perma_option\":\"off\",\"referrer_track\":\"\"},\"flattr\":{\"uid\":\"\",\"status\":\"on\",\"the_title\":\"Wie%20die%20SPD%20einen%20Wahlkampfschlager%20verpasste\",\"the_excerpt\":\"Werte%20Leserinnen%20und%20Leser%2C%0D%0A%0D%0AFrau%20Merkel%20hat%20sich%20-%20ganz%20entgegen%20ihrer%20%C3%BCblichen%20Vorgehensweise%20-%20dieser%20Tage%20klar%20zu%20den%20%C3%9Cberwachungspl%C3%A4nen%20des%20BND%20ge%C3%A4u%C3%9Fert.%20Auch%20Deutschland%20m%C3%BCsse%20sich%20im%20Internet%20gegen%20m%C3%B6gliche%20Angriffe%20von%20Terroristen%20sch%C3%BCtzen%2C%20erkl%C3%A4rte%20sie%20in%20einem%20RTL-Interview.%20Und%20weiter%3A%0D%0A%22Wir%20sind%20darauf%20angewiesen%2C%20dass%20wir%20selber%20aktionsf%C3%A4hig%20werden%20und%20nicht%20bedingungslos%20Terror%20...\",\"txt_info\":\"2 Klicks f\\u00fcr mehr Datenschutz: Erst wenn Sie hier klicken, wird der Button aktiv und Sie k\\u00f6nnen Ihre Empfehlung an Flattr senden. Schon beim Aktivieren werden Daten an Dritte \\u00fcbertragen - siehe <em>i<\\\/em>.\",\"perma_option\":\"off\"}},\"txt_help\":\"Wenn Sie diese Felder durch einen Klick aktivieren, werden Informationen an Facebook, Twitter, Flattr, Xing, t3n, LinkedIn, Pinterest oder Google eventuell ins Ausland \\u00fcbertragen und unter Umst\\u00e4nden auch dort gespeichert. N\\u00e4heres erfahren Sie durch einen Klick auf das <em>i<\\\/em>.\",\"settings_perma\":\"Dauerhaft aktivieren und Daten\\u00fcber-tragung zustimmen:\",\"info_link\":\"http:\\\/\\\/www.heise.de\\\/ct\\\/artikel\\\/2-Klicks-fuer-mehr-Datenschutz-1333879.html\",\"uri\":\"https:\\\/\\\/www.brennecke.org\\\/?p=2586\",\"post_id\":2586,\"post_title_referrer_track\":\"Wie+die+SPD+einen+Wahlkampfschlager+verpasste\",\"display_infobox\":\"on\"});}});\n\/* ]]> *\/<\/script><\/div>","protected":false},"excerpt":{"rendered":"<p>Werte Leserinnen und Leser, Frau Merkel hat sich &#8211; ganz entgegen ihrer \u00fcblichen Vorgehensweise &#8211; dieser Tage klar zu den \u00dcberwachungspl\u00e4nen des BND ge\u00e4u\u00dfert. Auch Deutschland m\u00fcsse sich im Internet gegen m\u00f6gliche Angriffe von Terroristen sch\u00fctzen, erkl\u00e4rte sie in einem &hellip; <a href=\"https:\/\/www.brennecke.org\/?p=2586\">Weiterlesen <span class=\"meta-nav\">&rarr;<\/span><\/a><\/p>\n","protected":false},"author":1,"featured_media":0,"comment_status":"closed","ping_status":"open","sticky":false,"template":"","format":"standard","meta":{"footnotes":""},"categories":[1,3],"tags":[588,587,586,584,176,110,577,154,498,452,554,141,585],"_links":{"self":[{"href":"https:\/\/www.brennecke.org\/index.php?rest_route=\/wp\/v2\/posts\/2586"}],"collection":[{"href":"https:\/\/www.brennecke.org\/index.php?rest_route=\/wp\/v2\/posts"}],"about":[{"href":"https:\/\/www.brennecke.org\/index.php?rest_route=\/wp\/v2\/types\/post"}],"author":[{"embeddable":true,"href":"https:\/\/www.brennecke.org\/index.php?rest_route=\/wp\/v2\/users\/1"}],"replies":[{"embeddable":true,"href":"https:\/\/www.brennecke.org\/index.php?rest_route=%2Fwp%2Fv2%2Fcomments&post=2586"}],"version-history":[{"count":3,"href":"https:\/\/www.brennecke.org\/index.php?rest_route=\/wp\/v2\/posts\/2586\/revisions"}],"predecessor-version":[{"id":2588,"href":"https:\/\/www.brennecke.org\/index.php?rest_route=\/wp\/v2\/posts\/2586\/revisions\/2588"}],"wp:attachment":[{"href":"https:\/\/www.brennecke.org\/index.php?rest_route=%2Fwp%2Fv2%2Fmedia&parent=2586"}],"wp:term":[{"taxonomy":"category","embeddable":true,"href":"https:\/\/www.brennecke.org\/index.php?rest_route=%2Fwp%2Fv2%2Fcategories&post=2586"},{"taxonomy":"post_tag","embeddable":true,"href":"https:\/\/www.brennecke.org\/index.php?rest_route=%2Fwp%2Fv2%2Ftags&post=2586"}],"curies":[{"name":"wp","href":"https:\/\/api.w.org\/{rel}","templated":true}]}}