{"id":2624,"date":"2013-07-01T15:05:05","date_gmt":"2013-07-01T13:05:05","guid":{"rendered":"http:\/\/www.brennecke.org\/?p=2624"},"modified":"2018-05-14T09:03:33","modified_gmt":"2018-05-14T08:03:33","slug":"2624","status":"publish","type":"post","link":"https:\/\/www.brennecke.org\/?p=2624","title":{"rendered":"Recht auf \u00dcberwachung"},"content":{"rendered":"<p>Werte Leserinnen und Leser,<\/p>\n<p>nachdem nun immer mehr Einzelheiten des Aussp\u00e4hskandals rund um NSA, PRISM und Tempora bekannt werden, ist es an der Zeit, die Positionen der einzelnen Beteiligten zu hinterfragen. Abseits von der echten oder gespielten Emp\u00f6rung unserer Politiker lohnt es sich, die Aussagen der US-Politiker der letzten Tage zu analysieren.<\/p>\n<p style=\"padding-left: 30px;\"><em><a href=\"http:\/\/www.zeit.de\/politik\/deutschland\/2013-07\/nsa-merkel-botschafter-abkommen?commentstart=33#comments\">US-Au\u00dfenminister Kerry<\/a>: Es sei &#8222;nicht un\u00fcblich&#8220;, dass Staaten Informationen \u00fcber andere L\u00e4nder sammelten. &#8222;Jedes Land, das sich international mit Fragen der nationalen Sicherheit befasst, unternimmt jede Menge Aktivit\u00e4ten, um seine nationale Sicherheit zu sch\u00fctzen, und dazu geh\u00f6rt das Sammeln von allen m\u00f6glichen Informationen.&#8220;<\/em><\/p>\n<p style=\"padding-left: 30px;\"><em><a href=\"http:\/\/www.zeit.de\/politik\/ausland\/2013-07\/nsa-spionage-usa-euhttp:\/\/\">James Clapper<\/a>, Direktor der Nationalen Sicherheitsdienste (USA): &#8222;W\u00e4hrend wir grunds\u00e4tzlich bestimmte, mutma\u00dfliche Geheimdienstaktivit\u00e4ten nicht \u00f6ffentlich kommentieren, haben wir klar gemacht, dass die USA ausl\u00e4ndische Geheimdienstinformationen in der Weise sammeln, wie es alle Nationen tun.&#8220;<\/em><\/p>\n<p style=\"padding-left: 30px;\"><em><a href=\"http:\/\/pastebin.com\/yMGTZ1PZ\">Und dann noch dies<\/a>: <span style=\"font-size: medium;\">Wayne Madsen, a former US navy lieutenant who first worked for the NSA in 1985 and over the next 12 years held several sensitive positions within the <\/span><span style=\"font-size: medium;\">agency, names Denmark, the Netherlands, France, Germany, Spain and Italy as having secret deals with the US. <\/span><span style=\"font-size: medium;\">&#8222;I can&#8217;t understand how Angela Merkel can keep a straight face, demanding assurances from [Barack] Obama and the UK while Germany has entered into those exact relationships.&#8220;<\/span><\/em><\/p>\n<p>Klar, dass sie das sagen. Was aber, wenn tats\u00e4chlich Abkommen zwischen Deutschland und den USA bestehen, die unseren Geheimdiensten Informationen der NSA zug\u00e4nglich machen &#8211; f\u00fcr den Preis, dass Deutschland zu den Drittstaaten geh\u00f6rt, die munter abgeh\u00f6rt werden d\u00fcrfen? Klingt nach Verschw\u00f6rungstheorie &#8211; aber bis heute sind <a href=\"http:\/\/www.heise.de\/tp\/artikel\/39\/39408\/1.html\">Geheimvertr\u00e4ge<\/a> mit den westlichen Siegerm\u00e4chten zur \u00dcberwachung in Kraft, die w\u00e4hrend der Gr\u00fcndung der BRD geschlossen und im Rahmen der 2+4-Gespr\u00e4che zur Wiedervereinigung Deutschlands bekr\u00e4ftigt wurden. Diese Vertr\u00e4ge setzen Teile des Grundgesetzes zugunsten &#8222;unk\u00fcndbarer Siegerrechte&#8220; <a href=\"http:\/\/www.zeit.de\/2009\/21\/D-Souveraenitaet\">au\u00dfer Kraft.<\/a> S\u00e4mtliche Bundeskanzler seit 1949 bis mindestens Helmut Kohl haben Briefe unterzeichnen m\u00fcssen, die diese Vertr\u00e4ge anerkennen. Willy Brandt emp\u00f6rte sich 1969, eine solche Unterwerfung <a href=\"http:\/\/www.heise.de\/tp\/artikel\/39\/39408\/1.html\">versto\u00dfe<\/a> <a href=\"http:\/\/www.heise.de\/tp\/artikel\/39\/39408\/1.html\">gegen seinen Amtseid<\/a>. Er hat sie dennoch unterzeichnet.<\/p>\n<p>Man mag dies im Rahmen des Besatzungsstatus und der fehlenden Souver\u00e4nit\u00e4t Deutschlands nach dem zweiten Weltkrieg verstehen; allerdings sah Kohl im Jahre 1990 offenbar keinen Grund, diese Vertr\u00e4ge au\u00dfer Kraft zu setzen. Es k\u00f6nnte daher sein, dass die drei US-Herren mit ihrer Einsch\u00e4tzung, alles sei legal, zumindest in Bezug auf Deutschland durchaus recht haben k\u00f6nnten. Zwar w\u00e4ren die NSA-Aktionen nach wie vor nicht mit deutschem Recht oder gar Grundrecht vereinbar &#8211;\u00a0 das aber ist in den Siegervertr\u00e4gen au\u00dfer Kraft gesetzt. Mithin: <a href=\"http:\/\/de.wikipedia.org\/wiki\/Anything_Goes\">Anything goes<\/a>.<\/p>\n<p>Ich bin sehr gespannt, wie Merkel &amp; Co uns ihre neuerliche Taten- und Machtlosigkeit verkaufen werden &#8211; denn es ist wohl Wunschdenken, anzunehmen, die USA w\u00fcrden nun sofort mit der \u00dcberwachung aufh\u00f6ren, wenn doch das Equipment nun schon installiert und einsatzbereit ist. Nicht zuletzt gehen die W\u00fcnsche des IM Friedrich und seiner \u00dcberwachungsfreunde in dieselbe Richtung: Bestandsdatenauskunft, BND aufr\u00fcsten, Vorratsdatenspeicherung. Ob man diese Daten nicht viel billiger bei der NSA bekommen k\u00f6nnte? Am besten per Geheimvertrag, das k\u00f6nnen sie gut im Innenministerium.<\/p>\n<p>Besser aber, man w\u00fcrfe die ganze Geheimdiplomatie auf den Abfallhaufen der Geschichte, wie es der US-Pr\u00e4sident Wilson bereits 1917 in seinem <a href=\"http:\/\/de.wikipedia.org\/wiki\/14-Punkte-Programm\">14-Punkte-Programm<\/a> forderte: <em>&#8222;Danach sollen keinerlei geheime internationale Abmachungen mehr bestehen, sondern die Diplomatie soll immer aufrichtig und vor aller Welt getrieben werden.&#8220;<\/em><\/p>\n<p>Man sollte ihm w\u00fcnschen, dass dieser erste Punkt seines Programms Wirklichkeit wird, bevor es seinen hundertsten Geburtstag feiert.<\/p>\n<p>Es gr\u00fc\u00dft herzlich<\/p>\n<p>Ihr JL7<\/p>\n<p>&nbsp;<\/p>\n<div class=\"twoclick_social_bookmarks_post_2624 social_share_privacy clearfix 1.6.4 locale-de_DE sprite-de_DE\"><\/div><div class=\"twoclick-js\"><script type=\"text\/javascript\">\/* <![CDATA[ *\/\njQuery(document).ready(function($){if($('.twoclick_social_bookmarks_post_2624')){$('.twoclick_social_bookmarks_post_2624').socialSharePrivacy({\"services\":{\"facebook\":{\"status\":\"on\",\"txt_info\":\"2 Klicks f\\u00fcr mehr Datenschutz: Erst wenn Sie hier klicken, wird der Button aktiv und Sie k\\u00f6nnen Ihre Empfehlung an Facebook senden. Schon beim Aktivieren werden Daten an Dritte \\u00fcbertragen - siehe <em>i<\\\/em>.\",\"perma_option\":\"off\",\"action\":\"recommend\",\"language\":\"de_DE\"},\"twitter\":{\"reply_to\":\"\",\"tweet_text\":\"%20Recht%20auf%20%C3%9Cberwachung%20%C2%BB%2053%20Cent%20%2314%20Punkte%20%23BND%20%23Clapper%20%23Friedrich%20...\",\"status\":\"on\",\"txt_info\":\"2 Klicks f\\u00fcr mehr Datenschutz: Erst wenn Sie hier klicken, wird der Button aktiv und Sie k\\u00f6nnen Ihre Empfehlung an Twitter senden. Schon beim Aktivieren werden Daten an Dritte \\u00fcbertragen - siehe <em>i<\\\/em>.\",\"perma_option\":\"off\",\"language\":\"de\",\"referrer_track\":\"\"},\"gplus\":{\"status\":\"on\",\"txt_info\":\"2 Klicks f\\u00fcr mehr Datenschutz: Erst wenn Sie hier klicken, wird der Button aktiv und Sie k\\u00f6nnen Ihre Empfehlung an Google+ senden. Schon beim Aktivieren werden Daten an Dritte \\u00fcbertragen - siehe <em>i<\\\/em>.\",\"perma_option\":\"off\",\"referrer_track\":\"\"},\"flattr\":{\"uid\":\"\",\"status\":\"on\",\"the_title\":\"Recht%20auf%20%C3%9Cberwachung\",\"the_excerpt\":\"Werte%20Leserinnen%20und%20Leser%2C%0D%0A%0D%0Anachdem%20nun%20immer%20mehr%20Einzelheiten%20des%20Aussp%C3%A4hskandals%20rund%20um%20NSA%2C%20PRISM%20und%20Tempora%20bekannt%20werden%2C%20ist%20es%20an%20der%20Zeit%2C%20die%20Positionen%20der%20einzelnen%20Beteiligten%20zu%20hinterfragen.%20Abseits%20von%20der%20echten%20oder%20gespielten%20Emp%C3%B6rung%20unserer%20Politiker%20lohnt%20es%20sich%2C%20die%20Aussagen%20der%20US-Politiker%20der%20letzten%20Tage%20zu%20analysieren.%0D%0AUS-Au%C3%9Fenminister%20Kerry%3A%20Es%20sei%20%22nicht%20u%20...\",\"txt_info\":\"2 Klicks f\\u00fcr mehr Datenschutz: Erst wenn Sie hier klicken, wird der Button aktiv und Sie k\\u00f6nnen Ihre Empfehlung an Flattr senden. Schon beim Aktivieren werden Daten an Dritte \\u00fcbertragen - siehe <em>i<\\\/em>.\",\"perma_option\":\"off\"}},\"txt_help\":\"Wenn Sie diese Felder durch einen Klick aktivieren, werden Informationen an Facebook, Twitter, Flattr, Xing, t3n, LinkedIn, Pinterest oder Google eventuell ins Ausland \\u00fcbertragen und unter Umst\\u00e4nden auch dort gespeichert. N\\u00e4heres erfahren Sie durch einen Klick auf das <em>i<\\\/em>.\",\"settings_perma\":\"Dauerhaft aktivieren und Daten\\u00fcber-tragung zustimmen:\",\"info_link\":\"http:\\\/\\\/www.heise.de\\\/ct\\\/artikel\\\/2-Klicks-fuer-mehr-Datenschutz-1333879.html\",\"uri\":\"https:\\\/\\\/www.brennecke.org\\\/?p=2624\",\"post_id\":2624,\"post_title_referrer_track\":\"Recht+auf+%C3%9Cberwachung\",\"display_infobox\":\"on\"});}});\n\/* ]]> *\/<\/script><\/div>","protected":false},"excerpt":{"rendered":"<p>Werte Leserinnen und Leser, nachdem nun immer mehr Einzelheiten des Aussp\u00e4hskandals rund um NSA, PRISM und Tempora bekannt werden, ist es an der Zeit, die Positionen der einzelnen Beteiligten zu hinterfragen. Abseits von der echten oder gespielten Emp\u00f6rung unserer Politiker &hellip; <a href=\"https:\/\/www.brennecke.org\/?p=2624\">Weiterlesen <span class=\"meta-nav\">&rarr;<\/span><\/a><\/p>\n","protected":false},"author":1,"featured_media":0,"comment_status":"closed","ping_status":"open","sticky":false,"template":"","format":"standard","meta":{"footnotes":""},"categories":[1,3],"tags":[593,586,595,243,594,596,110,576,419,577,591,592],"_links":{"self":[{"href":"https:\/\/www.brennecke.org\/index.php?rest_route=\/wp\/v2\/posts\/2624"}],"collection":[{"href":"https:\/\/www.brennecke.org\/index.php?rest_route=\/wp\/v2\/posts"}],"about":[{"href":"https:\/\/www.brennecke.org\/index.php?rest_route=\/wp\/v2\/types\/post"}],"author":[{"embeddable":true,"href":"https:\/\/www.brennecke.org\/index.php?rest_route=\/wp\/v2\/users\/1"}],"replies":[{"embeddable":true,"href":"https:\/\/www.brennecke.org\/index.php?rest_route=%2Fwp%2Fv2%2Fcomments&post=2624"}],"version-history":[{"count":3,"href":"https:\/\/www.brennecke.org\/index.php?rest_route=\/wp\/v2\/posts\/2624\/revisions"}],"predecessor-version":[{"id":3736,"href":"https:\/\/www.brennecke.org\/index.php?rest_route=\/wp\/v2\/posts\/2624\/revisions\/3736"}],"wp:attachment":[{"href":"https:\/\/www.brennecke.org\/index.php?rest_route=%2Fwp%2Fv2%2Fmedia&parent=2624"}],"wp:term":[{"taxonomy":"category","embeddable":true,"href":"https:\/\/www.brennecke.org\/index.php?rest_route=%2Fwp%2Fv2%2Fcategories&post=2624"},{"taxonomy":"post_tag","embeddable":true,"href":"https:\/\/www.brennecke.org\/index.php?rest_route=%2Fwp%2Fv2%2Ftags&post=2624"}],"curies":[{"name":"wp","href":"https:\/\/api.w.org\/{rel}","templated":true}]}}