{"id":2636,"date":"2013-07-03T13:10:45","date_gmt":"2013-07-03T11:10:45","guid":{"rendered":"http:\/\/www.brennecke.org\/?p=2636"},"modified":"2018-05-14T09:03:33","modified_gmt":"2018-05-14T08:03:33","slug":"uberflieger","status":"publish","type":"post","link":"https:\/\/www.brennecke.org\/?p=2636","title":{"rendered":"\u00dcberflieger"},"content":{"rendered":"<p>Werte Leserinnen und Leser,<\/p>\n<p>Die deutsche Regierung hat festgestellt, dass Edward Snowden in Deutschland kein Asyl erh\u00e4lt, und die SPD hat mal wieder zugestimmt, diesmal durch den altbekannten Dieter Wiefelsp\u00fctz. Man st\u00fctzt sich dabei feige auf formale Argumente wie &#8222;&#8230; kann nur auf deutschem Boden gestellt werden &#8230;&#8220; oder &#8222;&#8230;ist kein politisch Verfolgter &#8230;&#8220;. Unser Bundespr\u00e4sident wusste bereits fr\u00fch, dass Snowden ein Verr\u00e4ter sei, und auch sonst scheinen viele von der Rechtsstaatlichkeit der USA so \u00fcberzeugt zu sein, dass sie Snowden am liebsten der dortigen Justiz \u00fcberlassen m\u00f6chten.<\/p>\n<p>Offenbar sind die Amerikaner allzu sehr daran interessiert, Snowden in die H\u00e4nde zu bekommen. Heute musste das <a href=\"http:\/\/www.spiegel.de\/politik\/ausland\/morales-flugzeug-in-wien-gestoppt-snowden-nicht-an-bord-a-909146.html\">Flugzeug des bolivianischen Pr\u00e4sidenten Evo Morales<\/a> auf dem Wiener Flughafen zwischenlanden und dort zw\u00f6lf Stunden pausieren, weil mehrere europ\u00e4ische Staaten das \u00dcberflugrecht verweigert hatten in der Annahme, Snowden k\u00f6nnte in der Maschine sitzen. Das Flugzeug wurde laut dem \u00f6sterreichischen Au\u00dfenminister Spindelegger sogar von Beamten durchsucht.<\/p>\n<p>Man stelle sich einmal vor, gleiches w\u00e4re dem US-Pr\u00e4sidenten geschehen. Gr\u00fcnde daf\u00fcr g\u00e4be es in ausreichender Zahl: beispielsweise das millionenfache Abh\u00f6ren und Ausspionieren von EU-Einwohnern. Wenn man es konkreter m\u00f6chte, w\u00fcrde wohl auch die jahrzehntelange Freiheitsberaubung von Verd\u00e4chtigen in Guantanamo einen Grund hergeben. Wie auch immer: ein Aufschrei ohnegleichen h\u00e4tte die Welt ersch\u00fcttert.<\/p>\n<p>Nun aber zwingen offenbar die USA ihre EU-Verb\u00fcndeten zu einer Jagd auf einen Informanten, der zudem noch nicht einmal durch einen internationalen Haftbefehl gesucht wird. Ein solcher wird auch schwer zu erwirken sein, weil Snowden wegen Geheimnisverrat gesucht wird, und das ist kein internationales Verbrechen. Nat\u00fcrlich haben Spanien, Portugal und Frankreich die Verweigerung der \u00dcberflugrechte selbst zu verantworten. Aber man erkl\u00e4re mir einmal plausibel, wie sie alle gemeinsam pl\u00f6tzlich auf die Schnapsidee gekommen sein m\u00f6gen, einen mit diplomatischer Immunit\u00e4t ausgestatteten Pr\u00e4sidenten auf seinem Weg nach Hause zu stoppen.<\/p>\n<p>Offenbar hat da hinter den Kulissen jemand ganz heftig mit Konsequenzen gedroht und Mithilfe eingefordert. Und genau das ist es, was diesen Skandal so unertr\u00e4glich macht &#8211; die ewige Geheimdiplomatie, hinter der sich alle verstecken und die insbesondere den Europ\u00e4ern so viel wert ist, dass sie sogar offensichtliche Fehlgriffe und Rechtsverletzungen der USA darunter verstecken. Es reicht nicht einmal zur Androhung von Konsequenzen. Frau Merkel will nun mit Obama telefonieren &#8211; wir k\u00f6nnen nur hoffen, dass es dabei nicht allein um <a href=\"http:\/\/www.bz-berlin.de\/archiv\/merkel-privat-ich-koche-eine-ganz-gute-kartoffelsuppe-article460532.html\">Kartoffelsuppe<\/a> geht.<\/p>\n<p>Sascha Lobo hat dieser Tage <a href=\"http:\/\/www.spiegel.de\/netzwelt\/netzpolitik\/spiegel-widmet-1989-der-nsa-seine-titelgeschichte-a-908858.html\">einen Text aus 1989 ausgegraben<\/a>, in dem sehr deutlich gezeigt wird, wie bekannt die Abh\u00f6rthematik bereits damals war. Ich finde den Bezug zu 1989 auch noch aus einem anderen Grund interessant: seinerzeit brach relativ pl\u00f6tzlich und unerwartet die DDR zusammen, und am Ende konnte man jeden Tag neue ungeheuerlichere Informationen \u00fcber Stasi &amp; Co lesen &#8211; und sich freuen, dass das Schlimmste wohl \u00fcberstanden war. Ich w\u00fcnsche mir, dass es den verr\u00fcckt gewordenen \u00dcberwachern auf dieser Welt in diesem Jahr \u00e4hnlich gehen wird.<\/p>\n<p>Ja, ja W\u00fcnsche. Aber h\u00e4tten Sie nach dem <a href=\"http:\/\/de.wikipedia.org\/wiki\/Tian%E2%80%99anmen-Massaker\">Massaker am Tiananmen-Platz<\/a> am 4. Juni 1989 gedacht, dass bereits f\u00fcnf\u00a0 Monate sp\u00e4ter die Mauer fallen w\u00fcrde?<\/p>\n<p>Man muss eben am Ball bleiben.<\/p>\n<p>Es gr\u00fc\u00dft herzlich<\/p>\n<p>Ihr JeanLuc7<\/p>\n<p>P.S: Snowden war nicht an Bord der bolivianischen Maschine. Ich m\u00f6chte mir gar nicht ausmalen, was andernfalls passiert w\u00e4re&#8230;<\/p>\n<div class=\"twoclick_social_bookmarks_post_2636 social_share_privacy clearfix 1.6.4 locale-de_DE sprite-de_DE\"><\/div><div class=\"twoclick-js\"><script type=\"text\/javascript\">\/* <![CDATA[ *\/\njQuery(document).ready(function($){if($('.twoclick_social_bookmarks_post_2636')){$('.twoclick_social_bookmarks_post_2636').socialSharePrivacy({\"services\":{\"facebook\":{\"status\":\"on\",\"txt_info\":\"2 Klicks f\\u00fcr mehr Datenschutz: Erst wenn Sie hier klicken, wird der Button aktiv und Sie k\\u00f6nnen Ihre Empfehlung an Facebook senden. Schon beim Aktivieren werden Daten an Dritte \\u00fcbertragen - siehe <em>i<\\\/em>.\",\"perma_option\":\"off\",\"action\":\"recommend\",\"language\":\"de_DE\"},\"twitter\":{\"reply_to\":\"\",\"tweet_text\":\"%20%C3%9Cberflieger%20%C2%BB%2053%20Cent%20%23Abh%C3%B6rskandal%20%23Bolivien%20%23DDR%20%23Frankreich%20...\",\"status\":\"on\",\"txt_info\":\"2 Klicks f\\u00fcr mehr Datenschutz: Erst wenn Sie hier klicken, wird der Button aktiv und Sie k\\u00f6nnen Ihre Empfehlung an Twitter senden. Schon beim Aktivieren werden Daten an Dritte \\u00fcbertragen - siehe <em>i<\\\/em>.\",\"perma_option\":\"off\",\"language\":\"de\",\"referrer_track\":\"\"},\"gplus\":{\"status\":\"on\",\"txt_info\":\"2 Klicks f\\u00fcr mehr Datenschutz: Erst wenn Sie hier klicken, wird der Button aktiv und Sie k\\u00f6nnen Ihre Empfehlung an Google+ senden. Schon beim Aktivieren werden Daten an Dritte \\u00fcbertragen - siehe <em>i<\\\/em>.\",\"perma_option\":\"off\",\"referrer_track\":\"\"},\"flattr\":{\"uid\":\"\",\"status\":\"on\",\"the_title\":\"%C3%9Cberflieger\",\"the_excerpt\":\"Werte%20Leserinnen%20und%20Leser%2C%0D%0A%0D%0ADie%20deutsche%20Regierung%20hat%20festgestellt%2C%20dass%20Edward%20Snowden%20in%20Deutschland%20kein%20Asyl%20erh%C3%A4lt%2C%20und%20die%20SPD%20hat%20mal%20wieder%20zugestimmt%2C%20diesmal%20durch%20den%20altbekannten%20Dieter%20Wiefelsp%C3%BCtz.%20Man%20st%C3%BCtzt%20sich%20dabei%20feige%20auf%20formale%20Argumente%20wie%20%22...%20kann%20nur%20auf%20deutschem%20Boden%20gestellt%20werden%20...%22%20oder%20%22...ist%20kein%20politisch%20Verfolgter%20...%22.%20Unser%20Bundespr%C3%A4sident%20wusst%20...\",\"txt_info\":\"2 Klicks f\\u00fcr mehr Datenschutz: Erst wenn Sie hier klicken, wird der Button aktiv und Sie k\\u00f6nnen Ihre Empfehlung an Flattr senden. Schon beim Aktivieren werden Daten an Dritte \\u00fcbertragen - siehe <em>i<\\\/em>.\",\"perma_option\":\"off\"}},\"txt_help\":\"Wenn Sie diese Felder durch einen Klick aktivieren, werden Informationen an Facebook, Twitter, Flattr, Xing, t3n, LinkedIn, Pinterest oder Google eventuell ins Ausland \\u00fcbertragen und unter Umst\\u00e4nden auch dort gespeichert. N\\u00e4heres erfahren Sie durch einen Klick auf das <em>i<\\\/em>.\",\"settings_perma\":\"Dauerhaft aktivieren und Daten\\u00fcber-tragung zustimmen:\",\"info_link\":\"http:\\\/\\\/www.heise.de\\\/ct\\\/artikel\\\/2-Klicks-fuer-mehr-Datenschutz-1333879.html\",\"uri\":\"https:\\\/\\\/www.brennecke.org\\\/?p=2636\",\"post_id\":2636,\"post_title_referrer_track\":\"%C3%9Cberflieger\",\"display_infobox\":\"on\"});}});\n\/* ]]> *\/<\/script><\/div>","protected":false},"excerpt":{"rendered":"<p>Werte Leserinnen und Leser, Die deutsche Regierung hat festgestellt, dass Edward Snowden in Deutschland kein Asyl erh\u00e4lt, und die SPD hat mal wieder zugestimmt, diesmal durch den altbekannten Dieter Wiefelsp\u00fctz. Man st\u00fctzt sich dabei feige auf formale Argumente wie &#8222;&#8230; &hellip; <a href=\"https:\/\/www.brennecke.org\/?p=2636\">Weiterlesen <span class=\"meta-nav\">&rarr;<\/span><\/a><\/p>\n","protected":false},"author":1,"featured_media":0,"comment_status":"closed","ping_status":"open","sticky":false,"template":"","format":"standard","meta":{"footnotes":""},"categories":[1],"tags":[600,605,613,610,615,612,110,606,609,604,608,614,607,611,616],"_links":{"self":[{"href":"https:\/\/www.brennecke.org\/index.php?rest_route=\/wp\/v2\/posts\/2636"}],"collection":[{"href":"https:\/\/www.brennecke.org\/index.php?rest_route=\/wp\/v2\/posts"}],"about":[{"href":"https:\/\/www.brennecke.org\/index.php?rest_route=\/wp\/v2\/types\/post"}],"author":[{"embeddable":true,"href":"https:\/\/www.brennecke.org\/index.php?rest_route=\/wp\/v2\/users\/1"}],"replies":[{"embeddable":true,"href":"https:\/\/www.brennecke.org\/index.php?rest_route=%2Fwp%2Fv2%2Fcomments&post=2636"}],"version-history":[{"count":4,"href":"https:\/\/www.brennecke.org\/index.php?rest_route=\/wp\/v2\/posts\/2636\/revisions"}],"predecessor-version":[{"id":3733,"href":"https:\/\/www.brennecke.org\/index.php?rest_route=\/wp\/v2\/posts\/2636\/revisions\/3733"}],"wp:attachment":[{"href":"https:\/\/www.brennecke.org\/index.php?rest_route=%2Fwp%2Fv2%2Fmedia&parent=2636"}],"wp:term":[{"taxonomy":"category","embeddable":true,"href":"https:\/\/www.brennecke.org\/index.php?rest_route=%2Fwp%2Fv2%2Fcategories&post=2636"},{"taxonomy":"post_tag","embeddable":true,"href":"https:\/\/www.brennecke.org\/index.php?rest_route=%2Fwp%2Fv2%2Ftags&post=2636"}],"curies":[{"name":"wp","href":"https:\/\/api.w.org\/{rel}","templated":true}]}}