{"id":2640,"date":"2013-07-04T08:24:31","date_gmt":"2013-07-04T06:24:31","guid":{"rendered":"http:\/\/www.brennecke.org\/?p=2640"},"modified":"2018-05-14T09:03:33","modified_gmt":"2018-05-14T08:03:33","slug":"digitale-selbstvorsorge","status":"publish","type":"post","link":"https:\/\/www.brennecke.org\/?p=2640","title":{"rendered":"Private Vorsorge"},"content":{"rendered":"<p>Werte Leserinnen und Leser,<\/p>\n<p>am gestrigen Abend lud Frau Anne Will zu ihrer allw\u00f6chentlichen Talk-Runde, und es ging &#8211; wie zu erwarten &#8211; um den NSA-Skandal. Die FAZ hat eine <a href=\"http:\/\/www.faz.net\/aktuell\/feuilleton\/medien\/faz-net-fruehkritik\/faz-net-fruehkritik-auf-der-ueberholspur-zur-digitalen-muendigkeit-12270572.html\">lesenswerte Fr\u00fchkritik<\/a> zu dem Gespr\u00e4ch ver\u00f6ffentlicht. Insbesondere hat sich Sigmar Gabriel als K\u00e4mpfer f\u00fcr die Freiheit hervorgetan:<\/p>\n<p style=\"padding-left: 30px;\"><em>\u201eDie Freiheitsrechte sind das wichtigste in unserer Verfassung, daf\u00fcr haben viele Menschen ihr Leben geopfert. Der Staat muss begr\u00fcnden, nachweisen, kontrollieren, wie weit er diese Freiheitsrechte im Einzelfall und nur dann, wenn schwere Straftaten zu bef\u00fcrchten sind, eingrenzen darf. Und jetzt erleben wir das genaue Gegenteil. Das ist die Zerst\u00f6rung unseres Wertefundaments, mit dem wir in der Vergangenheit unsere Zusammenarbeit mit den Vereinigten Staaten und die Europ\u00e4ische Union begr\u00fcndet haben.\u201c<\/em><\/p>\n<p>Einmal abgesehen davon, dass ich mich freue, nun endlich auch mal einen SPD-Politiker so etwas sagen zu h\u00f6ren, hat Gabriel in diesem Punkt recht, und seine Dramatisierung greift nicht zu kurz. Der geladene\u00a0Leiter der Transatlantic Networks, Andrew Denison, brachte die Situation sogar noch drastischer auf den Punkt:<\/p>\n<p style=\"padding-left: 30px;\"><em>\u201eAmerika wird alle Datenstr\u00f6me speichern und analysieren. Die NSA ist dazu da, die Gesetze anderer L\u00e4nder zu brechen, nur die amerikanischen nicht.\u201c<\/em><\/p>\n<p>W\u00e4hrend Sigmar Gabriels Versuch, wenig sp\u00e4ter die europ\u00e4ische Variante der Vorratsdatenspeicherung zu rechtfertigen, fehlschlagen musste, brachte Constanze Kurz vom Chaos Computer Club das Thema auf eine einfache Formel:<\/p>\n<p style=\"padding-left: 30px;\"><em>Die Optionen f\u00fcr die Zivilbev\u00f6lkerung liegen klar auf dem Tisch. Entweder, die B\u00fcrger warten, \u201ebis die Politiker sich besonnen haben\u201c, oder sie finden eigene Wege hin zur \u201edigitalen M\u00fcndigkeit\u201c. Die Politik spielte dann als Garant individueller B\u00fcrgerrechte allerdings kaum noch eine Rolle. Unternehmen h\u00e4tten l\u00e4ngst verstanden, dass die derzeit diskutierten \u00dcberwachungsprogramme haupts\u00e4chlich der Wirtschaftsspionage dienten und sie sich auch ohne politische Unterst\u00fctzung zur Wehr setzen m\u00fcssen. Dieses Bewusstsein breite sich nun auch unter B\u00fcrgern aus, die sich um den Schutz ihrer Privatsph\u00e4re selbst k\u00fcmmerten.<\/em><\/p>\n<p>Sigmar Gabriel bezeichnete das als bedauernswerte \u201ePrivatisierung des Rechtsstaats\u201c,. Er \u00e4rgere sich selbst dar\u00fcber, dass er \u201ejetzt pers\u00f6nlich f\u00fcr digitale Sicherheit sorgen muss\u201c. Die politischen Antworten, gestand er abschlie\u00dfend ein, \u201ewerden viel Zeit brauchen\u201c.<\/p>\n<p>Damit wissen wir jetzt, woran wir sind. Offenbar sieht sich der Staat (hier also die Bundesrepublik Deutschland) nicht f\u00e4hig, seine B\u00fcrger zu sch\u00fctzen. Eine erste Reaktion unsererseits sollte daher tats\u00e4chlich private Vorsorge sein &#8211; indem wir Software zur\u00a0 <a href=\"http:\/\/de.wikipedia.org\/wiki\/Pretty_Good_Privacy\">Mailverschl\u00fcsselung<\/a> installieren und uns bewusst werden, dass Telefon, SMS, Skype, Facebook und alle anderen Arten digitaler Kommunikation belauscht und gespeichert werden und gegen uns verwendet werden k\u00f6nnen &#8211; und diese Kommunikationsmittel daher angemessen nutzen. Machen wir das Leben den Schlapph\u00fcten <del>einfach<\/del> schwerer!<\/p>\n<p>Nicht zuletzt steht am Ende dieser Privatisierung allerdings eine Systemfrage. Das <a href=\"http:\/\/de.wikipedia.org\/wiki\/Gewaltmonopol_des_Staates\">Gewaltmonopol des Staates<\/a> beruht darauf, dass die B\u00fcrger zugunsten des Rechtsstaats auf eine eigene Durchsetzung ihres Rechts verzichten &#8211; und damit auch auf Gewaltanwendung.<\/p>\n<p>Was aber, wenn der Staat die Sicherheit der B\u00fcrger nicht mehr gew\u00e4hrleisten kann?<\/p>\n<p>Es gr\u00fc\u00dft herzlich,<\/p>\n<p>Ihr JeanLuc7<\/p>\n<div class=\"twoclick_social_bookmarks_post_2640 social_share_privacy clearfix 1.6.4 locale-de_DE sprite-de_DE\"><\/div><div class=\"twoclick-js\"><script type=\"text\/javascript\">\/* <![CDATA[ *\/\njQuery(document).ready(function($){if($('.twoclick_social_bookmarks_post_2640')){$('.twoclick_social_bookmarks_post_2640').socialSharePrivacy({\"services\":{\"facebook\":{\"status\":\"on\",\"txt_info\":\"2 Klicks f\\u00fcr mehr Datenschutz: Erst wenn Sie hier klicken, wird der Button aktiv und Sie k\\u00f6nnen Ihre Empfehlung an Facebook senden. Schon beim Aktivieren werden Daten an Dritte \\u00fcbertragen - siehe <em>i<\\\/em>.\",\"perma_option\":\"off\",\"action\":\"recommend\",\"language\":\"de_DE\"},\"twitter\":{\"reply_to\":\"\",\"tweet_text\":\"%20Private%20Vorsorge%20%C2%BB%2053%20Cent%20%23Andrew%20Denison%20%23Anne%20Will%20%23CCC%20%23FAZ%20...\",\"status\":\"on\",\"txt_info\":\"2 Klicks f\\u00fcr mehr Datenschutz: Erst wenn Sie hier klicken, wird der Button aktiv und Sie k\\u00f6nnen Ihre Empfehlung an Twitter senden. Schon beim Aktivieren werden Daten an Dritte \\u00fcbertragen - siehe <em>i<\\\/em>.\",\"perma_option\":\"off\",\"language\":\"de\",\"referrer_track\":\"\"},\"gplus\":{\"status\":\"on\",\"txt_info\":\"2 Klicks f\\u00fcr mehr Datenschutz: Erst wenn Sie hier klicken, wird der Button aktiv und Sie k\\u00f6nnen Ihre Empfehlung an Google+ senden. Schon beim Aktivieren werden Daten an Dritte \\u00fcbertragen - siehe <em>i<\\\/em>.\",\"perma_option\":\"off\",\"referrer_track\":\"\"},\"flattr\":{\"uid\":\"\",\"status\":\"on\",\"the_title\":\"Private%20Vorsorge\",\"the_excerpt\":\"Werte%20Leserinnen%20und%20Leser%2C%0D%0A%0D%0Aam%20gestrigen%20Abend%20lud%20Frau%20Anne%20Will%20zu%20ihrer%20allw%C3%B6chentlichen%20Talk-Runde%2C%20und%20es%20ging%20-%20wie%20zu%20erwarten%20-%20um%20den%20NSA-Skandal.%20Die%20FAZ%20hat%20eine%20lesenswerte%20Fr%C3%BChkritik%20zu%20dem%20Gespr%C3%A4ch%20ver%C3%B6ffentlicht.%20Insbesondere%20hat%20sich%20Sigmar%20Gabriel%20als%20K%C3%A4mpfer%20f%C3%BCr%20die%20Freiheit%20hervorgetan%3A%0D%0A%E2%80%9EDie%20Freiheitsrechte%20sind%20das%20wichtigste%20in%20unserer%20Verfassung%2C%20daf%C3%BCr%20haben%20viele%20Men%20...\",\"txt_info\":\"2 Klicks f\\u00fcr mehr Datenschutz: Erst wenn Sie hier klicken, wird der Button aktiv und Sie k\\u00f6nnen Ihre Empfehlung an Flattr senden. Schon beim Aktivieren werden Daten an Dritte \\u00fcbertragen - siehe <em>i<\\\/em>.\",\"perma_option\":\"off\"}},\"txt_help\":\"Wenn Sie diese Felder durch einen Klick aktivieren, werden Informationen an Facebook, Twitter, Flattr, Xing, t3n, LinkedIn, Pinterest oder Google eventuell ins Ausland \\u00fcbertragen und unter Umst\\u00e4nden auch dort gespeichert. N\\u00e4heres erfahren Sie durch einen Klick auf das <em>i<\\\/em>.\",\"settings_perma\":\"Dauerhaft aktivieren und Daten\\u00fcber-tragung zustimmen:\",\"info_link\":\"http:\\\/\\\/www.heise.de\\\/ct\\\/artikel\\\/2-Klicks-fuer-mehr-Datenschutz-1333879.html\",\"uri\":\"https:\\\/\\\/www.brennecke.org\\\/?p=2640\",\"post_id\":2640,\"post_title_referrer_track\":\"Private+Vorsorge\",\"display_infobox\":\"on\"});}});\n\/* ]]> *\/<\/script><\/div>","protected":false},"excerpt":{"rendered":"<p>Werte Leserinnen und Leser, am gestrigen Abend lud Frau Anne Will zu ihrer allw\u00f6chentlichen Talk-Runde, und es ging &#8211; wie zu erwarten &#8211; um den NSA-Skandal. Die FAZ hat eine lesenswerte Fr\u00fchkritik zu dem Gespr\u00e4ch ver\u00f6ffentlicht. Insbesondere hat sich Sigmar &hellip; <a href=\"https:\/\/www.brennecke.org\/?p=2640\">Weiterlesen <span class=\"meta-nav\">&rarr;<\/span><\/a><\/p>\n","protected":false},"author":1,"featured_media":0,"comment_status":"closed","ping_status":"open","sticky":false,"template":"","format":"standard","meta":{"footnotes":""},"categories":[1,3],"tags":[624,623,618,390,622,279,619,617,620,621,625],"_links":{"self":[{"href":"https:\/\/www.brennecke.org\/index.php?rest_route=\/wp\/v2\/posts\/2640"}],"collection":[{"href":"https:\/\/www.brennecke.org\/index.php?rest_route=\/wp\/v2\/posts"}],"about":[{"href":"https:\/\/www.brennecke.org\/index.php?rest_route=\/wp\/v2\/types\/post"}],"author":[{"embeddable":true,"href":"https:\/\/www.brennecke.org\/index.php?rest_route=\/wp\/v2\/users\/1"}],"replies":[{"embeddable":true,"href":"https:\/\/www.brennecke.org\/index.php?rest_route=%2Fwp%2Fv2%2Fcomments&post=2640"}],"version-history":[{"count":4,"href":"https:\/\/www.brennecke.org\/index.php?rest_route=\/wp\/v2\/posts\/2640\/revisions"}],"predecessor-version":[{"id":3732,"href":"https:\/\/www.brennecke.org\/index.php?rest_route=\/wp\/v2\/posts\/2640\/revisions\/3732"}],"wp:attachment":[{"href":"https:\/\/www.brennecke.org\/index.php?rest_route=%2Fwp%2Fv2%2Fmedia&parent=2640"}],"wp:term":[{"taxonomy":"category","embeddable":true,"href":"https:\/\/www.brennecke.org\/index.php?rest_route=%2Fwp%2Fv2%2Fcategories&post=2640"},{"taxonomy":"post_tag","embeddable":true,"href":"https:\/\/www.brennecke.org\/index.php?rest_route=%2Fwp%2Fv2%2Ftags&post=2640"}],"curies":[{"name":"wp","href":"https:\/\/api.w.org\/{rel}","templated":true}]}}