{"id":2651,"date":"2013-07-26T11:07:22","date_gmt":"2013-07-26T09:07:22","guid":{"rendered":"http:\/\/www.brennecke.org\/?p=2651"},"modified":"2018-05-14T09:03:33","modified_gmt":"2018-05-14T08:03:33","slug":"2651","status":"publish","type":"post","link":"https:\/\/www.brennecke.org\/?p=2651","title":{"rendered":"Nichtwissen ist Macht"},"content":{"rendered":"<p>Werte Leserinnen und Leser,<\/p>\n<p>Der Skandal rund um NSA, PRISM und Tempora hat inzwischen seltsame Ebenen erreicht. Politiker diskutieren dar\u00fcber, ob deutsche Geheimdienste sich in Deutschland an deutsche Gesetze gehalten haben und werfen sich gegenseitig Mitt\u00e4terschaft vor, obwohl niemand etwas gewusst haben will.<\/p>\n<p>Klingt ein bisschen wie <a href=\"http:\/\/eschweiler-juden.de\/pages\/longerich-.nichts-gewusst.php\">Deutschland nach 1945<\/a>, und der sogenannte Innenexperte Uhl hat auch sogleich einen <a href=\"http:\/\/www.golem.de\/news\/nsa-affaere-union-vergleicht-snowden-enthuellungen-mit-hitler-tagebuechern-1307-100613.html\">Vergleich<\/a> zwischen der aktuellen Spiegel-Berichterstattung (&#8222;<a href=\"http:\/\/www.spiegel.tv\/#\/themen\/bnd-und-prism\/\">Der Pakt<\/a>&#8222;) und den <a href=\"http:\/\/de.wikipedia.org\/wiki\/Hitler-Tageb%C3%BCcher\">Hitler-Tageb\u00fcchern<\/a> von 1983 hergestellt. Uhl wei\u00df eben, wie man <a href=\"http:\/\/blog.phrixos-it.de\/blog1.php\/unionspolitiker-uhl-und-rhein-und\">Br\u00e4nde stiftet<\/a>.<\/p>\n<p>So <a href=\"http:\/\/www.israel-nachrichten.org\/archive\/4088\">absurd und misslungen<\/a> Uhls Vergleich sein mag: bisher ist keine einzige von Snowdens Aussagen widerlegt worden. Im Gegenteil: St\u00fcck f\u00fcr St\u00fcck mussten die Verantwortlichen zugeben, dass Snowdens Aussagen zu PRISM, Tempora und XKeyCore grunds\u00e4tzlich den Tatsachen entsprechen. Der <a href=\"http:\/\/www.faz.net\/aktuell\/politik\/ausland\/amerika\/nsa-chef-alexander-jetzt-wissen-sie-es-12287666.html\">NSA-Chef Alexander<\/a> war da deutlich weiter als unsere Kanzlerin, als er auf einem Sicherheitsforum in Aspen bemerkte:<\/p>\n<p style=\"padding-left: 30px;\"><em>\u201eWir sagen ihnen nicht alles, was wir machen oder wie wir es machen &#8211; jetzt wissen sie es\u201c<\/em><\/p>\n<p>Manche haben bis jetzt noch nicht das Ausma\u00df dieses Skandals begriffen. So schreibt der konservative Brandstifter Fleischhauer in seiner <a href=\"http:\/\/www.spiegel.de\/politik\/deutschland\/jan-fleischhauer-kritisiert-deutsche-empoerung-ueber-nsa-skandal-a-913060.html\">Spiegel-Kolumne<\/a>:<\/p>\n<p style=\"padding-left: 30px;\"><em>&#8222;Der Datenhunger der NSA mag paranoid sein, aber er beschr\u00e4nkt nicht unsere Freiheit, es sei denn, man glaubt ernsthaft, dass die Informationen erhoben werden, um uns damit zu erpressen.&#8220;<\/em><\/p>\n<p>Man muss schon ein sehr gro\u00dfer Merkel-Fan sein, um sieben Wochen nach dem Beginn des NSA-Skandals noch so blau\u00e4ugig durch die Welt zu laufen. Der Gr\u00fcnder und erste Chef des FBI, Edgar Hoover, hat jahrzehntelang Akten \u00fcber Politiker und Prominente anlegen lassen, um sie willf\u00e4hrig und erpressbar zu machen. Die NSA wird es genauso handhaben, wenn es ihren Zielen entgegenkommt. EU-Politiker berichten derzeit \u00fcber massives Lobbying seitens US-Regierung und NSA bez\u00fcglich des aktuell verhandelten Datenschutzabkommens. Warum sollte man Parlamentarier aber m\u00fchsam von der Richtigkeit der eigenen Meinung \u00fcberzeugen, wenn man ihnen das vorlegen kann, was sie vielleicht lieber verbergen m\u00f6chten?<\/p>\n<p>Einmal getr\u00e4umt: Wenn man wirklich ein wenig Ruhe in die Situation bringen wollte, sollte man alsbald die folgenden Punkte unterlassen bzw. unterbinden:<\/p>\n<ul>\n<li>parteipolitisches Gez\u00e4nk: Auch wenn gerade Wahlkampf ist, ist die Schn\u00fcffelaff\u00e4re kein Grund, sich die Schuld gegenseitig in die Schuhe zu schieben. Seit 2001 haben bis auf Linke und Piraten alle einmal regiert. CDU\/CSU, SPD, Gr\u00fcne, FDP &#8211; alle haben mitgemacht beim Abbau der B\u00fcrgerrechte. Bevor jemand den Finger zum Widerspruch hebt und &#8222;Leutheusser-Schnarrenberger&#8220; sagt: dieses Feigenblatt schm\u00fcckt die FDP, aber Leuten wie R\u00f6sler und Westerwelle sind pers\u00f6nliche Freiheiten reichlich egal, wenn sie wirtschaftlichen Freiheiten entgegenstehen.<\/li>\n<li>die Diskussion \u00fcber ein &#8222;Supergrundrecht Sicherheit&#8220;: ein solches Grundrecht ist, wie bereits <a href=\"http:\/\/www.brennecke.org\/?p=2580\">fr\u00fcher<\/a> dargelegt, nicht einmal in einfacher Form vorhanden. Es gibt zudem keine Rangliste wichtiger und weniger wichtiger Grundrechte. \u00c4u\u00dferst bedenklich ist aber, dass ausgerechnet unser IM Friedrich (gern auch als &#8222;Verfassungsminister&#8220; bezeichnet) das offenbar nicht zur Kenntnis nehmen m\u00f6chte. Noch dramatischer ist, dass Merkel ihm nicht widersprochen hat.<\/li>\n<li>die \u00dcberwachung &#8222;\u00fcber Bande&#8220;: die Beschaffung von Informationen, die man im eigenen Land auf legalem Wege nicht gewinnen kann, muss klar als illegal gebrandmarkt werden. Der &#8222;edlen Zweck&#8220; (IM Friedrich) heiligt eben nicht die Mittel.<\/li>\n<\/ul>\n<p>Einmal weiter getr\u00e4umt: Als n\u00e4chstes w\u00e4re wohl eine gewisse Ehrlichkeit aller beteiligten Parteien n\u00f6tig:<\/p>\n<ul>\n<li>Ja, wir hegen einen Generalverdacht gegen alle B\u00fcrger, weil wir glauben, dass wir <del>euch so am besten kontrollieren k\u00f6nnen<\/del> so den Terror am besten bek\u00e4mpfen k\u00f6nnen.<\/li>\n<li>Ja, wir haben jahrelang zumindest stillschweigend hingenommen oder geahnt, dass massenhaft Daten abgesch\u00f6pft werden. <del>Und wir w\u00fcrden es gerne auch selbst k\u00f6nnen.<\/del><\/li>\n<li>Ja, wir sehen tats\u00e4chlich keine Chance, das Aussp\u00e4hen durch NSA und andere zu beenden. Die machen eh, was sie wollen. <del>Und wir auch.<\/del><\/li>\n<\/ul>\n<p>Und im dritten Traum k\u00f6nnten dann einzelne Aufrechte aus den Reihen der Politiker hervortreten:<\/p>\n<ul>\n<li>Wir werden anlasslose Vorratsdaten nicht mehr erfassen. Wir wissen inzwischen, dass sie nichts zur Ergreifung von Terroristen beitragen k\u00f6nnen, wie man beispielsweise in Boston sehen konnte.<\/li>\n<li>Wir werden uns f\u00fcr den Vorrang des Datenschutzes vor Wirtschafts- und Sicherheitsinteressen einsetzen. Wir haben erkannt, dass eine Post-Privacy-Gesellschaft eine Gefahr f\u00fcr unsere Freiheit und damit auch f\u00fcr Demokratie und Rechtsstaat darstellen.<\/li>\n<li>Wir werden uns f\u00fcr ein Verbot der verdachtslosen Aussp\u00e4hung von B\u00fcrgern anderer Staaten durch Geheimdienste im Rahmen der UN-Grundrechtechtecharta einsetzen. Das ist ein sehr langfristiges Ziel, aber das einzige, das staaten\u00fcbergreifend wirken k\u00f6nnte.<\/li>\n<\/ul>\n<p>Derzeit sieht es aber eher anders aus. Merkel wird das ganze aussitzen, denn einen Gro\u00dfteil ihrer W\u00e4hler interessiert das Thema nicht &#8211; &#8222;<em>mior hobbn jo nueschd<\/em>&#8220; (zu verbergen)*. Die SPD wird das Thema nicht ganz so hei\u00df kochen, denn Frank Steinmeier und andere k\u00f6nnten sich an der \u00fcblen Suppe die Zunge verbrennen. Die FDP wird ihren Koaltionspartner nicht vergr\u00e4tzen, und die Piraten schaffen den Sprung \u00fcber die 5-Prozent-H\u00fcrde nicht.<\/p>\n<p>Wenn sich die Verantwortlichen da mal nicht verrechnet haben. Das Internet macht n\u00e4mlich nicht nur uns zu gl\u00e4sernen B\u00fcrgern, sondern auch die Geheimdienste. Wenn nicht einmal die NSA als geheimste aller Beh\u00f6rden ihre Abh\u00f6rprogramme geheim halten kann, dann sind die kleinen Geheimnisse unserer Politiker erst recht nicht vor uns sicher.<\/p>\n<p>Und wir wollen doch nicht dieselben Fehler machen wie nach 1945.<\/p>\n<p>Es gr\u00fc\u00dft herzlich<\/p>\n<p>Ihr JL7<\/p>\n<p>&nbsp;<\/p>\n<p>* <a href=\"https:\/\/twitter.com\/J_Kachelmann\/statuses\/167214815511707648\">J\u00f6rg Kachelmann auf Twitter<\/a> auf Merkels Aussage, das Internet sei f\u00fcr uns alle &#8222;Neuland&#8220;.<\/p>\n<div class=\"twoclick_social_bookmarks_post_2651 social_share_privacy clearfix 1.6.4 locale-de_DE sprite-de_DE\"><\/div><div class=\"twoclick-js\"><script type=\"text\/javascript\">\/* <![CDATA[ *\/\njQuery(document).ready(function($){if($('.twoclick_social_bookmarks_post_2651')){$('.twoclick_social_bookmarks_post_2651').socialSharePrivacy({\"services\":{\"facebook\":{\"status\":\"on\",\"txt_info\":\"2 Klicks f\\u00fcr mehr Datenschutz: Erst wenn Sie hier klicken, wird der Button aktiv und Sie k\\u00f6nnen Ihre Empfehlung an Facebook senden. Schon beim Aktivieren werden Daten an Dritte \\u00fcbertragen - siehe <em>i<\\\/em>.\",\"perma_option\":\"off\",\"action\":\"recommend\",\"language\":\"de_DE\"},\"twitter\":{\"reply_to\":\"\",\"tweet_text\":\"%20Nichtwissen%20ist%20Macht%20%C2%BB%2053%20Cent%20%23Friedrich%20%23Hitler%20%23Merkel%20%23NSA%20%23PRISM%20...\",\"status\":\"on\",\"txt_info\":\"2 Klicks f\\u00fcr mehr Datenschutz: Erst wenn Sie hier klicken, wird der Button aktiv und Sie k\\u00f6nnen Ihre Empfehlung an Twitter senden. Schon beim Aktivieren werden Daten an Dritte \\u00fcbertragen - siehe <em>i<\\\/em>.\",\"perma_option\":\"off\",\"language\":\"de\",\"referrer_track\":\"\"},\"gplus\":{\"status\":\"on\",\"txt_info\":\"2 Klicks f\\u00fcr mehr Datenschutz: Erst wenn Sie hier klicken, wird der Button aktiv und Sie k\\u00f6nnen Ihre Empfehlung an Google+ senden. Schon beim Aktivieren werden Daten an Dritte \\u00fcbertragen - siehe <em>i<\\\/em>.\",\"perma_option\":\"off\",\"referrer_track\":\"\"},\"flattr\":{\"uid\":\"\",\"status\":\"on\",\"the_title\":\"Nichtwissen%20ist%20Macht\",\"the_excerpt\":\"Werte%20Leserinnen%20und%20Leser%2C%0D%0A%0D%0ADer%20Skandal%20rund%20um%20NSA%2C%20PRISM%20und%20Tempora%20hat%20inzwischen%20seltsame%20Ebenen%20erreicht.%20Politiker%20diskutieren%20dar%C3%BCber%2C%20ob%20deutsche%20Geheimdienste%20sich%20in%20Deutschland%20an%20deutsche%20Gesetze%20gehalten%20haben%20und%20werfen%20sich%20gegenseitig%20Mitt%C3%A4terschaft%20vor%2C%20obwohl%20niemand%20etwas%20gewusst%20haben%20will.%0D%0A%0D%0AKlingt%20ein%20bisschen%20wie%20Deutschland%20nach%201945%2C%20und%20der%20sogenannte%20Innenexpert%20...\",\"txt_info\":\"2 Klicks f\\u00fcr mehr Datenschutz: Erst wenn Sie hier klicken, wird der Button aktiv und Sie k\\u00f6nnen Ihre Empfehlung an Flattr senden. Schon beim Aktivieren werden Daten an Dritte \\u00fcbertragen - siehe <em>i<\\\/em>.\",\"perma_option\":\"off\"}},\"txt_help\":\"Wenn Sie diese Felder durch einen Klick aktivieren, werden Informationen an Facebook, Twitter, Flattr, Xing, t3n, LinkedIn, Pinterest oder Google eventuell ins Ausland \\u00fcbertragen und unter Umst\\u00e4nden auch dort gespeichert. N\\u00e4heres erfahren Sie durch einen Klick auf das <em>i<\\\/em>.\",\"settings_perma\":\"Dauerhaft aktivieren und Daten\\u00fcber-tragung zustimmen:\",\"info_link\":\"http:\\\/\\\/www.heise.de\\\/ct\\\/artikel\\\/2-Klicks-fuer-mehr-Datenschutz-1333879.html\",\"uri\":\"https:\\\/\\\/www.brennecke.org\\\/?p=2651\",\"post_id\":2651,\"post_title_referrer_track\":\"Nichtwissen+ist+Macht\",\"display_infobox\":\"on\"});}});\n\/* ]]> *\/<\/script><\/div>","protected":false},"excerpt":{"rendered":"<p>Werte Leserinnen und Leser, Der Skandal rund um NSA, PRISM und Tempora hat inzwischen seltsame Ebenen erreicht. Politiker diskutieren dar\u00fcber, ob deutsche Geheimdienste sich in Deutschland an deutsche Gesetze gehalten haben und werfen sich gegenseitig Mitt\u00e4terschaft vor, obwohl niemand etwas &hellip; <a href=\"https:\/\/www.brennecke.org\/?p=2651\">Weiterlesen <span class=\"meta-nav\">&rarr;<\/span><\/a><\/p>\n","protected":false},"author":1,"featured_media":0,"comment_status":"closed","ping_status":"open","sticky":false,"template":"","format":"standard","meta":{"footnotes":""},"categories":[1,3],"tags":[243,628,110,576,577,292,630,452,632,629,591,218,142,631],"_links":{"self":[{"href":"https:\/\/www.brennecke.org\/index.php?rest_route=\/wp\/v2\/posts\/2651"}],"collection":[{"href":"https:\/\/www.brennecke.org\/index.php?rest_route=\/wp\/v2\/posts"}],"about":[{"href":"https:\/\/www.brennecke.org\/index.php?rest_route=\/wp\/v2\/types\/post"}],"author":[{"embeddable":true,"href":"https:\/\/www.brennecke.org\/index.php?rest_route=\/wp\/v2\/users\/1"}],"replies":[{"embeddable":true,"href":"https:\/\/www.brennecke.org\/index.php?rest_route=%2Fwp%2Fv2%2Fcomments&post=2651"}],"version-history":[{"count":5,"href":"https:\/\/www.brennecke.org\/index.php?rest_route=\/wp\/v2\/posts\/2651\/revisions"}],"predecessor-version":[{"id":3730,"href":"https:\/\/www.brennecke.org\/index.php?rest_route=\/wp\/v2\/posts\/2651\/revisions\/3730"}],"wp:attachment":[{"href":"https:\/\/www.brennecke.org\/index.php?rest_route=%2Fwp%2Fv2%2Fmedia&parent=2651"}],"wp:term":[{"taxonomy":"category","embeddable":true,"href":"https:\/\/www.brennecke.org\/index.php?rest_route=%2Fwp%2Fv2%2Fcategories&post=2651"},{"taxonomy":"post_tag","embeddable":true,"href":"https:\/\/www.brennecke.org\/index.php?rest_route=%2Fwp%2Fv2%2Ftags&post=2651"}],"curies":[{"name":"wp","href":"https:\/\/api.w.org\/{rel}","templated":true}]}}