{"id":2687,"date":"2013-08-06T11:04:17","date_gmt":"2013-08-06T09:04:17","guid":{"rendered":"http:\/\/www.brennecke.org\/?p=2687"},"modified":"2018-05-14T09:03:32","modified_gmt":"2018-05-14T08:03:32","slug":"wir-foltern-keine-deutschen","status":"publish","type":"post","link":"https:\/\/www.brennecke.org\/?p=2687","title":{"rendered":"Wir foltern keine Deutschen"},"content":{"rendered":"<p>Werte Leserinnen und Leser,<\/p>\n<p>der Skandal um die Aussp\u00e4hung von sogenannten Metadaten, also Zeit, Ort, Art und Teilnehmern von Kommunikation, hat ein Stadium erreicht, das mich an der Verstandesgesundheit unserer Politiker zweifeln l\u00e4sst.<\/p>\n<p>Frau Merkel lie\u00df gestern nach einem weiteren Bericht des <em>Spiegel<\/em> \u00fcber millionenfache Weitergabe von Metadaten durch den BND an die NSA verk\u00fcnden: &#8222;Es gibt keine millionenfache Grundrechtsverletzung durch deutsche Geheimdienste, und die deutschen Dienste halten sich an die Vorschriften des Datenschutzes&#8220;. Der BND arbeite als Auslandsnachrichtendienst mit der NSA zusammen, &#8222;und das ist gut und richtig so&#8220;.<\/p>\n<p>Offenbar meinte Frau Merkel damit, dass &#8222;diese Daten vor der Weitergabe in einem gestuften Verfahren um eventuell darin enthaltende personenbezogene Daten deutscher Staatsangeh\u00f6riger bereinigt &#8220; werden, wie ein BND-Mitarbeiter mitzuteilen wusste. Wie perfide diese Antwort ist und wie sehr sie offenbar von der Geringsch\u00e4tzung pers\u00f6nlicher Daten und damit des Grundrechts auf informationelle Selbstbestimmung (BVerfG, 1983, Volksz\u00e4hlungsurteil) zeugt, l\u00e4sst sich leider am besten mit drastischen Mitteln darstellen:<\/p>\n<p style=\"padding-left: 30px;\"><strong><em>Der <\/em>Spiegel<em> hatte am Wochenende berichtet, dass der Bundesnachrichtendienst (BND) in gro\u00dfer Zahl Menschen gefoltert und deren Gest\u00e4ndnisse an die NSA weitergeleitet hat. Allein im Dezember 2012 seien es rund 50 solcher Folterverh\u00f6re gewesen. Der BND wollte die genaue Zahl zwar nicht verraten, best\u00e4tigte aber grunds\u00e4tzlich die Anwendung der Folter. Grundrechte deutscher B\u00fcrger seien nicht verletzt worden, weil nur Menschen aus Afghanistan und dem Nahen Osten gefoltert worden seien.<\/em><\/strong><\/p>\n<p>Was bei K\u00f6rperverletzung und Kapitalverbrechen ud selbst bei Diebstahl offensichtlich ist &#8211; dass n\u00e4mlich Recht und Gesetz in Deutschland nicht nur f\u00fcr Deutsche gelten &#8211; das ist also f\u00fcr Daten &#8211; personenbezogene, intime und vertrauliche Daten &#8211; au\u00dfer Kraft gesetzt. Wie krank ist das denn?<\/p>\n<p>Aber selbst wenn die Schwerpunkte der BND-Schn\u00fcffelei blo\u00df in <em>Afghanistan<\/em> und im <em>Nahen Osten<\/em> liegen: wer garantiert dem BND, dass unter seinen 500 Millionen im Dezember 2012 gestohlenen Daten nicht auch die von 2,5 Millionen <em>j\u00fcdischer<\/em> B\u00fcrger aus dem Nahost-Staat <em>Israel<\/em> sind?<\/p>\n<p>Und jetzt lesen Sie bitte den fett gedruckten Absatz weiter oben noch einmal.<\/p>\n<p>Es gr\u00fc\u00dft herzlich<\/p>\n<p>Ihr JL7<\/p>\n<div class=\"twoclick_social_bookmarks_post_2687 social_share_privacy clearfix 1.6.4 locale-de_DE sprite-de_DE\"><\/div><div class=\"twoclick-js\"><script type=\"text\/javascript\">\/* <![CDATA[ *\/\njQuery(document).ready(function($){if($('.twoclick_social_bookmarks_post_2687')){$('.twoclick_social_bookmarks_post_2687').socialSharePrivacy({\"services\":{\"facebook\":{\"status\":\"on\",\"txt_info\":\"2 Klicks f\\u00fcr mehr Datenschutz: Erst wenn Sie hier klicken, wird der Button aktiv und Sie k\\u00f6nnen Ihre Empfehlung an Facebook senden. Schon beim Aktivieren werden Daten an Dritte \\u00fcbertragen - siehe <em>i<\\\/em>.\",\"perma_option\":\"off\",\"action\":\"recommend\",\"language\":\"de_DE\"},\"twitter\":{\"reply_to\":\"\",\"tweet_text\":\"%20Wir%20foltern%20keine%20Deutschen%20%C2%BB%2053%20Cent%20%23Afghanistan%20%23BND%20%23Folter%20...\",\"status\":\"on\",\"txt_info\":\"2 Klicks f\\u00fcr mehr Datenschutz: Erst wenn Sie hier klicken, wird der Button aktiv und Sie k\\u00f6nnen Ihre Empfehlung an Twitter senden. Schon beim Aktivieren werden Daten an Dritte \\u00fcbertragen - siehe <em>i<\\\/em>.\",\"perma_option\":\"off\",\"language\":\"de\",\"referrer_track\":\"\"},\"gplus\":{\"status\":\"on\",\"txt_info\":\"2 Klicks f\\u00fcr mehr Datenschutz: Erst wenn Sie hier klicken, wird der Button aktiv und Sie k\\u00f6nnen Ihre Empfehlung an Google+ senden. Schon beim Aktivieren werden Daten an Dritte \\u00fcbertragen - siehe <em>i<\\\/em>.\",\"perma_option\":\"off\",\"referrer_track\":\"\"},\"flattr\":{\"uid\":\"\",\"status\":\"on\",\"the_title\":\"Wir%20foltern%20keine%20Deutschen\",\"the_excerpt\":\"Werte%20Leserinnen%20und%20Leser%2C%0D%0A%0D%0Ader%20Skandal%20um%20die%20Aussp%C3%A4hung%20von%20sogenannten%20Metadaten%2C%20also%20Zeit%2C%20Ort%2C%20Art%20und%20Teilnehmern%20von%20Kommunikation%2C%20hat%20ein%20Stadium%20erreicht%2C%20das%20mich%20an%20der%20Verstandesgesundheit%20unserer%20Politiker%20zweifeln%20l%C3%A4sst.%0D%0A%0D%0AFrau%20Merkel%20lie%C3%9F%20gestern%20nach%20einem%20weiteren%20Bericht%20des%20Spiegel%20%C3%BCber%20millionenfache%20Weitergabe%20von%20Metadaten%20durch%20den%20BND%20an%20die%20NSA%20verk%C3%BCnden%3A%20%22Es%20gib%20...\",\"txt_info\":\"2 Klicks f\\u00fcr mehr Datenschutz: Erst wenn Sie hier klicken, wird der Button aktiv und Sie k\\u00f6nnen Ihre Empfehlung an Flattr senden. Schon beim Aktivieren werden Daten an Dritte \\u00fcbertragen - siehe <em>i<\\\/em>.\",\"perma_option\":\"off\"}},\"txt_help\":\"Wenn Sie diese Felder durch einen Klick aktivieren, werden Informationen an Facebook, Twitter, Flattr, Xing, t3n, LinkedIn, Pinterest oder Google eventuell ins Ausland \\u00fcbertragen und unter Umst\\u00e4nden auch dort gespeichert. N\\u00e4heres erfahren Sie durch einen Klick auf das <em>i<\\\/em>.\",\"settings_perma\":\"Dauerhaft aktivieren und Daten\\u00fcber-tragung zustimmen:\",\"info_link\":\"http:\\\/\\\/www.heise.de\\\/ct\\\/artikel\\\/2-Klicks-fuer-mehr-Datenschutz-1333879.html\",\"uri\":\"https:\\\/\\\/www.brennecke.org\\\/?p=2687\",\"post_id\":2687,\"post_title_referrer_track\":\"Wir+foltern+keine+Deutschen\",\"display_infobox\":\"on\"});}});\n\/* ]]> *\/<\/script><\/div>","protected":false},"excerpt":{"rendered":"<p>Werte Leserinnen und Leser, der Skandal um die Aussp\u00e4hung von sogenannten Metadaten, also Zeit, Ort, Art und Teilnehmern von Kommunikation, hat ein Stadium erreicht, das mich an der Verstandesgesundheit unserer Politiker zweifeln l\u00e4sst. Frau Merkel lie\u00df gestern nach einem weiteren &hellip; <a href=\"https:\/\/www.brennecke.org\/?p=2687\">Weiterlesen <span class=\"meta-nav\">&rarr;<\/span><\/a><\/p>\n","protected":false},"author":1,"featured_media":0,"comment_status":"closed","ping_status":"open","sticky":false,"template":"","format":"standard","meta":{"footnotes":""},"categories":[1,3],"tags":[116,586,640,580,430,645,110,644,646,576],"_links":{"self":[{"href":"https:\/\/www.brennecke.org\/index.php?rest_route=\/wp\/v2\/posts\/2687"}],"collection":[{"href":"https:\/\/www.brennecke.org\/index.php?rest_route=\/wp\/v2\/posts"}],"about":[{"href":"https:\/\/www.brennecke.org\/index.php?rest_route=\/wp\/v2\/types\/post"}],"author":[{"embeddable":true,"href":"https:\/\/www.brennecke.org\/index.php?rest_route=\/wp\/v2\/users\/1"}],"replies":[{"embeddable":true,"href":"https:\/\/www.brennecke.org\/index.php?rest_route=%2Fwp%2Fv2%2Fcomments&post=2687"}],"version-history":[{"count":7,"href":"https:\/\/www.brennecke.org\/index.php?rest_route=\/wp\/v2\/posts\/2687\/revisions"}],"predecessor-version":[{"id":3728,"href":"https:\/\/www.brennecke.org\/index.php?rest_route=\/wp\/v2\/posts\/2687\/revisions\/3728"}],"wp:attachment":[{"href":"https:\/\/www.brennecke.org\/index.php?rest_route=%2Fwp%2Fv2%2Fmedia&parent=2687"}],"wp:term":[{"taxonomy":"category","embeddable":true,"href":"https:\/\/www.brennecke.org\/index.php?rest_route=%2Fwp%2Fv2%2Fcategories&post=2687"},{"taxonomy":"post_tag","embeddable":true,"href":"https:\/\/www.brennecke.org\/index.php?rest_route=%2Fwp%2Fv2%2Ftags&post=2687"}],"curies":[{"name":"wp","href":"https:\/\/api.w.org\/{rel}","templated":true}]}}