{"id":2721,"date":"2013-09-20T09:11:38","date_gmt":"2013-09-20T07:11:38","guid":{"rendered":"http:\/\/www.brennecke.org\/?p=2721"},"modified":"2018-05-14T09:03:32","modified_gmt":"2018-05-14T08:03:32","slug":"die-ultimative-wahlempfehlung","status":"publish","type":"post","link":"https:\/\/www.brennecke.org\/?p=2721","title":{"rendered":"Die ultimative Wahlempfehlung"},"content":{"rendered":"<p>Werte Leserinnen und Leser,<\/p>\n<p>nachdem sich nun die Nebel gelichtet haben und die Wahl zum Deutschen Bundestag nur noch 48 Stunden von uns entfernt ist, finden Sie nun im folgenden meine ultimative Wahlempfehlung. Leider ist die Sache nicht einfacher, sondern komplexer geworden.<\/p>\n<p>Beginnen wir mit der Erststimme. Das deutsche Wahlrecht verteilt diesmal die Sitzpl\u00e4tze im Bundestag erstmals exakt nach dem Zweitstimmenverh\u00e4ltnis &#8211; dem Stimmensplitting-Unsinn wurde ein Ende bereitet. Daher geben Sie die Erststimme nur einem aussichtsreichen Kandidaten. In den allermeisten Wahlkreisen sind das nur die Bewerber der SPD oder der CDU. Hier in Kreuzberg ist es nur Hans-Christian Str\u00f6bele von den Gr\u00fcnen. Wenn Sie einen der anderen Kandidaten w\u00e4hlen, beeinflusst Ihre Stimme mit sehr gro\u00dfer Wahrscheinlichkeit nicht das Ergebnis &#8211; so wie eine Enthaltung.<\/p>\n<p>Nun zur Zweitstimme. Wer &#8222;Angie&#8220; oder &#8222;Mutti&#8220; Merkel, wie sie von Bef\u00fcrwortern oder Gegnern ehrf\u00fcrchtig genannt wird, immer noch und f\u00fcr vier weitere Jahre wirklich will, muss CDU w\u00e4hlen &#8211; und nicht die FDP. Einfache Verh\u00e4ltnisse also f\u00fcr die Konservativen.<\/p>\n<p>Die Ultrakonservativen haben nach vielen braunen Jahren endlich zwei Alternativen: die AfD (Alternative f\u00fcr Deutschland) mit erheblichen Aussichten auf Stehpl\u00e4tze auf der Besuchertrib\u00fcne des Bundestags und die FDP, die neuerdings im Parteienspektrum die CDU rechts \u00fcberholt hat. Klare Aussage: Wer AfD w\u00e4hlt, schw\u00e4cht Merkel. Also eine gute Wahl f\u00fcr alle Konservativen, die lieber eine linke Regierung h\u00e4tten.<\/p>\n<p>F\u00fcr die FDP sprach lange Zeit das liberale Feigenblatt Leutheusser-Schnarrenberger &#8211; leider schweigt sie aber seit geraumer Zeit. Zur NSA-Aff\u00e4re war aus dem Justizministerium au\u00dfer schwammigen Prophezeiungen nichts zu h\u00f6ren. Parteichef R\u00f6sler und der testosteronschwangere Br\u00fcderle sind zudem der Meinung, aus dem H\u00f6llenfeuer k\u00e4me der Mindestlohn und nicht die Atomkraft. F\u00fcr beide spricht, dass sie aller Wahrscheinlichkeit nach nicht an dessen Existenz glauben &#8211; wohl aber besingen sie die Macht des Kreuzes mit der zweiten Stimme. Diesem Ruf werden &#8211; allen Warnungen zum Trotz &#8211; wieder genug CDU-W\u00e4hler folgen.<\/p>\n<p>Wenn es aber dank Zweitstimmensplittings doch nicht f\u00fcr Schwarz-Gelb reicht, dann bekommen wir eine Gro\u00dfe Koalition. Das von CDU und FDP immer wieder heraufbeschworene Gespenst &#8222;Rot-Rot-Gr\u00fcn&#8220; wird 2013 nicht kommen.<\/p>\n<p>Es spricht aber viel daf\u00fcr, dass es 2015 kommt. Da ist gar keine Wahl, meinen Sie? Richtig &#8211; Regierungen kann man auch au\u00dferhalb von Wahlen neu bilden. Schauen Sie mal im historischen Kalender unter 1966 (Gro\u00dfe Koalition unter dem Altnazi Kiesinger) und 1982 (Kohls &#8222;geistig-moralische Wende&#8220;).<\/p>\n<p>Warum ist 2015 eine Option? Nun, die Verh\u00e4ltnisse im Bundestag stellen der SPD bis auf weiteres eine Mehrheit zur Verf\u00fcgung, mit der sie in einer Gro\u00dfen Koalition die CDU vor sich her treiben kann. Wenn dazu noch eine &#8211; m\u00f6gliche &#8211; strukturelle Mehrheit der linken Parteien im Bundestag kommt, dann werden die kommenden Jahre f\u00fcr Merkel ihre anstrengendsten. Sie wird viele Forderungen der SPD einfach durchwinken und trotzdem die Verantwortung \u00fcbernehmen m\u00fcssen. Das wird sie keine vier Jahre durchhalten.<\/p>\n<p>Dann also 2015 Rot-Rot-Gr\u00fcn &#8211; ohne Lafontaine und Steinbr\u00fcck, aber mit Gabriel, Nahles, Trittin und Wagenknecht. Klingt auch nicht gerade spannend, aber vielleicht \u00fcbernimmt auch Frau Kraft das Bundessteuer in unserem M\u00fctterland.<\/p>\n<p>Und wenn wir nun zur Wahlempfehlung zur\u00fcckkommen, ist es letztlich egal, wen Sie w\u00e4hlen, wenn Sie links w\u00e4hlen wollen &#8211; blo\u00df die Piraten sollten Sie meiden, weil denen das gleiche Schicksal droht wie der AfD &#8211; n\u00e4mlich die Besuchertrib\u00fcne. So absurd es nun klingen mag: Piratenstimme ist Merkelstimme.<\/p>\n<p>Die SPD &#8211; nun ja, aus netzpolitischer Sicht ist das nicht gerade die beste Wahl. Andererseits sollte die zuk\u00fcnftige Kanzlerpartei in einem Dreierb\u00fcndnis m\u00f6glichst stark\u00a0 sein &#8211; und in der Gro\u00dfen Koalition in den n\u00e4chsten zwei Jahren ebenfalls.<\/p>\n<p>Die Gr\u00fcnen haben ihre Stammw\u00e4hler und Claudia Roth.<\/p>\n<p>Und die Linke? Fr\u00fcher in der SPD haben die Linken genervt, und das tun sie heute in ihrer eigenen Partei auch. Die \u00f6stlichen Alten in der Partei kennen sich mit \u00dcberwachungsthemen aus, wenn auch vielleicht nicht in der Weise, die f\u00fcr die Aufarbeitung der NSA-Aff\u00e4re n\u00f6tig w\u00e4re. Aber das k\u00f6nnen sie auch gern den anderen beiden Parteien \u00fcberlassen. Zudem wird 2015 die Aff\u00e4re vielleicht wirklich beendet sein und Pofalla der Chefprophet der CDU, weil er das schon zwei Jahre zuvor verk\u00fcndete.<\/p>\n<p>Und nun &#8211; auf zur Wahl. Am Sonntag um 8 Uhr geht es los.<\/p>\n<p>Es gr\u00fc\u00dft herzlich,<\/p>\n<p>Ihr JeanLuc7<\/p>\n<p>&nbsp;<\/p>\n<p>&nbsp;<\/p>\n<div class=\"twoclick_social_bookmarks_post_2721 social_share_privacy clearfix 1.6.4 locale-de_DE sprite-de_DE\"><\/div><div class=\"twoclick-js\"><script type=\"text\/javascript\">\/* <![CDATA[ *\/\njQuery(document).ready(function($){if($('.twoclick_social_bookmarks_post_2721')){$('.twoclick_social_bookmarks_post_2721').socialSharePrivacy({\"services\":{\"facebook\":{\"status\":\"on\",\"txt_info\":\"2 Klicks f\\u00fcr mehr Datenschutz: Erst wenn Sie hier klicken, wird der Button aktiv und Sie k\\u00f6nnen Ihre Empfehlung an Facebook senden. Schon beim Aktivieren werden Daten an Dritte \\u00fcbertragen - siehe <em>i<\\\/em>.\",\"perma_option\":\"off\",\"action\":\"recommend\",\"language\":\"de_DE\"},\"twitter\":{\"reply_to\":\"\",\"tweet_text\":\"%20Die%20ultimative%20Wahlempfehlung%20%C2%BB%2053%20Cent%20%23Gro%C3%9Fe%20Koalition%20%23Wahl%202013%20...\",\"status\":\"on\",\"txt_info\":\"2 Klicks f\\u00fcr mehr Datenschutz: Erst wenn Sie hier klicken, wird der Button aktiv und Sie k\\u00f6nnen Ihre Empfehlung an Twitter senden. Schon beim Aktivieren werden Daten an Dritte \\u00fcbertragen - siehe <em>i<\\\/em>.\",\"perma_option\":\"off\",\"language\":\"de\",\"referrer_track\":\"\"},\"gplus\":{\"status\":\"on\",\"txt_info\":\"2 Klicks f\\u00fcr mehr Datenschutz: Erst wenn Sie hier klicken, wird der Button aktiv und Sie k\\u00f6nnen Ihre Empfehlung an Google+ senden. Schon beim Aktivieren werden Daten an Dritte \\u00fcbertragen - siehe <em>i<\\\/em>.\",\"perma_option\":\"off\",\"referrer_track\":\"\"},\"flattr\":{\"uid\":\"\",\"status\":\"on\",\"the_title\":\"Die%20ultimative%20Wahlempfehlung\",\"the_excerpt\":\"Werte%20Leserinnen%20und%20Leser%2C%0D%0A%0D%0Anachdem%20sich%20nun%20die%20Nebel%20gelichtet%20haben%20und%20die%20Wahl%20zum%20Deutschen%20Bundestag%20nur%20noch%2048%20Stunden%20von%20uns%20entfernt%20ist%2C%20finden%20Sie%20nun%20im%20folgenden%20meine%20ultimative%20Wahlempfehlung.%20Leider%20ist%20die%20Sache%20nicht%20einfacher%2C%20sondern%20komplexer%20geworden.%0D%0A%0D%0ABeginnen%20wir%20mit%20der%20Erststimme.%20Das%20deutsche%20Wahlrecht%20verteilt%20diesmal%20die%20Sitzpl%C3%A4tze%20im%20Bundestag%20erstmals%20exa%20...\",\"txt_info\":\"2 Klicks f\\u00fcr mehr Datenschutz: Erst wenn Sie hier klicken, wird der Button aktiv und Sie k\\u00f6nnen Ihre Empfehlung an Flattr senden. Schon beim Aktivieren werden Daten an Dritte \\u00fcbertragen - siehe <em>i<\\\/em>.\",\"perma_option\":\"off\"}},\"txt_help\":\"Wenn Sie diese Felder durch einen Klick aktivieren, werden Informationen an Facebook, Twitter, Flattr, Xing, t3n, LinkedIn, Pinterest oder Google eventuell ins Ausland \\u00fcbertragen und unter Umst\\u00e4nden auch dort gespeichert. N\\u00e4heres erfahren Sie durch einen Klick auf das <em>i<\\\/em>.\",\"settings_perma\":\"Dauerhaft aktivieren und Daten\\u00fcber-tragung zustimmen:\",\"info_link\":\"http:\\\/\\\/www.heise.de\\\/ct\\\/artikel\\\/2-Klicks-fuer-mehr-Datenschutz-1333879.html\",\"uri\":\"https:\\\/\\\/www.brennecke.org\\\/?p=2721\",\"post_id\":2721,\"post_title_referrer_track\":\"Die+ultimative+Wahlempfehlung\",\"display_infobox\":\"on\"});}});\n\/* ]]> *\/<\/script><\/div>","protected":false},"excerpt":{"rendered":"<p>Werte Leserinnen und Leser, nachdem sich nun die Nebel gelichtet haben und die Wahl zum Deutschen Bundestag nur noch 48 Stunden von uns entfernt ist, finden Sie nun im folgenden meine ultimative Wahlempfehlung. Leider ist die Sache nicht einfacher, sondern &hellip; <a href=\"https:\/\/www.brennecke.org\/?p=2721\">Weiterlesen <span class=\"meta-nav\">&rarr;<\/span><\/a><\/p>\n","protected":false},"author":1,"featured_media":0,"comment_status":"closed","ping_status":"open","sticky":false,"template":"","format":"standard","meta":{"footnotes":""},"categories":[1,3],"tags":[450,658,659],"_links":{"self":[{"href":"https:\/\/www.brennecke.org\/index.php?rest_route=\/wp\/v2\/posts\/2721"}],"collection":[{"href":"https:\/\/www.brennecke.org\/index.php?rest_route=\/wp\/v2\/posts"}],"about":[{"href":"https:\/\/www.brennecke.org\/index.php?rest_route=\/wp\/v2\/types\/post"}],"author":[{"embeddable":true,"href":"https:\/\/www.brennecke.org\/index.php?rest_route=\/wp\/v2\/users\/1"}],"replies":[{"embeddable":true,"href":"https:\/\/www.brennecke.org\/index.php?rest_route=%2Fwp%2Fv2%2Fcomments&post=2721"}],"version-history":[{"count":11,"href":"https:\/\/www.brennecke.org\/index.php?rest_route=\/wp\/v2\/posts\/2721\/revisions"}],"predecessor-version":[{"id":3723,"href":"https:\/\/www.brennecke.org\/index.php?rest_route=\/wp\/v2\/posts\/2721\/revisions\/3723"}],"wp:attachment":[{"href":"https:\/\/www.brennecke.org\/index.php?rest_route=%2Fwp%2Fv2%2Fmedia&parent=2721"}],"wp:term":[{"taxonomy":"category","embeddable":true,"href":"https:\/\/www.brennecke.org\/index.php?rest_route=%2Fwp%2Fv2%2Fcategories&post=2721"},{"taxonomy":"post_tag","embeddable":true,"href":"https:\/\/www.brennecke.org\/index.php?rest_route=%2Fwp%2Fv2%2Ftags&post=2721"}],"curies":[{"name":"wp","href":"https:\/\/api.w.org\/{rel}","templated":true}]}}