{"id":2750,"date":"2013-11-12T20:38:53","date_gmt":"2013-11-12T18:38:53","guid":{"rendered":"http:\/\/www.brennecke.org\/?p=2750"},"modified":"2018-05-14T09:03:15","modified_gmt":"2018-05-14T08:03:15","slug":"wer-hat-angst-vorm-schwarzen-mann","status":"publish","type":"post","link":"https:\/\/www.brennecke.org\/?p=2750","title":{"rendered":"Wer hat Angst vorm schwarzen Mann?"},"content":{"rendered":"<p>Werte Leserinnen und Leser,<\/p>\n<p>alle Jahre wieder findet im November in Wiesbaden die &#8222;BKA-Herbsttagung&#8220; statt, und jedes Mal bin ich geneigt, auf die Frage nach dem Angsthasen im Titel mit dem Finger auf die B\u00fchne dieser Tagung zu zeigen und zu rufen: &#8222;Der Ziercke! Der Ziercke!&#8220;.<\/p>\n<p>J\u00f6rg Ziercke (SPD) f\u00fchrt seit vielen Jahren das Bundeskriminalamt und hatte sich seine Pension bereits im vergangenen Jahr redlich verdient. Mangels eines geeigneten Nachfolgers muss er jedoch bis 2014 bleiben und hatte so auch in diesem Jahr wieder die Chance, uns vor allerlei Gefahren aus dem Internet zu warnen:<\/p>\n<p style=\"padding-left: 30px;\"><em>Die Cyberkriminalit\u00e4t ist nach Einsch\u00e4tzung des Bundeskriminalamtes (BKA) eine \u201eBedrohung mit unvergleichbarer Dimension\u201c. Nach Auskunft des BKA-Pr\u00e4sidenten J\u00f6rg Ziercke sind die Kosten, die durch Cybercrime entstehen \u201egr\u00f6\u00dfer als jene, die der Handel von Kokain, Heroin und Marihuana gemeinsam erzeugen\u201c. Im virtuellen Raum f\u00e4nden Erpressung und Diebstahl statt, Drogenhandel, Geldw\u00e4sche und Kinderpornographie. Hinzu kommt die Nutzung des Internets durch Terroristen oder zum Zweck der Spionage. Ziercke sprach von einer \u201eentgrenzten Kriminalit\u00e4t\u201c, die \u201eungebremst entwicklungsoffen\u201c sei und die Strafverfolgungsbeh\u00f6rden an funktionale und territoriale Grenzen bringe. <em>(<a href=\"http:\/\/www.faz.net\/aktuell\/politik\/inland\/bundeskriminalamt-ziercke-cyberkriminalitaet-unvergleichbare-bedrohung-12661085.html\">faz.net<\/a>)<\/em><br \/>\n<\/em><\/p>\n<p>Der Mann kann einem ganz sch\u00f6n Angst machen.<\/p>\n<p>Abder bitte sehen Sie genau hin, denn Ziercke zeigt wieder einmal ein brillantes Verst\u00e4ndnis von Zuschauerverwirrung: Er rechnet uns Kosten vor, von denen wir &#8211; und auch Ziercke selbst &#8211; nur wenig Ahnung haben d\u00fcrften, n\u00e4mlich jenen des <strong>Handels<\/strong> von Kokain, Heroin und Marihuana. Clever, nicht wahr? Er spricht nicht etwa von den Kosten, die der Drogenkrieg den Staat kostet, sondern von Kosten, die den Drogenbossen durch den (illegalen) Handel entstehen, also der Transport in pr\u00e4parierten Containern und die Lohnkosten f\u00fcr den Dealer um die Ecke.<\/p>\n<p>Ziercke spricht dann weiterhin nicht von <em>Sch\u00e4den<\/em>, sondern von <em>Kosten<\/em> des Cybercrime. Welche er damit meint, bleibt offen &#8211; vielleicht das NSA-Budget von j\u00e4hrlich 10,7 Milliarden Dollar?\u00a0 Aber er liefert eine stattliche Liste von Schwerverbrechen: <em>Erpressung und Diebstahl, Drogenhandel, Geldw\u00e4sche und Kinderpornographie. Terroristen. <\/em><\/p>\n<p>Ziercke f\u00fcgt seiner Schreckensliste noch <em>Spionage<\/em> hinzu. Damit meint er jedoch die Wirtschaft und die b\u00f6sen Chinesen und Russen, nicht aber NSA und\u00a0GCQH und deren Interesse an unseren Vorratsdaten. Denn die Wiedereinf\u00fchrung der anlasslosen Vorratsdatenspeicherung auch f\u00fcr deutsche Sicherheitsbeh\u00f6rden fordert er seit Jahren bei jeder sich ergebenden Gelegenheit, so auch bei der Herbsttagung. Zur Einleitung seiner Forderung pr\u00e4sentierte er ein paar sch\u00f6ne Zahlen :<\/p>\n<p style=\"padding-left: 30px;\"><em>Nach Angaben von BKA-Chef Ziercke gibt es aktuell 164 F\u00e4lle der Schwerkriminalit\u00e4t, in denen das BKA und die LKA Ermittlungsdefizite hinnehmen mussten, &#8222;weil die \u00dcberwachung oder Auswertung von Telekommunikation rechtlich oder technisch aufgrund von Verschl\u00fcsselung bzw. Kryptierung nicht m\u00f6glich war. In 71,5 % dieser F\u00e4lle konnte sogar die Art des Kryptierungsdienstes technisch genau belegt werden.&#8220; So habe die Polizei schwere Straftaten nicht verhindern oder nicht verfolgen k\u00f6nnen. (<a href=\"http:\/\/www.heise.de\/newsticker\/meldung\/BKA-will-Cybercrime-mit-Cyberlab-und-eigener-Software-bekaempfen-2044261.html\">heise online<\/a>)<\/em><\/p>\n<p>Noch eine Nebelgranate von Ziercke, denn hier geht es um verschl\u00fcsselte <strong>Inhalte<\/strong>, die das BKA offenbar nicht oder nicht schnell genug entschl\u00fcsseln konnte. Diese Inhalte werden bei der Vorratsdatenspeicherung aber gar nicht gespeichert. Chapeau, Herr Ziercke! Zwar passt in Ihrer Pr\u00e4sentation nichts zusammen, aber alles wirkt wie aus einem Guss.<\/p>\n<p>Zum Schluss noch dies:<\/p>\n<p style=\"padding-left: 30px;\"><em>Die Strafverfolger seien angesichts dieser Bedrohungen nicht \u201eTotal\u00fcberwacher, Datensammelw\u00fctige und Datenprofilneurotiker\u201c, sondern darum bem\u00fcht, Gerechtigkeitsl\u00fccken zu schlie\u00dfen, \u201edie den rechtstreuen B\u00fcrger fassungslos\u201c zur\u00fccklie\u00dfen. (<a href=\"http:\/\/www.faz.net\/aktuell\/politik\/inland\/bundeskriminalamt-ziercke-cyberkriminalitaet-unvergleichbare-bedrohung-12661085.html\">faz.net<\/a>)<br \/>\n<\/em><\/p>\n<p>Wenn die Strafverfolger und Geheimdienstler nicht Verschl\u00fcsselungen br\u00e4chen und Hintert\u00fcren in unsere Software einbauten, h\u00e4tten Kriminelle es deutlich schwerer. Aber sch\u00f6n, dass Ziercke einmal klarstellt, in welche Ecke er gerne gestellt werden m\u00f6chte. <em>Total\u00fcberwacher, Datensammelw\u00fctige und Datenprofilneurotiker&#8230;<\/em><\/p>\n<p>Ziercke hat keine Angst vorm schwarzen Mann &#8211; aber er will sie uns einreden. Er selbst hat das Ziel, alles \u00fcber uns zu wissen, und er verfolgt es unbeirrt. Vor Menschen wie Ziercke m\u00fcssen wir uns in Acht nehmen. Sie sind eine gr\u00f6\u00dfere Bedrohung f\u00fcr unsere Freiheit, als es &#8222;<em>entgrenzte Kriminalit\u00e4t&#8220;<\/em> je sein k\u00f6nnte<em>.<\/em><\/p>\n<p>Es gr\u00fc\u00dft herzlich,<\/p>\n<p>Ihr JeanLuc7<\/p>\n<p>&nbsp;<\/p>\n<div class=\"twoclick_social_bookmarks_post_2750 social_share_privacy clearfix 1.6.4 locale-de_DE sprite-de_DE\"><\/div><div class=\"twoclick-js\"><script type=\"text\/javascript\">\/* <![CDATA[ *\/\njQuery(document).ready(function($){if($('.twoclick_social_bookmarks_post_2750')){$('.twoclick_social_bookmarks_post_2750').socialSharePrivacy({\"services\":{\"facebook\":{\"status\":\"on\",\"txt_info\":\"2 Klicks f\\u00fcr mehr Datenschutz: Erst wenn Sie hier klicken, wird der Button aktiv und Sie k\\u00f6nnen Ihre Empfehlung an Facebook senden. Schon beim Aktivieren werden Daten an Dritte \\u00fcbertragen - siehe <em>i<\\\/em>.\",\"perma_option\":\"off\",\"action\":\"recommend\",\"language\":\"de_DE\"},\"twitter\":{\"reply_to\":\"\",\"tweet_text\":\"%20Wer%20hat%20Angst%20vorm%20schwarzen%20Mann%3F%20%C2%BB%2053%20Cent%20%23BKA%20%23GCQH%20%23NSA%20...\",\"status\":\"on\",\"txt_info\":\"2 Klicks f\\u00fcr mehr Datenschutz: Erst wenn Sie hier klicken, wird der Button aktiv und Sie k\\u00f6nnen Ihre Empfehlung an Twitter senden. Schon beim Aktivieren werden Daten an Dritte \\u00fcbertragen - siehe <em>i<\\\/em>.\",\"perma_option\":\"off\",\"language\":\"de\",\"referrer_track\":\"\"},\"gplus\":{\"status\":\"on\",\"txt_info\":\"2 Klicks f\\u00fcr mehr Datenschutz: Erst wenn Sie hier klicken, wird der Button aktiv und Sie k\\u00f6nnen Ihre Empfehlung an Google+ senden. Schon beim Aktivieren werden Daten an Dritte \\u00fcbertragen - siehe <em>i<\\\/em>.\",\"perma_option\":\"off\",\"referrer_track\":\"\"},\"flattr\":{\"uid\":\"\",\"status\":\"on\",\"the_title\":\"Wer%20hat%20Angst%20vorm%20schwarzen%20Mann%3F\",\"the_excerpt\":\"Werte%20Leserinnen%20und%20Leser%2C%0D%0A%0D%0Aalle%20Jahre%20wieder%20findet%20im%20November%20in%20Wiesbaden%20die%20%22BKA-Herbsttagung%22%20statt%2C%20und%20jedes%20Mal%20bin%20ich%20geneigt%2C%20auf%20die%20Frage%20nach%20dem%20Angsthasen%20im%20Titel%20mit%20dem%20Finger%20auf%20die%20B%C3%BChne%20dieser%20Tagung%20zu%20zeigen%20und%20zu%20rufen%3A%20%22Der%20Ziercke%21%20Der%20Ziercke%21%22.%0D%0A%0D%0AJ%C3%B6rg%20Ziercke%20%28SPD%29%20f%C3%BChrt%20seit%20vielen%20Jahren%20das%20Bundeskriminalamt%20und%20hatte%20sich%20seine%20Pension%20bereits%20im%20vergan%20...\",\"txt_info\":\"2 Klicks f\\u00fcr mehr Datenschutz: Erst wenn Sie hier klicken, wird der Button aktiv und Sie k\\u00f6nnen Ihre Empfehlung an Flattr senden. Schon beim Aktivieren werden Daten an Dritte \\u00fcbertragen - siehe <em>i<\\\/em>.\",\"perma_option\":\"off\"}},\"txt_help\":\"Wenn Sie diese Felder durch einen Klick aktivieren, werden Informationen an Facebook, Twitter, Flattr, Xing, t3n, LinkedIn, Pinterest oder Google eventuell ins Ausland \\u00fcbertragen und unter Umst\\u00e4nden auch dort gespeichert. N\\u00e4heres erfahren Sie durch einen Klick auf das <em>i<\\\/em>.\",\"settings_perma\":\"Dauerhaft aktivieren und Daten\\u00fcber-tragung zustimmen:\",\"info_link\":\"http:\\\/\\\/www.heise.de\\\/ct\\\/artikel\\\/2-Klicks-fuer-mehr-Datenschutz-1333879.html\",\"uri\":\"https:\\\/\\\/www.brennecke.org\\\/?p=2750\",\"post_id\":2750,\"post_title_referrer_track\":\"Wer+hat+Angst+vorm+schwarzen+Mann%3F\",\"display_infobox\":\"on\"});}});\n\/* ]]> *\/<\/script><\/div>","protected":false},"excerpt":{"rendered":"<p>Werte Leserinnen und Leser, alle Jahre wieder findet im November in Wiesbaden die &#8222;BKA-Herbsttagung&#8220; statt, und jedes Mal bin ich geneigt, auf die Frage nach dem Angsthasen im Titel mit dem Finger auf die B\u00fchne dieser Tagung zu zeigen und &hellip; <a href=\"https:\/\/www.brennecke.org\/?p=2750\">Weiterlesen <span class=\"meta-nav\">&rarr;<\/span><\/a><\/p>\n","protected":false},"author":1,"featured_media":0,"comment_status":"closed","ping_status":"open","sticky":false,"template":"","format":"standard","meta":{"footnotes":""},"categories":[1,3],"tags":[35,667,576,141,352],"_links":{"self":[{"href":"https:\/\/www.brennecke.org\/index.php?rest_route=\/wp\/v2\/posts\/2750"}],"collection":[{"href":"https:\/\/www.brennecke.org\/index.php?rest_route=\/wp\/v2\/posts"}],"about":[{"href":"https:\/\/www.brennecke.org\/index.php?rest_route=\/wp\/v2\/types\/post"}],"author":[{"embeddable":true,"href":"https:\/\/www.brennecke.org\/index.php?rest_route=\/wp\/v2\/users\/1"}],"replies":[{"embeddable":true,"href":"https:\/\/www.brennecke.org\/index.php?rest_route=%2Fwp%2Fv2%2Fcomments&post=2750"}],"version-history":[{"count":9,"href":"https:\/\/www.brennecke.org\/index.php?rest_route=\/wp\/v2\/posts\/2750\/revisions"}],"predecessor-version":[{"id":2759,"href":"https:\/\/www.brennecke.org\/index.php?rest_route=\/wp\/v2\/posts\/2750\/revisions\/2759"}],"wp:attachment":[{"href":"https:\/\/www.brennecke.org\/index.php?rest_route=%2Fwp%2Fv2%2Fmedia&parent=2750"}],"wp:term":[{"taxonomy":"category","embeddable":true,"href":"https:\/\/www.brennecke.org\/index.php?rest_route=%2Fwp%2Fv2%2Fcategories&post=2750"},{"taxonomy":"post_tag","embeddable":true,"href":"https:\/\/www.brennecke.org\/index.php?rest_route=%2Fwp%2Fv2%2Ftags&post=2750"}],"curies":[{"name":"wp","href":"https:\/\/api.w.org\/{rel}","templated":true}]}}