{"id":2980,"date":"2014-04-04T09:12:02","date_gmt":"2014-04-04T07:12:02","guid":{"rendered":"http:\/\/www.brennecke.org\/?p=2980"},"modified":"2018-05-14T09:03:14","modified_gmt":"2018-05-14T08:03:14","slug":"das-netz-bleibt-neutral","status":"publish","type":"post","link":"https:\/\/www.brennecke.org\/?p=2980","title":{"rendered":"Das Netz bleibt neutral"},"content":{"rendered":"<p>Werte Leserinnen und Leser,<\/p>\n<p>weithin unbeachtet hat gestern das Europ\u00e4ische Parlament eine weitgehende Festschreibung der sogenannten Netzneutralit\u00e4t beschlossen. Dieses Thema ist weit weniger griffig als ACTA und das atlantische Freihandelsabkommen TTIP und hatte daher aufseiten der Netzpolitiker nur wenige echte Unterst\u00fctzer &#8211; der Beschluss ist daher eine kleine Sensation.<\/p>\n<p>Was steckt dahinter? Internetprovider wollen sich die Nutzung ihrer Leitungen zuk\u00fcnftig gerne doppelt bezahlen lassen &#8211; von jenen, die Daten abfordern (wir, die Nutzer) und von jenen, die sie anbieten. Warum sollte ein Anbieter zahlen? Weil er einen speziellen, datenintensiven Dienst betreibt wie beispielsweise Youtube. Etwa 80% der transportieren Daten sind Videostr\u00f6me &#8211; daraus sollte sich doch ein h\u00fcbsches Gesch\u00e4ft machen lassen.<\/p>\n<p>Das Gesch\u00e4ftsmodell besteht nun darin, die Daten von bezahlenden Unternehmen schneller und in h\u00f6herer Bandbreite durchs Netz zu schleusen als die von kostenlosen Einspeisern. Die Folge w\u00e4ren ruckelnde Videos bei den Sparf\u00fcchsen, w\u00e4hrend Youtube auch HD in bester Qualit\u00e4t pr\u00e4sentieren k\u00f6nnte. Zus\u00e4tzlich k\u00f6nnte man auch noch den Nutzer bezahlen lassen &#8211; f\u00fcr jeden Videostrom extra.<\/p>\n<p>So hatte es sich die Telekom im vergangenen Jahr gedacht und ihre neuen Pakete gedrosselt auf ein Monatsvolumen von 70GB. Nur wer mehr zahlt, bekommt auch mehr &#8211; das sollten einerseits die Vielnutzer und andererseits die Nutzer des hauseigenen Angebots T-Entertain sein. Denn dieses war von Anfang an von der Drosselung ausgenommen.<\/p>\n<p>W\u00e4hrend die Telekom zur Drosselkom wurde, fand die Bevorzugung einzelner Dienste und damit die Benachteiligung des freien Internet kaum Beachtung. Daf\u00fcr setzte sich die zust\u00e4ndige EU-Kommissarin Nellie Kroes an die Spitze der Verteidiger der Netzneutralit\u00e4t &#8211; und brachte den Zug im gegnerischen Lager zum Halten. Denn ihr Vorschlag f\u00fcr eine EU-weite Netzneutralit\u00e4t beinhaltete exakt das, was sich die Telekom-Unternehmen darunter vorstellten &#8211; ein Internet, bei dem alle f\u00fcr jeden schnellen Dienst extra zahlen d\u00fcrfen. M\u00f6glich wurde das, indem man die schnellen Dienste zu &#8222;Managed Services&#8220; erkl\u00e4rte, die mit dem normalen Internet nicht vergleichbar seien. Man kennt das aus der Lebensmittelindustrie: dort kann man Br\u00fchw\u00fcrfel kaufen oder K\u00e4fers Suppenfond (f\u00fcr ein Vielfaches des Preises) &#8211; in beiden ist das gleiche drin, nur K\u00e4fer packt noch Wasser dazu.<\/p>\n<p>Nun hat aber das EU-Parlament dem Treiben ein Ende gesetzt. S\u00e4mtliche Verw\u00e4sserungsklauseln wurden aus einer Entschlie\u00dfung entfernt, in der das Parlament neben dem Ende der Roaming-Geb\u00fchren in Deutschland (dar\u00fcber wurde intensiv berichtet) auch eine sehr klare Netzneutralit\u00e4t in Europa beschloss. Managed Services sind erlaubt &#8211; sofern die Bandbreite des normalen Internet darunter keinesfalls leidet.<\/p>\n<p>Nun m\u00fcssen die einzelnen L\u00e4nder zustimmen. Hier haben die Telekom-Firmen noch die Chance der Lobbyarbeit. Allerdings werden sie den Entschluss nicht komplett drehen k\u00f6nnen. Denn sie m\u00fcssen zwar kostenlose Dienste mit hohem Tempo durchleiten, aber ihre Services sind ihnen nicht untersagt.<\/p>\n<p>Ein guter Tag f\u00fcr die Netzneutralit\u00e4t und das EU-Parlament. Manche in Br\u00fcssel sind gar nicht so, wie allgemein angenommen wird. Das sind \u00fcbrigens die, die wir demn\u00e4chst w\u00e4hlen d\u00fcrfen.<\/p>\n<p>Es gr\u00fc\u00dft herzlich<\/p>\n<p>Ihr JL7<\/p>\n<p>&nbsp;<\/p>\n<p>&nbsp;<\/p>\n<div class=\"twoclick_social_bookmarks_post_2980 social_share_privacy clearfix 1.6.4 locale-de_DE sprite-de_DE\"><\/div><div class=\"twoclick-js\"><script type=\"text\/javascript\">\/* <![CDATA[ *\/\njQuery(document).ready(function($){if($('.twoclick_social_bookmarks_post_2980')){$('.twoclick_social_bookmarks_post_2980').socialSharePrivacy({\"services\":{\"facebook\":{\"status\":\"on\",\"txt_info\":\"2 Klicks f\\u00fcr mehr Datenschutz: Erst wenn Sie hier klicken, wird der Button aktiv und Sie k\\u00f6nnen Ihre Empfehlung an Facebook senden. Schon beim Aktivieren werden Daten an Dritte \\u00fcbertragen - siehe <em>i<\\\/em>.\",\"perma_option\":\"off\",\"action\":\"recommend\",\"language\":\"de_DE\"},\"twitter\":{\"reply_to\":\"\",\"tweet_text\":\"%20Das%20Netz%20bleibt%20neutral%20%C2%BB%2053%20Cent%20%23Drosselkom%20%23Kroes%20%23Netzneutralit%C3%A4t%20...\",\"status\":\"on\",\"txt_info\":\"2 Klicks f\\u00fcr mehr Datenschutz: Erst wenn Sie hier klicken, wird der Button aktiv und Sie k\\u00f6nnen Ihre Empfehlung an Twitter senden. Schon beim Aktivieren werden Daten an Dritte \\u00fcbertragen - siehe <em>i<\\\/em>.\",\"perma_option\":\"off\",\"language\":\"de\",\"referrer_track\":\"\"},\"gplus\":{\"status\":\"on\",\"txt_info\":\"2 Klicks f\\u00fcr mehr Datenschutz: Erst wenn Sie hier klicken, wird der Button aktiv und Sie k\\u00f6nnen Ihre Empfehlung an Google+ senden. Schon beim Aktivieren werden Daten an Dritte \\u00fcbertragen - siehe <em>i<\\\/em>.\",\"perma_option\":\"off\",\"referrer_track\":\"\"},\"flattr\":{\"uid\":\"\",\"status\":\"on\",\"the_title\":\"Das%20Netz%20bleibt%20neutral\",\"the_excerpt\":\"Werte%20Leserinnen%20und%20Leser%2C%0D%0A%0D%0Aweithin%20unbeachtet%20hat%20gestern%20das%20Europ%C3%A4ische%20Parlament%20eine%20weitgehende%20Festschreibung%20der%20sogenannten%20Netzneutralit%C3%A4t%20beschlossen.%20Dieses%20Thema%20ist%20weit%20weniger%20griffig%20als%20ACTA%20und%20das%20atlantische%20Freihandelsabkommen%20TTIP%20und%20hatte%20daher%20aufseiten%20der%20Netzpolitiker%20nur%20wenige%20echte%20Unterst%C3%BCtzer%20-%20der%20Beschluss%20ist%20daher%20eine%20kleine%20Sensation.%0D%0A%0D%0AWas%20steckt%20da%20...\",\"txt_info\":\"2 Klicks f\\u00fcr mehr Datenschutz: Erst wenn Sie hier klicken, wird der Button aktiv und Sie k\\u00f6nnen Ihre Empfehlung an Flattr senden. Schon beim Aktivieren werden Daten an Dritte \\u00fcbertragen - siehe <em>i<\\\/em>.\",\"perma_option\":\"off\"}},\"txt_help\":\"Wenn Sie diese Felder durch einen Klick aktivieren, werden Informationen an Facebook, Twitter, Flattr, Xing, t3n, LinkedIn, Pinterest oder Google eventuell ins Ausland \\u00fcbertragen und unter Umst\\u00e4nden auch dort gespeichert. N\\u00e4heres erfahren Sie durch einen Klick auf das <em>i<\\\/em>.\",\"settings_perma\":\"Dauerhaft aktivieren und Daten\\u00fcber-tragung zustimmen:\",\"info_link\":\"http:\\\/\\\/www.heise.de\\\/ct\\\/artikel\\\/2-Klicks-fuer-mehr-Datenschutz-1333879.html\",\"uri\":\"https:\\\/\\\/www.brennecke.org\\\/?p=2980\",\"post_id\":2980,\"post_title_referrer_track\":\"Das+Netz+bleibt+neutral\",\"display_infobox\":\"on\"});}});\n\/* ]]> *\/<\/script><\/div>","protected":false},"excerpt":{"rendered":"<p>Werte Leserinnen und Leser, weithin unbeachtet hat gestern das Europ\u00e4ische Parlament eine weitgehende Festschreibung der sogenannten Netzneutralit\u00e4t beschlossen. Dieses Thema ist weit weniger griffig als ACTA und das atlantische Freihandelsabkommen TTIP und hatte daher aufseiten der Netzpolitiker nur wenige echte &hellip; <a href=\"https:\/\/www.brennecke.org\/?p=2980\">Weiterlesen <span class=\"meta-nav\">&rarr;<\/span><\/a><\/p>\n","protected":false},"author":1,"featured_media":0,"comment_status":"closed","ping_status":"open","sticky":false,"template":"","format":"standard","meta":{"footnotes":""},"categories":[1,3,4],"tags":[680,341,682,681,549],"_links":{"self":[{"href":"https:\/\/www.brennecke.org\/index.php?rest_route=\/wp\/v2\/posts\/2980"}],"collection":[{"href":"https:\/\/www.brennecke.org\/index.php?rest_route=\/wp\/v2\/posts"}],"about":[{"href":"https:\/\/www.brennecke.org\/index.php?rest_route=\/wp\/v2\/types\/post"}],"author":[{"embeddable":true,"href":"https:\/\/www.brennecke.org\/index.php?rest_route=\/wp\/v2\/users\/1"}],"replies":[{"embeddable":true,"href":"https:\/\/www.brennecke.org\/index.php?rest_route=%2Fwp%2Fv2%2Fcomments&post=2980"}],"version-history":[{"count":1,"href":"https:\/\/www.brennecke.org\/index.php?rest_route=\/wp\/v2\/posts\/2980\/revisions"}],"predecessor-version":[{"id":2981,"href":"https:\/\/www.brennecke.org\/index.php?rest_route=\/wp\/v2\/posts\/2980\/revisions\/2981"}],"wp:attachment":[{"href":"https:\/\/www.brennecke.org\/index.php?rest_route=%2Fwp%2Fv2%2Fmedia&parent=2980"}],"wp:term":[{"taxonomy":"category","embeddable":true,"href":"https:\/\/www.brennecke.org\/index.php?rest_route=%2Fwp%2Fv2%2Fcategories&post=2980"},{"taxonomy":"post_tag","embeddable":true,"href":"https:\/\/www.brennecke.org\/index.php?rest_route=%2Fwp%2Fv2%2Ftags&post=2980"}],"curies":[{"name":"wp","href":"https:\/\/api.w.org\/{rel}","templated":true}]}}