{"id":2987,"date":"2014-04-04T12:20:59","date_gmt":"2014-04-04T10:20:59","guid":{"rendered":"http:\/\/www.brennecke.org\/?p=2987"},"modified":"2018-05-14T09:03:14","modified_gmt":"2018-05-14T08:03:14","slug":"zurueckgeschossen","status":"publish","type":"post","link":"https:\/\/www.brennecke.org\/?p=2987","title":{"rendered":"Zur\u00fcckgeschossen"},"content":{"rendered":"<p>Werte Leserinnen und Leser<\/p>\n<p>Wir haben uns an die regelm\u00e4\u00dfigen Meldungen aus der T\u00fcrkei gew\u00f6hnt: Die Regierung Erdogan hat dem Rechtsstaat den Krieg erkl\u00e4rt, tritt die Meinungsfreiheit mit F\u00fc\u00dfen und glaubt, eine Mehrheit an der Wahlurne rechtfertige Unterdr\u00fcckungsma\u00dfnahmen f\u00fcr all jene, die nicht AKP gew\u00e4hlt haben und es wagen, dies zuzugeben. Damit sollte sich eine Diskussion um eine Mitgliedschaft der T\u00fcrkei in der EU bis auf weiteres erledigt haben.<\/p>\n<p>Die T\u00fcrkei ist aber seit langem und immer noch Mitglied der NATO, jenes aus dem Kalten Krieg verbliebenen Verteidigungsb\u00fcndnisses westlicher Staaten. Und als solcher steht ihr in einem B\u00fcndnisfall &#8211; das ist gew\u00f6hnlich ein Angriff anderer Staaten &#8211; die Macht der NATO beiseite.<\/p>\n<p>Daher lohnt es sich, einen Vorfall zu beleuchten, der in der Masse der erschreckenden Meldungen der letzten Tage beinahe untergegangen ist. Auf Youtube wurde n\u00e4mlich ein <a href=\"http:\/\/www.hurriyetdailynews.com\/wrap-up-ankara-on-alert-after-spying-on-security-meeting-leaked.aspx?pageID=238&amp;nID=64190&amp;NewsCatID=338\">Mitschnitt eines Gespr\u00e4chs<\/a> ver\u00f6ffentlich, bei dem der t\u00fcrkische Au\u00dfenminister Ahmet Davuto\u011flu, Geheimdienstchef Hakan Fidan und zwei weitere ranghohe Funktion\u00e4re zu h\u00f6ren sind.<\/p>\n<p>Die vier unterhalten sich dabei \u00fcber eine bewaffnete Provokation im Nachbarland Syrien, um einen t\u00fcrkischen Milit\u00e4rschlag zu rechtfertigen. Agenten sollten von Syrien aus &#8222;acht Raketen&#8220; auf t\u00fcrkisches Brachland\u00a0abfeuern. Der Mitschnitt ist offenbar keine F\u00e4lschung, denn der Minister bestreitet nicht, dass bei dem Treffen am 13. M\u00e4rz in seinem Dienstzimmer in Ankara \u00fcber milit\u00e4rische Optionen in Syrien geredet wurde. Erdogan hat stattdessen konsequenterweise\u00a0 die Sperrung von Youtube in der T\u00fcrkei verf\u00fcgt.<\/p>\n<p>Nun kommt die NATO ins Spiel. Ein angegriffener B\u00fcndnispartner, selbst wenn er ein so irres Verh\u00e4ltnis zu Rechtsstaat und Demokratie hat wie die durch Erdogan und seine AKP vertretene T\u00fcrkei, kann den sogenannten B\u00fcndnisfall ausrufen. Ich zitiere hier einmal das <a href=\"http:\/\/www.deutschlandradio.de\/hintergrund-der-nato-buendnisfall.331.de.html?dram:article_id=223379\">Deutschlandradio<\/a>:<\/p>\n<p style=\"padding-left: 30px;\"><strong>Wird bei der NATO der B\u00fcndnisfall nach Artikel 5 des Nordatlantikvertrages ausgerufen, so verpflichten sich die derzeit 28 Mitgliedsstaaten der NATO, ein von au\u00dfen attackiertes Mitglied gemeinsam zu verteidigen. Das kann durch Androhung und Anwendung von Waffengewalt gegen den Staat geschehen, der das Mitglied bedroht.<\/strong><\/p>\n<p>Kurz gesagt: Die verr\u00fcckten Kriegsspiele des t\u00fcrkischen Au\u00dfenministers und seiner Kollegen k\u00f6nnten uns alle in einen Krieg mit Syrien verwickeln.<\/p>\n<p><a href=\"http:\/\/www.faz.net\/aktuell\/politik\/nato-erstmals-buendnisfall-ausgerufen-131269.html\">Erstmals<\/a> wurde dieser Fall \u00fcbrigens am 2.10.2001 ausgerufen nach dem Angriff von Al-Quaida auf die Twin Towers in den USA. Damals entsandten viele Nationen &#8211; erstmals auch Deutschland &#8211;\u00a0 im Rahmen einer &#8222;<a href=\"http:\/\/de.wikipedia.org\/wiki\/Koalition_der_Willigen\">Koalition der Willigen<\/a>&#8220; Truppen nach Afghanistan, um nach Bin Laden zu suchen, den die Taliban nicht freiwillig ausliefern wollten. Sie sind heute noch dort und haben <a title=\"Rausch aus Afghanistan!\" href=\"http:\/\/www.brennecke.org\/?p=1874\">nichts gewonnen<\/a>.<\/p>\n<p>Man fragt sich, ob die Regierenden in der T\u00fcrkei noch alle Sinne beisammen haben. Wir wissen mit Blick auf die Krim inzwischen, dass Annexionen weitgehend straffrei bleiben, wenn man nur forsch genug vorgeht. Aber die Ungeheuerlichkeit, sich selbst anzugreifen, um dann einen Krieg beginnen zu k\u00f6nnen&#8230; wo habe ich denn das <a href=\"http:\/\/www.bpb.de\/politik\/hintergrund-aktuell\/69009\/beginn-zweiter-weltkrieg-30-08-2010\">zuletzt<\/a> geh\u00f6rt?<\/p>\n<p>Statt weiter \u00fcber Beitrittsgespr\u00e4che zur EU zu reden, sollte man lieber pr\u00fcfen, wie man die T\u00fcrkei aus der NATO entfernt und damit eine potenzielle Zeitbombe entsch\u00e4rft, als die Erdogans Regierung inzwischen zu betrachten ist.<\/p>\n<p>Es gr\u00fc\u00dft herzlich<\/p>\n<p>JeanLuc7<\/p>\n<div class=\"twoclick_social_bookmarks_post_2987 social_share_privacy clearfix 1.6.4 locale-de_DE sprite-de_DE\"><\/div><div class=\"twoclick-js\"><script type=\"text\/javascript\">\/* <![CDATA[ *\/\njQuery(document).ready(function($){if($('.twoclick_social_bookmarks_post_2987')){$('.twoclick_social_bookmarks_post_2987').socialSharePrivacy({\"services\":{\"facebook\":{\"status\":\"on\",\"txt_info\":\"2 Klicks f\\u00fcr mehr Datenschutz: Erst wenn Sie hier klicken, wird der Button aktiv und Sie k\\u00f6nnen Ihre Empfehlung an Facebook senden. Schon beim Aktivieren werden Daten an Dritte \\u00fcbertragen - siehe <em>i<\\\/em>.\",\"perma_option\":\"off\",\"action\":\"recommend\",\"language\":\"de_DE\"},\"twitter\":{\"reply_to\":\"\",\"tweet_text\":\"%20Zur%C3%BCckgeschossen%20%C2%BB%2053%20Cent%20%23AKP%20%23Al-Quaida%20%23B%C3%BCndnisfall%20%23Davuto%C4%9Flu%20...\",\"status\":\"on\",\"txt_info\":\"2 Klicks f\\u00fcr mehr Datenschutz: Erst wenn Sie hier klicken, wird der Button aktiv und Sie k\\u00f6nnen Ihre Empfehlung an Twitter senden. Schon beim Aktivieren werden Daten an Dritte \\u00fcbertragen - siehe <em>i<\\\/em>.\",\"perma_option\":\"off\",\"language\":\"de\",\"referrer_track\":\"\"},\"gplus\":{\"status\":\"on\",\"txt_info\":\"2 Klicks f\\u00fcr mehr Datenschutz: Erst wenn Sie hier klicken, wird der Button aktiv und Sie k\\u00f6nnen Ihre Empfehlung an Google+ senden. Schon beim Aktivieren werden Daten an Dritte \\u00fcbertragen - siehe <em>i<\\\/em>.\",\"perma_option\":\"off\",\"referrer_track\":\"\"},\"flattr\":{\"uid\":\"\",\"status\":\"on\",\"the_title\":\"Zur%C3%BCckgeschossen\",\"the_excerpt\":\"Werte%20Leserinnen%20und%20Leser%0D%0A%0D%0AWir%20haben%20uns%20an%20die%20regelm%C3%A4%C3%9Figen%20Meldungen%20aus%20der%20T%C3%BCrkei%20gew%C3%B6hnt%3A%20Die%20Regierung%20Erdogan%20hat%20dem%20Rechtsstaat%20den%20Krieg%20erkl%C3%A4rt%2C%20tritt%20die%20Meinungsfreiheit%20mit%20F%C3%BC%C3%9Fen%20und%20glaubt%2C%20eine%20Mehrheit%20an%20der%20Wahlurne%20rechtfertige%20Unterdr%C3%BCckungsma%C3%9Fnahmen%20f%C3%BCr%20all%20jene%2C%20die%20nicht%20AKP%20gew%C3%A4hlt%20haben%20und%20es%20wagen%2C%20dies%20zuzugeben.%20Damit%20sollte%20sich%20eine%20Diskussion%20um%20eine%20Mitglie%20...\",\"txt_info\":\"2 Klicks f\\u00fcr mehr Datenschutz: Erst wenn Sie hier klicken, wird der Button aktiv und Sie k\\u00f6nnen Ihre Empfehlung an Flattr senden. Schon beim Aktivieren werden Daten an Dritte \\u00fcbertragen - siehe <em>i<\\\/em>.\",\"perma_option\":\"off\"}},\"txt_help\":\"Wenn Sie diese Felder durch einen Klick aktivieren, werden Informationen an Facebook, Twitter, Flattr, Xing, t3n, LinkedIn, Pinterest oder Google eventuell ins Ausland \\u00fcbertragen und unter Umst\\u00e4nden auch dort gespeichert. N\\u00e4heres erfahren Sie durch einen Klick auf das <em>i<\\\/em>.\",\"settings_perma\":\"Dauerhaft aktivieren und Daten\\u00fcber-tragung zustimmen:\",\"info_link\":\"http:\\\/\\\/www.heise.de\\\/ct\\\/artikel\\\/2-Klicks-fuer-mehr-Datenschutz-1333879.html\",\"uri\":\"https:\\\/\\\/www.brennecke.org\\\/?p=2987\",\"post_id\":2987,\"post_title_referrer_track\":\"Zur%C3%BCckgeschossen\",\"display_infobox\":\"on\"});}});\n\/* ]]> *\/<\/script><\/div>","protected":false},"excerpt":{"rendered":"<p>Werte Leserinnen und Leser Wir haben uns an die regelm\u00e4\u00dfigen Meldungen aus der T\u00fcrkei gew\u00f6hnt: Die Regierung Erdogan hat dem Rechtsstaat den Krieg erkl\u00e4rt, tritt die Meinungsfreiheit mit F\u00fc\u00dfen und glaubt, eine Mehrheit an der Wahlurne rechtfertige Unterdr\u00fcckungsma\u00dfnahmen f\u00fcr all &hellip; <a href=\"https:\/\/www.brennecke.org\/?p=2987\">Weiterlesen <span class=\"meta-nav\">&rarr;<\/span><\/a><\/p>\n","protected":false},"author":1,"featured_media":0,"comment_status":"closed","ping_status":"open","sticky":false,"template":"","format":"standard","meta":{"footnotes":""},"categories":[1,3],"tags":[689,652,693,692,567,691,656,690,647],"_links":{"self":[{"href":"https:\/\/www.brennecke.org\/index.php?rest_route=\/wp\/v2\/posts\/2987"}],"collection":[{"href":"https:\/\/www.brennecke.org\/index.php?rest_route=\/wp\/v2\/posts"}],"about":[{"href":"https:\/\/www.brennecke.org\/index.php?rest_route=\/wp\/v2\/types\/post"}],"author":[{"embeddable":true,"href":"https:\/\/www.brennecke.org\/index.php?rest_route=\/wp\/v2\/users\/1"}],"replies":[{"embeddable":true,"href":"https:\/\/www.brennecke.org\/index.php?rest_route=%2Fwp%2Fv2%2Fcomments&post=2987"}],"version-history":[{"count":5,"href":"https:\/\/www.brennecke.org\/index.php?rest_route=\/wp\/v2\/posts\/2987\/revisions"}],"predecessor-version":[{"id":3012,"href":"https:\/\/www.brennecke.org\/index.php?rest_route=\/wp\/v2\/posts\/2987\/revisions\/3012"}],"wp:attachment":[{"href":"https:\/\/www.brennecke.org\/index.php?rest_route=%2Fwp%2Fv2%2Fmedia&parent=2987"}],"wp:term":[{"taxonomy":"category","embeddable":true,"href":"https:\/\/www.brennecke.org\/index.php?rest_route=%2Fwp%2Fv2%2Fcategories&post=2987"},{"taxonomy":"post_tag","embeddable":true,"href":"https:\/\/www.brennecke.org\/index.php?rest_route=%2Fwp%2Fv2%2Ftags&post=2987"}],"curies":[{"name":"wp","href":"https:\/\/api.w.org\/{rel}","templated":true}]}}