{"id":302,"date":"2010-02-11T18:26:50","date_gmt":"2010-02-11T16:26:50","guid":{"rendered":"http:\/\/www.brennecke.org\/?p=302"},"modified":"2018-05-14T09:06:00","modified_gmt":"2018-05-14T08:06:00","slug":"spatromische-dekadenz","status":"publish","type":"post","link":"https:\/\/www.brennecke.org\/?p=302","title":{"rendered":"Sp\u00e4tr\u00f6mische Dekadenz&#8230;"},"content":{"rendered":"<p>In der WELT hat Au\u00dfenminister Guido Westerwelle ein paar Worte zur Innenpolitik abdrucken lassen: &#8222;Wer dem Volk anstrengungslosen Wohlstand verspricht, l\u00e4dt zu sp\u00e4tr\u00f6mischer Dekadenz ein.&#8220; Damit meint er nicht seine eigene FDP und sein Versprechen eines gro\u00dfen Aufschwungs, sofern man nur die Steuern senke. Nein, es geht um das Urteil des Verfassungsgerichts zu den Hartz-IV-Regels\u00e4tzen.<\/p>\n<p>An dieser Stelle m\u00f6chte ich auf eine eigene Bewertung verzichten, weil Thorsten D\u00f6rting von Spiegel Online bereits einen <a title=\"Thorsten D\u00f6rtings Kommentar auf Spiegel Online\" href=\"http:\/\/www.spiegel.de\/kultur\/gesellschaft\/0,1518,677225,00.html\" target=\"_blank\">\u00e4u\u00dferst treffenden Kommentar<\/a> geschrieben da, den ich Ihnen gern ans Herz legen m\u00f6chte. Darin analysiert Herr D\u00f6rting zun\u00e4chst, wer im alten Rom tats\u00e4chlich dekadent war und kommt dann wieder auf die Neuzeit zu sprechen:<\/p>\n<blockquote><p>&#8222;[Westerwelle] h\u00e4tte also von materieller Dekadenz in Deutschland sprechen k\u00f6nnen, \u00fcber die Banker zum Beispiel, die nach einer Krise, an deren Folgen die ganze Welt leidet und die sie ma\u00dfgeblich verantwortet haben, nun fette Boni einstreichen. Und er k\u00f6nnte &#8211; ohne dem Stammtisch das Wort zu reden &#8211; auch vom lebensfernen Dasein der Berliner <em>Classe Politique<\/em> berichten, von fahrbereitschaftlich zur Verf\u00fcgung gestellten Luxuskarossen, von Empf\u00e4ngen und Anl\u00e4ssen, bei denen B\u00fcffets aufget\u00fcrmt sind, so reichlich best\u00fcckt, das noch jedem Hartz-IV-Empf\u00e4nger der Magen \u00fcbergehen w\u00fcrde.&#8220;<\/p><\/blockquote>\n<p>Viel Spa\u00df beim Lesen.<\/p>\n<p>Herzlichst,<\/p>\n<p>Ihr JeanLuc<\/p>\n<div class=\"twoclick_social_bookmarks_post_302 social_share_privacy clearfix 1.6.4 locale-de_DE sprite-de_DE\"><\/div><div class=\"twoclick-js\"><script type=\"text\/javascript\">\/* <![CDATA[ *\/\njQuery(document).ready(function($){if($('.twoclick_social_bookmarks_post_302')){$('.twoclick_social_bookmarks_post_302').socialSharePrivacy({\"services\":{\"facebook\":{\"status\":\"on\",\"txt_info\":\"2 Klicks f\\u00fcr mehr Datenschutz: Erst wenn Sie hier klicken, wird der Button aktiv und Sie k\\u00f6nnen Ihre Empfehlung an Facebook senden. Schon beim Aktivieren werden Daten an Dritte \\u00fcbertragen - siehe <em>i<\\\/em>.\",\"perma_option\":\"off\",\"action\":\"recommend\",\"language\":\"de_DE\"},\"twitter\":{\"reply_to\":\"\",\"tweet_text\":\"Sp%C3%A4tr%C3%B6mische%20Dekadenz%E2%80%A6%20%C2%BB%2053%20Cent\",\"status\":\"on\",\"txt_info\":\"2 Klicks f\\u00fcr mehr Datenschutz: Erst wenn Sie hier klicken, wird der Button aktiv und Sie k\\u00f6nnen Ihre Empfehlung an Twitter senden. Schon beim Aktivieren werden Daten an Dritte \\u00fcbertragen - siehe <em>i<\\\/em>.\",\"perma_option\":\"off\",\"language\":\"de\",\"referrer_track\":\"\"},\"gplus\":{\"status\":\"on\",\"txt_info\":\"2 Klicks f\\u00fcr mehr Datenschutz: Erst wenn Sie hier klicken, wird der Button aktiv und Sie k\\u00f6nnen Ihre Empfehlung an Google+ senden. Schon beim Aktivieren werden Daten an Dritte \\u00fcbertragen - siehe <em>i<\\\/em>.\",\"perma_option\":\"off\",\"referrer_track\":\"\"},\"flattr\":{\"uid\":\"\",\"status\":\"on\",\"the_title\":\"Sp%C3%A4tr%C3%B6mische%20Dekadenz%26%238230%3B\",\"the_excerpt\":\"In%20der%20WELT%20hat%20Au%C3%9Fenminister%20Guido%20Westerwelle%20ein%20paar%20Worte%20zur%20Innenpolitik%20abdrucken%20lassen%3A%20%22Wer%20dem%20Volk%20anstrengungslosen%20Wohlstand%20verspricht%2C%20l%C3%A4dt%20zu%20sp%C3%A4tr%C3%B6mischer%20Dekadenz%20ein.%22%20Damit%20meint%20er%20nicht%20seine%20eigene%20FDP%20und%20sein%20Versprechen%20eines%20gro%C3%9Fen%20Aufschwungs%2C%20sofern%20man%20nur%20die%20Steuern%20senke.%20Nein%2C%20es%20geht%20um%20das%20Urteil%20des%20Verfassungsgerichts%20zu%20den%20Hartz-IV-Regels%C3%A4tzen.%0D%0A%0D%0AAn%20d%20...\",\"txt_info\":\"2 Klicks f\\u00fcr mehr Datenschutz: Erst wenn Sie hier klicken, wird der Button aktiv und Sie k\\u00f6nnen Ihre Empfehlung an Flattr senden. Schon beim Aktivieren werden Daten an Dritte \\u00fcbertragen - siehe <em>i<\\\/em>.\",\"perma_option\":\"off\"}},\"txt_help\":\"Wenn Sie diese Felder durch einen Klick aktivieren, werden Informationen an Facebook, Twitter, Flattr, Xing, t3n, LinkedIn, Pinterest oder Google eventuell ins Ausland \\u00fcbertragen und unter Umst\\u00e4nden auch dort gespeichert. N\\u00e4heres erfahren Sie durch einen Klick auf das <em>i<\\\/em>.\",\"settings_perma\":\"Dauerhaft aktivieren und Daten\\u00fcber-tragung zustimmen:\",\"info_link\":\"http:\\\/\\\/www.heise.de\\\/ct\\\/artikel\\\/2-Klicks-fuer-mehr-Datenschutz-1333879.html\",\"uri\":\"https:\\\/\\\/www.brennecke.org\\\/?p=302\",\"post_id\":302,\"post_title_referrer_track\":\"Sp%C3%A4tr%C3%B6mische+Dekadenz%26%238230%3B\",\"display_infobox\":\"on\"});}});\n\/* ]]> *\/<\/script><\/div>","protected":false},"excerpt":{"rendered":"<p>In der WELT hat Au\u00dfenminister Guido Westerwelle ein paar Worte zur Innenpolitik abdrucken lassen: &#8222;Wer dem Volk anstrengungslosen Wohlstand verspricht, l\u00e4dt zu sp\u00e4tr\u00f6mischer Dekadenz ein.&#8220; Damit meint er nicht seine eigene FDP und sein Versprechen eines gro\u00dfen Aufschwungs, sofern man &hellip; <a href=\"https:\/\/www.brennecke.org\/?p=302\">Weiterlesen <span class=\"meta-nav\">&rarr;<\/span><\/a><\/p>\n","protected":false},"author":1,"featured_media":0,"comment_status":"closed","ping_status":"open","sticky":false,"template":"","format":"standard","meta":{"footnotes":""},"categories":[1],"tags":[],"_links":{"self":[{"href":"https:\/\/www.brennecke.org\/index.php?rest_route=\/wp\/v2\/posts\/302"}],"collection":[{"href":"https:\/\/www.brennecke.org\/index.php?rest_route=\/wp\/v2\/posts"}],"about":[{"href":"https:\/\/www.brennecke.org\/index.php?rest_route=\/wp\/v2\/types\/post"}],"author":[{"embeddable":true,"href":"https:\/\/www.brennecke.org\/index.php?rest_route=\/wp\/v2\/users\/1"}],"replies":[{"embeddable":true,"href":"https:\/\/www.brennecke.org\/index.php?rest_route=%2Fwp%2Fv2%2Fcomments&post=302"}],"version-history":[{"count":1,"href":"https:\/\/www.brennecke.org\/index.php?rest_route=\/wp\/v2\/posts\/302\/revisions"}],"predecessor-version":[{"id":303,"href":"https:\/\/www.brennecke.org\/index.php?rest_route=\/wp\/v2\/posts\/302\/revisions\/303"}],"wp:attachment":[{"href":"https:\/\/www.brennecke.org\/index.php?rest_route=%2Fwp%2Fv2%2Fmedia&parent=302"}],"wp:term":[{"taxonomy":"category","embeddable":true,"href":"https:\/\/www.brennecke.org\/index.php?rest_route=%2Fwp%2Fv2%2Fcategories&post=302"},{"taxonomy":"post_tag","embeddable":true,"href":"https:\/\/www.brennecke.org\/index.php?rest_route=%2Fwp%2Fv2%2Ftags&post=302"}],"curies":[{"name":"wp","href":"https:\/\/api.w.org\/{rel}","templated":true}]}}