{"id":304,"date":"2010-02-11T18:53:58","date_gmt":"2010-02-11T16:53:58","guid":{"rendered":"http:\/\/www.brennecke.org\/?p=304"},"modified":"2018-05-14T09:06:00","modified_gmt":"2018-05-14T08:06:00","slug":"zeit-zum-zwitschern","status":"publish","type":"post","link":"https:\/\/www.brennecke.org\/?p=304","title":{"rendered":"ZEIT zum Zwitschern"},"content":{"rendered":"<p>Werte Leserinnen und Leser,<\/p>\n<p>manchmal erwischt es auch die Guten. Im besten Gewissen, alles richtig und gut zu machen und dabei auch noch auf neuste Methoden zum Informationsaustausch zu setzen, hat Kai Biermann von der Online-Redaktion der ZEIT zum Safer Internet Day ein <a title=\"ZEIT Online: Twitter-Interview mit SID_2010\" href=\"http:\/\/www.zeit.de\/digital\/internet\/2010-02\/safer-internet-day\" target=\"_blank\">Twitter-Interview<\/a> mit einem Gespr\u00e4chspartner gef\u00fchrt, den er bei <a title=\"Insafe-Webseite\" href=\"http:\/\/www.saferinternet.org\" target=\"_blank\">Insafe<\/a>, einer von der EU finanzierten Organisation und nach eigenen Angaben &#8222;ein von der Europ\u00e4ischen Kommission fundiertes Projekt zur F\u00f6rderung der Internetsicherheit und zum Beistand der Eltern und LehrerInnen&#8220;, verortete.<\/p>\n<p>Der Ansprechpartner mit dem viel sagenden Namen &#8222;SID_2010&#8220;\u00a0 scherte sich nicht um bestehende verfassungsm\u00e4\u00dfige Rechte, sondern hatte eine ganz eigene Sicht auf die Welt. Hier ein Best Of:<\/p>\n<blockquote><p><em>Frage: Es wird immer Wege geben, Sperren zu umgehen. Wie wichtig ist Aufkl\u00e4rung der Nutzer, zum Beispiel f\u00fcr Kinder in der Schule?<\/em><br \/>\nAntwort: <strong>Sperrungen k\u00f6nnen nicht umgangen werden, wie das Beispiel China zeigt<\/strong>.<br \/>\n<em>Frage: Was halten Sie von der Ank\u00fcndigung der Regierung, Sperren nicht zu nutzen + herk\u00f6mmlich zu l\u00f6schen?<\/em><br \/>\nAntwort: <strong>Wir k\u00f6nnen die Diskussionen um Sperrungen in Deutschland nicht nachvollziehen. In skandinavischen L\u00e4ndern wurden gro\u00dfe Fortschritte mit Sperrungen gemacht. Deutschland verh\u00e4lt sich hier technikfeindlich.<\/strong><br \/>\n<em>Frage: Aber haben die Sperrgegner nicht erwiesen, dass die Technik eben nicht taugt + auch legales sperrt? &#8230;und dass das Verfahren auch noch intransparent und dadurch bedenklich ist?<\/em><br \/>\nAntwort: <strong>Wie wir wissen, waren nur DNS-Sperren geplant. Deep Packet Inspection ist wesentlich wirkungsvoller.<\/strong><\/p><\/blockquote>\n<p>Bereits beim ersten Lesen hatte ich den Eindruck, dass hier etwas nicht stimmen kann. <a title=\"JeanLuc7s Kommentar\" href=\"http:\/\/www.zeit.de\/digital\/internet\/2010-02\/safer-internet-day?commentstart=1#cid-570287\" target=\"_blank\">In meinem Kommentar<\/a> fragte ich:<\/p>\n<blockquote><p><em>Ich hoffe, liebe ZEIT-Redakteure, Ihr habt Euch da einen dummen Scherz erlaubt?<\/em><\/p><\/blockquote>\n<p><a title=\"Kai Biermanns Antwort\" href=\"http:\/\/www.zeit.de\/digital\/internet\/2010-02\/safer-internet-day?commentstart=1#cid-570311\">Kai Biermann antwortete sofort:<\/a><\/p>\n<blockquote><p><em>Einen Scherz? Nein, warum. Ich finde, die Fragen sagen alles. Und die Antworten auch &#8211; sie zeigen die offizielle Sicht dieses europ\u00e4ischen Programms zum Schutz der Jugendlichen. Ist es nicht interessant, diese zu erfahren? Ich finde schon. Sie wollen mit diesen Methoden arbeiten. <\/em><\/p><\/blockquote>\n<p>Allerdings hatte man in der ZEIT-Online-Redaktion vers\u00e4umt, die wahre Identit\u00e4t von SID_2010 zu ermitteln. Bei Insafe ist jedenfalls kein Account dieses Namens in Gebrauch, und es lie\u00df sich offenbar auch niemand finden, der mit den getroffenen Aussagen in Verbindung gebracht werden wollte. Die Redaktion der ZEIT Online hat den Zwischenfall inzwischen bedauert.<\/p>\n<p>Allerdings muss man feststellen, dass seitens SID_2010 viel M\u00fche verwendet wurde, um dem ganzen einen scheinbar makellosen Anstrich zu geben. Manche vermuten deshalb einen PR-Gag oder zuviel nicht abgesprochenen Aktionismus. Die Domain trug den Slogan des Konzepts und wurde am 25.01. angemietet. Dort fand man Verlinkungen auf viele Papiere und Aktionen der Initiative. Hoffen wir, dass nur ein <a title=\"wikipedia.de: Netztrolle\" href=\"http:\/\/de.wikipedia.org\/wiki\/Troll_%28Netzkultur%29\" target=\"_blank\">Troll<\/a> sein Unwesen trieb und nicht in anonymer Form erste Nebelkerzen geworfen werden sollten.<\/p>\n<p>Herzlichst,<\/p>\n<p>Ihr JeanLuc7<\/p>\n<div class=\"twoclick_social_bookmarks_post_304 social_share_privacy clearfix 1.6.4 locale-de_DE sprite-de_DE\"><\/div><div class=\"twoclick-js\"><script type=\"text\/javascript\">\/* <![CDATA[ *\/\njQuery(document).ready(function($){if($('.twoclick_social_bookmarks_post_304')){$('.twoclick_social_bookmarks_post_304').socialSharePrivacy({\"services\":{\"facebook\":{\"status\":\"on\",\"txt_info\":\"2 Klicks f\\u00fcr mehr Datenschutz: Erst wenn Sie hier klicken, wird der Button aktiv und Sie k\\u00f6nnen Ihre Empfehlung an Facebook senden. Schon beim Aktivieren werden Daten an Dritte \\u00fcbertragen - siehe <em>i<\\\/em>.\",\"perma_option\":\"off\",\"action\":\"recommend\",\"language\":\"de_DE\"},\"twitter\":{\"reply_to\":\"\",\"tweet_text\":\"ZEIT%20zum%20Zwitschern%20%C2%BB%2053%20Cent\",\"status\":\"on\",\"txt_info\":\"2 Klicks f\\u00fcr mehr Datenschutz: Erst wenn Sie hier klicken, wird der Button aktiv und Sie k\\u00f6nnen Ihre Empfehlung an Twitter senden. Schon beim Aktivieren werden Daten an Dritte \\u00fcbertragen - siehe <em>i<\\\/em>.\",\"perma_option\":\"off\",\"language\":\"de\",\"referrer_track\":\"\"},\"gplus\":{\"status\":\"on\",\"txt_info\":\"2 Klicks f\\u00fcr mehr Datenschutz: Erst wenn Sie hier klicken, wird der Button aktiv und Sie k\\u00f6nnen Ihre Empfehlung an Google+ senden. Schon beim Aktivieren werden Daten an Dritte \\u00fcbertragen - siehe <em>i<\\\/em>.\",\"perma_option\":\"off\",\"referrer_track\":\"\"},\"flattr\":{\"uid\":\"\",\"status\":\"on\",\"the_title\":\"ZEIT%20zum%20Zwitschern\",\"the_excerpt\":\"Werte%20Leserinnen%20und%20Leser%2C%0D%0A%0D%0Amanchmal%20erwischt%20es%20auch%20die%20Guten.%20Im%20besten%20Gewissen%2C%20alles%20richtig%20und%20gut%20zu%20machen%20und%20dabei%20auch%20noch%20auf%20neuste%20Methoden%20zum%20Informationsaustausch%20zu%20setzen%2C%20hat%20Kai%20Biermann%20von%20der%20Online-Redaktion%20der%20ZEIT%20zum%20Safer%20Internet%20Day%20ein%20Twitter-Interview%20mit%20einem%20Gespr%C3%A4chspartner%20gef%C3%BChrt%2C%20den%20er%20bei%20Insafe%2C%20einer%20von%20der%20EU%20finanzierten%20Organisation%20und%20n%20...\",\"txt_info\":\"2 Klicks f\\u00fcr mehr Datenschutz: Erst wenn Sie hier klicken, wird der Button aktiv und Sie k\\u00f6nnen Ihre Empfehlung an Flattr senden. Schon beim Aktivieren werden Daten an Dritte \\u00fcbertragen - siehe <em>i<\\\/em>.\",\"perma_option\":\"off\"}},\"txt_help\":\"Wenn Sie diese Felder durch einen Klick aktivieren, werden Informationen an Facebook, Twitter, Flattr, Xing, t3n, LinkedIn, Pinterest oder Google eventuell ins Ausland \\u00fcbertragen und unter Umst\\u00e4nden auch dort gespeichert. N\\u00e4heres erfahren Sie durch einen Klick auf das <em>i<\\\/em>.\",\"settings_perma\":\"Dauerhaft aktivieren und Daten\\u00fcber-tragung zustimmen:\",\"info_link\":\"http:\\\/\\\/www.heise.de\\\/ct\\\/artikel\\\/2-Klicks-fuer-mehr-Datenschutz-1333879.html\",\"uri\":\"https:\\\/\\\/www.brennecke.org\\\/?p=304\",\"post_id\":304,\"post_title_referrer_track\":\"ZEIT+zum+Zwitschern\",\"display_infobox\":\"on\"});}});\n\/* ]]> *\/<\/script><\/div>","protected":false},"excerpt":{"rendered":"<p>Werte Leserinnen und Leser, manchmal erwischt es auch die Guten. Im besten Gewissen, alles richtig und gut zu machen und dabei auch noch auf neuste Methoden zum Informationsaustausch zu setzen, hat Kai Biermann von der Online-Redaktion der ZEIT zum Safer &hellip; <a href=\"https:\/\/www.brennecke.org\/?p=304\">Weiterlesen <span class=\"meta-nav\">&rarr;<\/span><\/a><\/p>\n","protected":false},"author":1,"featured_media":0,"comment_status":"closed","ping_status":"open","sticky":false,"template":"","format":"standard","meta":{"footnotes":""},"categories":[1],"tags":[],"_links":{"self":[{"href":"https:\/\/www.brennecke.org\/index.php?rest_route=\/wp\/v2\/posts\/304"}],"collection":[{"href":"https:\/\/www.brennecke.org\/index.php?rest_route=\/wp\/v2\/posts"}],"about":[{"href":"https:\/\/www.brennecke.org\/index.php?rest_route=\/wp\/v2\/types\/post"}],"author":[{"embeddable":true,"href":"https:\/\/www.brennecke.org\/index.php?rest_route=\/wp\/v2\/users\/1"}],"replies":[{"embeddable":true,"href":"https:\/\/www.brennecke.org\/index.php?rest_route=%2Fwp%2Fv2%2Fcomments&post=304"}],"version-history":[{"count":5,"href":"https:\/\/www.brennecke.org\/index.php?rest_route=\/wp\/v2\/posts\/304\/revisions"}],"predecessor-version":[{"id":3804,"href":"https:\/\/www.brennecke.org\/index.php?rest_route=\/wp\/v2\/posts\/304\/revisions\/3804"}],"wp:attachment":[{"href":"https:\/\/www.brennecke.org\/index.php?rest_route=%2Fwp%2Fv2%2Fmedia&parent=304"}],"wp:term":[{"taxonomy":"category","embeddable":true,"href":"https:\/\/www.brennecke.org\/index.php?rest_route=%2Fwp%2Fv2%2Fcategories&post=304"},{"taxonomy":"post_tag","embeddable":true,"href":"https:\/\/www.brennecke.org\/index.php?rest_route=%2Fwp%2Fv2%2Ftags&post=304"}],"curies":[{"name":"wp","href":"https:\/\/api.w.org\/{rel}","templated":true}]}}