{"id":3109,"date":"2014-05-12T15:27:29","date_gmt":"2014-05-12T13:27:29","guid":{"rendered":"http:\/\/www.brennecke.org\/?p=3109"},"modified":"2018-05-14T09:03:14","modified_gmt":"2018-05-14T08:03:14","slug":"im-zweifel-links","status":"publish","type":"post","link":"https:\/\/www.brennecke.org\/?p=3109","title":{"rendered":"Im Zweifel links"},"content":{"rendered":"<p>Werte Leserinnen und Leser,<\/p>\n<p>die aktuelle Plakatierung zur Europawahl strotzt nicht gerade vor intelligenten Einf\u00e4llen. Die SPD kopiert die Linke, indem sie &#8222;STATT&#8220;-Plakate aufh\u00e4ngt, die Linke wiederum nutzt die Reste aus dem Bundestagswahlkampf 2009, die sie schon 2013 wiederverwendet hat. Die Gr\u00fcnen sind irgendwie &#8230; gr\u00fcn und nett, und die FDP hat au\u00dfer dem Namen Lambsdorff nicht mehr viel zu bieten, nachdem ihre beiden <del>Skandal-<\/del>Spitzen-Parlamentarier Koch und Chatzimarkakis abseriviert wurden. Die NPD hat wieder am h\u00f6chsten geklebt, die AfD nutzt dieselben Farben wie die SPD, und die CDU zeigt wieder die Tante, die jedesmal gewinnt.<\/p>\n<p>Zu wenig Informationen f\u00fcr eine Entscheidung.<\/p>\n<p>Daher habe ich mich mit dem <a href=\"https:\/\/www.wahl-o-mat.de\/europawahl2014\/\">Wahlomaten<\/a> besch\u00e4ftigt. Da werden 38 Fragen gestellt, die vorher auch die Parteien zu beantworten hatten. Man kann auf einer Skala von &#8222;hoher Zustimmung&#8220; bis zu &#8222;hoher Ablehnung&#8220; stimmen; das ganze wird dann mit den Parteienantworten abgeglichen, und am Ende erh\u00e4lt man eine Wahlempfehlung.<\/p>\n<p>Diesmal scheint es f\u00fcr die Parteien jedoch \u00e4hnlich schwer wie beim Wer-wird-Million\u00e4r-Publikumsjoker zu sein. Denn wer den bei den letzten, schweren Fragen einsetzt, wird das richtige Ergebnis nicht herausbekommen, weil das Publikum auch nur raten kann. Und so kam aus dem Wahlomat ein f\u00fcr mich \u00fcberraschendes Ergebnis heraus.<\/p>\n<p>Das wichtigste zuerst: Die grunds\u00e4tzliche Trendrichtung stimmt, ich bin immer noch links von der Mitte verortet &#8211; sofern meine empfohlenen Parteien da ebenfalls stehen. Aber dann &#8211; bitte sehen Sie selbst:<\/p>\n<p><a href=\"http:\/\/www.brennecke.org\/wp-content\/uploads\/2014\/05\/Bildschirmfoto-2014-04-28-um-15.45.35.png\"><img loading=\"lazy\" decoding=\"async\" class=\"alignnone size-full wp-image-3110\" src=\"http:\/\/www.brennecke.org\/wp-content\/uploads\/2014\/05\/Bildschirmfoto-2014-04-28-um-15.45.35.png\" alt=\"Bildschirmfoto 2014-04-28 um 15.45.35\" width=\"626\" height=\"712\" srcset=\"https:\/\/www.brennecke.org\/wp-content\/uploads\/2014\/05\/Bildschirmfoto-2014-04-28-um-15.45.35.png 626w, https:\/\/www.brennecke.org\/wp-content\/uploads\/2014\/05\/Bildschirmfoto-2014-04-28-um-15.45.35-263x300.png 263w\" sizes=\"(max-width: 626px) 100vw, 626px\" \/><\/a><\/p>\n<p>Bis einschlie\u00dflich zur SPD ist alles links, soweit, so gut. Aber dann: 57,3% \u00dcbereinstimmung mit der AfD? Die Partei der wei\u00dfen, alten, homophoben M\u00e4nner? Auf demselben Platz auch die CDU, die Partei der wei\u00dfen, alten, homophoben Abh\u00f6rfanatiker&#8230; Dahinter knapp die FDP mit 56,1%, die Partei der reichen, wei\u00dfen alten \u00c4rzte und Apotheker&#8230; Und nur ganz knapp dahinter auch noch die haselnussbraune NPD mit den fiesen Parolen, immer noch mit einer satten absoluten Mehrheit bei der \u00dcbereinstimmung.<\/p>\n<p>Ich stimme also in mehr als der H\u00e4lfte der Fragen mit den Nazis von Rechtsau\u00dfen \u00fcberein. Offenbar hat der Europawahlkampf zu einer Weichsp\u00fclung gef\u00fchrt. Alle sind f\u00fcr Freiheit (die einen wollen freie B\u00fcrger, die anderen St\u00e4dte frei von Ausl\u00e4ndern), alle wollen Arbeitspl\u00e4tze schaffen (manche durch Freihandelsabkommen, manche durch das Ausweisen von Nicht-EU-B\u00fcrgern), die Linken wie die Rechten wollen Volksabstimmungen &#8211; eine der wenigen Fragen \u00fcbrigens, bei der ich weder mit Links noch mit Rechts \u00fcbereinstimme.<\/p>\n<p>In der ZEIT habe ich die Forderung gelesen,\u00a0 die Politiker m\u00f6gen den W\u00e4hlern endlich sagen, die Wahlbeteiligung sei alles, der Sieger nichts. Und es scheint nun angesichts von nur 15% Unterschied zwischen meinen bevorzugten und meinen abgelehnten Parteien wirklich egal zu sein, was ich w\u00e4hle.<\/p>\n<p>Welch ein Unsinn. Da bleibe ich doch lieber bei meiner eigenen Pr\u00e4ferenzentscheidung.<\/p>\n<p>Es gr\u00fc\u00dft herzlich<\/p>\n<p>Ihr JeanLuc7<\/p>\n<p>&nbsp;<\/p>\n<p>&nbsp;<\/p>\n<div class=\"twoclick_social_bookmarks_post_3109 social_share_privacy clearfix 1.6.4 locale-de_DE sprite-de_DE\"><\/div><div class=\"twoclick-js\"><script type=\"text\/javascript\">\/* <![CDATA[ *\/\njQuery(document).ready(function($){if($('.twoclick_social_bookmarks_post_3109')){$('.twoclick_social_bookmarks_post_3109').socialSharePrivacy({\"services\":{\"facebook\":{\"status\":\"on\",\"txt_info\":\"2 Klicks f\\u00fcr mehr Datenschutz: Erst wenn Sie hier klicken, wird der Button aktiv und Sie k\\u00f6nnen Ihre Empfehlung an Facebook senden. Schon beim Aktivieren werden Daten an Dritte \\u00fcbertragen - siehe <em>i<\\\/em>.\",\"perma_option\":\"off\",\"action\":\"recommend\",\"language\":\"de_DE\"},\"twitter\":{\"reply_to\":\"\",\"tweet_text\":\"Im%20Zweifel%20links%20%C2%BB%2053%20Cent%20%23Plakate%20%23Trend%20%23Wahlempfehlung%20%23Wahlomat\",\"status\":\"on\",\"txt_info\":\"2 Klicks f\\u00fcr mehr Datenschutz: Erst wenn Sie hier klicken, wird der Button aktiv und Sie k\\u00f6nnen Ihre Empfehlung an Twitter senden. Schon beim Aktivieren werden Daten an Dritte \\u00fcbertragen - siehe <em>i<\\\/em>.\",\"perma_option\":\"off\",\"language\":\"de\",\"referrer_track\":\"\"},\"gplus\":{\"status\":\"on\",\"txt_info\":\"2 Klicks f\\u00fcr mehr Datenschutz: Erst wenn Sie hier klicken, wird der Button aktiv und Sie k\\u00f6nnen Ihre Empfehlung an Google+ senden. Schon beim Aktivieren werden Daten an Dritte \\u00fcbertragen - siehe <em>i<\\\/em>.\",\"perma_option\":\"off\",\"referrer_track\":\"\"},\"flattr\":{\"uid\":\"\",\"status\":\"on\",\"the_title\":\"Im%20Zweifel%20links\",\"the_excerpt\":\"Werte%20Leserinnen%20und%20Leser%2C%0D%0A%0D%0Adie%20aktuelle%20Plakatierung%20zur%20Europawahl%20strotzt%20nicht%20gerade%20vor%20intelligenten%20Einf%C3%A4llen.%20Die%20SPD%20kopiert%20die%20Linke%2C%20indem%20sie%20%22STATT%22-Plakate%20aufh%C3%A4ngt%2C%20die%20Linke%20wiederum%20nutzt%20die%20Reste%20aus%20dem%20Bundestagswahlkampf%202009%2C%20die%20sie%20schon%202013%20wiederverwendet%20hat.%20Die%20Gr%C3%BCnen%20sind%20irgendwie%20...%20gr%C3%BCn%20und%20nett%2C%20und%20die%20FDP%20hat%20au%C3%9Fer%20dem%20Namen%20Lambsdorff%20nicht%20mehr%20vie%20...\",\"txt_info\":\"2 Klicks f\\u00fcr mehr Datenschutz: Erst wenn Sie hier klicken, wird der Button aktiv und Sie k\\u00f6nnen Ihre Empfehlung an Flattr senden. Schon beim Aktivieren werden Daten an Dritte \\u00fcbertragen - siehe <em>i<\\\/em>.\",\"perma_option\":\"off\"}},\"txt_help\":\"Wenn Sie diese Felder durch einen Klick aktivieren, werden Informationen an Facebook, Twitter, Flattr, Xing, t3n, LinkedIn, Pinterest oder Google eventuell ins Ausland \\u00fcbertragen und unter Umst\\u00e4nden auch dort gespeichert. N\\u00e4heres erfahren Sie durch einen Klick auf das <em>i<\\\/em>.\",\"settings_perma\":\"Dauerhaft aktivieren und Daten\\u00fcber-tragung zustimmen:\",\"info_link\":\"http:\\\/\\\/www.heise.de\\\/ct\\\/artikel\\\/2-Klicks-fuer-mehr-Datenschutz-1333879.html\",\"uri\":\"https:\\\/\\\/www.brennecke.org\\\/?p=3109\",\"post_id\":3109,\"post_title_referrer_track\":\"Im+Zweifel+links\",\"display_infobox\":\"on\"});}});\n\/* ]]> *\/<\/script><\/div>","protected":false},"excerpt":{"rendered":"<p>Werte Leserinnen und Leser, die aktuelle Plakatierung zur Europawahl strotzt nicht gerade vor intelligenten Einf\u00e4llen. Die SPD kopiert die Linke, indem sie &#8222;STATT&#8220;-Plakate aufh\u00e4ngt, die Linke wiederum nutzt die Reste aus dem Bundestagswahlkampf 2009, die sie schon 2013 wiederverwendet hat. &hellip; <a href=\"https:\/\/www.brennecke.org\/?p=3109\">Weiterlesen <span class=\"meta-nav\">&rarr;<\/span><\/a><\/p>\n","protected":false},"author":1,"featured_media":0,"comment_status":"closed","ping_status":"open","sticky":false,"template":"","format":"standard","meta":{"footnotes":""},"categories":[1,676,3],"tags":[698,697,696,695],"_links":{"self":[{"href":"https:\/\/www.brennecke.org\/index.php?rest_route=\/wp\/v2\/posts\/3109"}],"collection":[{"href":"https:\/\/www.brennecke.org\/index.php?rest_route=\/wp\/v2\/posts"}],"about":[{"href":"https:\/\/www.brennecke.org\/index.php?rest_route=\/wp\/v2\/types\/post"}],"author":[{"embeddable":true,"href":"https:\/\/www.brennecke.org\/index.php?rest_route=\/wp\/v2\/users\/1"}],"replies":[{"embeddable":true,"href":"https:\/\/www.brennecke.org\/index.php?rest_route=%2Fwp%2Fv2%2Fcomments&post=3109"}],"version-history":[{"count":1,"href":"https:\/\/www.brennecke.org\/index.php?rest_route=\/wp\/v2\/posts\/3109\/revisions"}],"predecessor-version":[{"id":3111,"href":"https:\/\/www.brennecke.org\/index.php?rest_route=\/wp\/v2\/posts\/3109\/revisions\/3111"}],"wp:attachment":[{"href":"https:\/\/www.brennecke.org\/index.php?rest_route=%2Fwp%2Fv2%2Fmedia&parent=3109"}],"wp:term":[{"taxonomy":"category","embeddable":true,"href":"https:\/\/www.brennecke.org\/index.php?rest_route=%2Fwp%2Fv2%2Fcategories&post=3109"},{"taxonomy":"post_tag","embeddable":true,"href":"https:\/\/www.brennecke.org\/index.php?rest_route=%2Fwp%2Fv2%2Ftags&post=3109"}],"curies":[{"name":"wp","href":"https:\/\/api.w.org\/{rel}","templated":true}]}}