{"id":3128,"date":"2014-05-29T13:46:44","date_gmt":"2014-05-29T11:46:44","guid":{"rendered":"http:\/\/www.brennecke.org\/?p=3128"},"modified":"2018-05-14T09:03:14","modified_gmt":"2018-05-14T08:03:14","slug":"alle-macht-der-kanzlerin","status":"publish","type":"post","link":"https:\/\/www.brennecke.org\/?p=3128","title":{"rendered":"Alle Macht der Kanzlerin"},"content":{"rendered":"<p>Werte Leserinnen und Leser,<\/p>\n<p>das EU-Parlament ist gew\u00e4hlt, die Europ\u00e4ische Volkspartei (EVP) als Vereinigung der b\u00fcrgerlichen EU-Parlamentarier ist die st\u00e4rkste Fraktion, und ihr Spitzenkandidat, der Luxemburger Jean-Claude Juncker, soll nach dem Willen der Fraktionschefs der gr\u00f6\u00dften Fraktionen im EU-Parlament der n\u00e4chste Kommissionspr\u00e4sident werden. Und die deutsche CDU sonnt sich in ihrem neusten Wahlerfolg.<\/p>\n<p>Alles gut? Nein &#8211; Frau Merkel, die f\u00fcr ein weiteres Jahr im Amt der m\u00e4chtigsten Frau der Welt best\u00e4tigte Bundeskanzlerin, zagt und beruft sich auf bestehende Vertr\u00e4ge. Denn selbst in ihren konservativen Kreisen sind nicht alle dem Kandidaten Juncker hold, der britische Regierungschef Cameron etwa bevorzugt seinen irischen Amtskollegen. Der wiederum will allerdings f\u00fcr Juncker stimmen &#8211; keine einfache Situation.<\/p>\n<p>Merkel hat recht, wenn sie nun erkl\u00e4rt, dass die bestehenden EU-Vertr\u00e4ge den Automatismus zwischen &#8222;Spitzenkandidat&#8220; und &#8222;Kommissionspr\u00e4sident&#8220; nicht vorsehen. Und wenn sie dabei ihren eigenen Kandidaten besch\u00e4digt, indem sie ihm bescheinigt, dass das, was er kann, viele andere auch k\u00f6nnen, dann st\u00e4rkt das sogar ihre Machtposition &#8211; und das ist doch im Hause Merkel etwas sehr Feines.<\/p>\n<p>Dennoch &#8211; die Vertr\u00e4ge sind, wie sie sind, und jetzt beginnen die Hinterzimmer-Verhandlungen. Aber mal ganz ehrlich, Frau Merkel: diese Verhandlungen h\u00e4tte man auch im Vorfeld bereits f\u00fchren k\u00f6nnen &#8211; mit dem Ergebnis, den bereits vorher bestimmten Kandidaten dann glanzvoll ins Amt zu f\u00fchren, statt ihn zu d\u00fcpieren und zu besch\u00e4digen.<\/p>\n<p>Dass ein solches Vorgehen logisch und offensichtlich ist, wei\u00df nat\u00fcrlich auch unsere Frau Merkel. Und daher bleibt nur eine Schlussfolgerung: Es war machtvolle Absicht, den Kandidaten jetzt infrage zu stellen. Es soll ja schlie\u00dflich dauerhaft klargestellt sein, dass Juncker zu Merkel aufschauen muss &#8211; und nicht etwa umgekehrt.<\/p>\n<p>Es gr\u00fc\u00dft herzlich<\/p>\n<p>JL7<\/p>\n<div class=\"twoclick_social_bookmarks_post_3128 social_share_privacy clearfix 1.6.4 locale-de_DE sprite-de_DE\"><\/div><div class=\"twoclick-js\"><script type=\"text\/javascript\">\/* <![CDATA[ *\/\njQuery(document).ready(function($){if($('.twoclick_social_bookmarks_post_3128')){$('.twoclick_social_bookmarks_post_3128').socialSharePrivacy({\"services\":{\"facebook\":{\"status\":\"on\",\"txt_info\":\"2 Klicks f\\u00fcr mehr Datenschutz: Erst wenn Sie hier klicken, wird der Button aktiv und Sie k\\u00f6nnen Ihre Empfehlung an Facebook senden. Schon beim Aktivieren werden Daten an Dritte \\u00fcbertragen - siehe <em>i<\\\/em>.\",\"perma_option\":\"off\",\"action\":\"recommend\",\"language\":\"de_DE\"},\"twitter\":{\"reply_to\":\"\",\"tweet_text\":\"%20Alle%20Macht%20der%20Kanzlerin%20%C2%BB%2053%20Cent%20%23Cameron%20%23EU-Wahl%20%23Juncker%20...\",\"status\":\"on\",\"txt_info\":\"2 Klicks f\\u00fcr mehr Datenschutz: Erst wenn Sie hier klicken, wird der Button aktiv und Sie k\\u00f6nnen Ihre Empfehlung an Twitter senden. Schon beim Aktivieren werden Daten an Dritte \\u00fcbertragen - siehe <em>i<\\\/em>.\",\"perma_option\":\"off\",\"language\":\"de\",\"referrer_track\":\"\"},\"gplus\":{\"status\":\"on\",\"txt_info\":\"2 Klicks f\\u00fcr mehr Datenschutz: Erst wenn Sie hier klicken, wird der Button aktiv und Sie k\\u00f6nnen Ihre Empfehlung an Google+ senden. Schon beim Aktivieren werden Daten an Dritte \\u00fcbertragen - siehe <em>i<\\\/em>.\",\"perma_option\":\"off\",\"referrer_track\":\"\"},\"flattr\":{\"uid\":\"\",\"status\":\"on\",\"the_title\":\"Alle%20Macht%20der%20Kanzlerin\",\"the_excerpt\":\"Werte%20Leserinnen%20und%20Leser%2C%0D%0A%0D%0Adas%20EU-Parlament%20ist%20gew%C3%A4hlt%2C%20die%20Europ%C3%A4ische%20Volkspartei%20%28EVP%29%20als%20Vereinigung%20der%20b%C3%BCrgerlichen%20EU-Parlamentarier%20ist%20die%20st%C3%A4rkste%20Fraktion%2C%20und%20ihr%20Spitzenkandidat%2C%20der%20Luxemburger%20Jean-Claude%20Juncker%2C%20soll%20nach%20dem%20Willen%20der%20Fraktionschefs%20der%20gr%C3%B6%C3%9Ften%20Fraktionen%20im%20EU-Parlament%20der%20n%C3%A4chste%20Kommissionspr%C3%A4sident%20werden.%20Und%20die%20deutsche%20CDU%20sonnt%20sich%20in%20ihrem%20%20...\",\"txt_info\":\"2 Klicks f\\u00fcr mehr Datenschutz: Erst wenn Sie hier klicken, wird der Button aktiv und Sie k\\u00f6nnen Ihre Empfehlung an Flattr senden. Schon beim Aktivieren werden Daten an Dritte \\u00fcbertragen - siehe <em>i<\\\/em>.\",\"perma_option\":\"off\"}},\"txt_help\":\"Wenn Sie diese Felder durch einen Klick aktivieren, werden Informationen an Facebook, Twitter, Flattr, Xing, t3n, LinkedIn, Pinterest oder Google eventuell ins Ausland \\u00fcbertragen und unter Umst\\u00e4nden auch dort gespeichert. N\\u00e4heres erfahren Sie durch einen Klick auf das <em>i<\\\/em>.\",\"settings_perma\":\"Dauerhaft aktivieren und Daten\\u00fcber-tragung zustimmen:\",\"info_link\":\"http:\\\/\\\/www.heise.de\\\/ct\\\/artikel\\\/2-Klicks-fuer-mehr-Datenschutz-1333879.html\",\"uri\":\"https:\\\/\\\/www.brennecke.org\\\/?p=3128\",\"post_id\":3128,\"post_title_referrer_track\":\"Alle+Macht+der+Kanzlerin\",\"display_infobox\":\"on\"});}});\n\/* ]]> *\/<\/script><\/div>","protected":false},"excerpt":{"rendered":"<p>Werte Leserinnen und Leser, das EU-Parlament ist gew\u00e4hlt, die Europ\u00e4ische Volkspartei (EVP) als Vereinigung der b\u00fcrgerlichen EU-Parlamentarier ist die st\u00e4rkste Fraktion, und ihr Spitzenkandidat, der Luxemburger Jean-Claude Juncker, soll nach dem Willen der Fraktionschefs der gr\u00f6\u00dften Fraktionen im EU-Parlament der &hellip; <a href=\"https:\/\/www.brennecke.org\/?p=3128\">Weiterlesen <span class=\"meta-nav\">&rarr;<\/span><\/a><\/p>\n","protected":false},"author":1,"featured_media":0,"comment_status":"closed","ping_status":"open","sticky":false,"template":"","format":"standard","meta":{"footnotes":""},"categories":[1,3],"tags":[714,713,712,715,110],"_links":{"self":[{"href":"https:\/\/www.brennecke.org\/index.php?rest_route=\/wp\/v2\/posts\/3128"}],"collection":[{"href":"https:\/\/www.brennecke.org\/index.php?rest_route=\/wp\/v2\/posts"}],"about":[{"href":"https:\/\/www.brennecke.org\/index.php?rest_route=\/wp\/v2\/types\/post"}],"author":[{"embeddable":true,"href":"https:\/\/www.brennecke.org\/index.php?rest_route=\/wp\/v2\/users\/1"}],"replies":[{"embeddable":true,"href":"https:\/\/www.brennecke.org\/index.php?rest_route=%2Fwp%2Fv2%2Fcomments&post=3128"}],"version-history":[{"count":1,"href":"https:\/\/www.brennecke.org\/index.php?rest_route=\/wp\/v2\/posts\/3128\/revisions"}],"predecessor-version":[{"id":3129,"href":"https:\/\/www.brennecke.org\/index.php?rest_route=\/wp\/v2\/posts\/3128\/revisions\/3129"}],"wp:attachment":[{"href":"https:\/\/www.brennecke.org\/index.php?rest_route=%2Fwp%2Fv2%2Fmedia&parent=3128"}],"wp:term":[{"taxonomy":"category","embeddable":true,"href":"https:\/\/www.brennecke.org\/index.php?rest_route=%2Fwp%2Fv2%2Fcategories&post=3128"},{"taxonomy":"post_tag","embeddable":true,"href":"https:\/\/www.brennecke.org\/index.php?rest_route=%2Fwp%2Fv2%2Ftags&post=3128"}],"curies":[{"name":"wp","href":"https:\/\/api.w.org\/{rel}","templated":true}]}}