{"id":3139,"date":"2014-06-12T15:48:45","date_gmt":"2014-06-12T13:48:45","guid":{"rendered":"http:\/\/www.brennecke.org\/?p=3139"},"modified":"2018-05-14T09:02:55","modified_gmt":"2018-05-14T08:02:55","slug":"herr-wulff-schreibt-ein-buch","status":"publish","type":"post","link":"https:\/\/www.brennecke.org\/?p=3139","title":{"rendered":"Herr Wulff schreibt ein Buch"},"content":{"rendered":"<p>Werte Leserinnen und Leser,<\/p>\n<p>dieser Tage erscheint eines der drei \u00fcberfl\u00fcssigsten B\u00fccher des Jahres. Mit &#8222;Ganz oben, ganz unten&#8220; geht unser ehemaliger Bundespr\u00e4sident Christian Wulff in die Offensive und erkl\u00e4rt den Medien seine Sicht der Dinge.<\/p>\n<p>Nun hat sich in den Monaten nach seinem Freispruch im Februar der Wind ein wenig gedreht. Zur Erinnerung: der Mann war letztlich angeklagt worden wegen Vorteilnahme im Amt &#8211; ein Sylt-Aufenthalt f\u00fcr 750\u20ac sollte von einem befreundeten Filmproduzenten bezahlt worden sein. Angesichts der 200 Kilo-Euro, die Wulff j\u00e4hrlich als Ehrensold erh\u00e4lt, eine l\u00e4ppisch niedrige Summe. &#8222;Bezahl&#8216; die Rechnung, und gut ist es&#8220;, sollte man meinen.<\/p>\n<p>Nun ist aber offenbar die Vorteilnahme nicht nachweisbar, und damit ist der Angeklagte Wulff juristisch unschuldig. Und genau mit diesem &#8222;UNSCHULDIG&#8220;-Schild auf der Stirn wedelt er nun mit seinem neuen Buch und teilt der Welt mit, dass sein R\u00fccktritt ein Fehler war und er auch heute ein guter Bundespr\u00e4sident <del>sei<\/del> w\u00e4re.<\/p>\n<p>Regt sich da bei Ihnen auch etwas? Muss man sie denn immer wieder aufz\u00e4hlen, die vielen Gelegenheiten, bei denen Wulff Mist gebaut hat? Die Kohabitation mit BILD, als seine Scheidung vielleicht schlechte Schlagzeilen h\u00e4tte erzeugen k\u00f6nnen? Die Kostenlos-Urlaube in den Edeldomizilen reicher Freunde? Der Klinkerbaukredit, f\u00fcr den er den Nieders\u00e4chsischen Landtag belogen hat? Die Kriegsdrohung gegen BILD-Chef Dieckmann, die dummerweise auf dessen Mailbox landete? Die Salamitaktik bei Zugest\u00e4ndnissen um weitere Schn\u00e4ppchen-Urlaube? Die F\u00f6rderung eines mindergewichtigen Filmzarenfreundes?<\/p>\n<p>Bei mir regt sich da definitiv \u00c4rger. All diese Fehler sind strafrechtlich irrelevant und daher nach Wulffs eigener Deutung auch aussitzbar, ohne R\u00fccktritt. Aber wer wollte denn einen Pr\u00e4sidenten, der hinter jedem Urlaubsgutschein her ist? Und der bis heute offenbar nicht verstanden hat, wo seine Fehler liegen?<\/p>\n<p>Falls Sie nun wissen m\u00f6chten, welche B\u00fccher noch auf meiner &#8222;\u00dcberfl\u00fcssig&#8220;-Liste stehen: es sind die von Sarrazin und Pirin\u00e7ci.<\/p>\n<p>Es gr\u00fc\u00dft herzlich<\/p>\n<p>Ihr JL7<\/p>\n<div class=\"twoclick_social_bookmarks_post_3139 social_share_privacy clearfix 1.6.4 locale-de_DE sprite-de_DE\"><\/div><div class=\"twoclick-js\"><script type=\"text\/javascript\">\/* <![CDATA[ *\/\njQuery(document).ready(function($){if($('.twoclick_social_bookmarks_post_3139')){$('.twoclick_social_bookmarks_post_3139').socialSharePrivacy({\"services\":{\"facebook\":{\"status\":\"on\",\"txt_info\":\"2 Klicks f\\u00fcr mehr Datenschutz: Erst wenn Sie hier klicken, wird der Button aktiv und Sie k\\u00f6nnen Ihre Empfehlung an Facebook senden. Schon beim Aktivieren werden Daten an Dritte \\u00fcbertragen - siehe <em>i<\\\/em>.\",\"perma_option\":\"off\",\"action\":\"recommend\",\"language\":\"de_DE\"},\"twitter\":{\"reply_to\":\"\",\"tweet_text\":\"%20Herr%20Wulff%20schreibt%20ein%20Buch%20%C2%BB%2053%20Cent%20%23BILD%20%23Dieckmann%20%23Pirin%C3%A7ci%20...\",\"status\":\"on\",\"txt_info\":\"2 Klicks f\\u00fcr mehr Datenschutz: Erst wenn Sie hier klicken, wird der Button aktiv und Sie k\\u00f6nnen Ihre Empfehlung an Twitter senden. Schon beim Aktivieren werden Daten an Dritte \\u00fcbertragen - siehe <em>i<\\\/em>.\",\"perma_option\":\"off\",\"language\":\"de\",\"referrer_track\":\"\"},\"gplus\":{\"status\":\"on\",\"txt_info\":\"2 Klicks f\\u00fcr mehr Datenschutz: Erst wenn Sie hier klicken, wird der Button aktiv und Sie k\\u00f6nnen Ihre Empfehlung an Google+ senden. Schon beim Aktivieren werden Daten an Dritte \\u00fcbertragen - siehe <em>i<\\\/em>.\",\"perma_option\":\"off\",\"referrer_track\":\"\"},\"flattr\":{\"uid\":\"\",\"status\":\"on\",\"the_title\":\"Herr%20Wulff%20schreibt%20ein%20Buch\",\"the_excerpt\":\"Werte%20Leserinnen%20und%20Leser%2C%0D%0A%0D%0Adieser%20Tage%20erscheint%20eines%20der%20drei%20%C3%BCberfl%C3%BCssigsten%20B%C3%BCcher%20des%20Jahres.%20Mit%20%22Ganz%20oben%2C%20ganz%20unten%22%20geht%20unser%20ehemaliger%20Bundespr%C3%A4sident%20Christian%20Wulff%20in%20die%20Offensive%20und%20erkl%C3%A4rt%20den%20Medien%20seine%20Sicht%20der%20Dinge.%0D%0A%0D%0ANun%20hat%20sich%20in%20den%20Monaten%20nach%20seinem%20Freispruch%20im%20Februar%20der%20Wind%20ein%20wenig%20gedreht.%20Zur%20Erinnerung%3A%20der%20Mann%20war%20letztlich%20angeklagt%20worden%20...\",\"txt_info\":\"2 Klicks f\\u00fcr mehr Datenschutz: Erst wenn Sie hier klicken, wird der Button aktiv und Sie k\\u00f6nnen Ihre Empfehlung an Flattr senden. Schon beim Aktivieren werden Daten an Dritte \\u00fcbertragen - siehe <em>i<\\\/em>.\",\"perma_option\":\"off\"}},\"txt_help\":\"Wenn Sie diese Felder durch einen Klick aktivieren, werden Informationen an Facebook, Twitter, Flattr, Xing, t3n, LinkedIn, Pinterest oder Google eventuell ins Ausland \\u00fcbertragen und unter Umst\\u00e4nden auch dort gespeichert. N\\u00e4heres erfahren Sie durch einen Klick auf das <em>i<\\\/em>.\",\"settings_perma\":\"Dauerhaft aktivieren und Daten\\u00fcber-tragung zustimmen:\",\"info_link\":\"http:\\\/\\\/www.heise.de\\\/ct\\\/artikel\\\/2-Klicks-fuer-mehr-Datenschutz-1333879.html\",\"uri\":\"https:\\\/\\\/www.brennecke.org\\\/?p=3139\",\"post_id\":3139,\"post_title_referrer_track\":\"Herr+Wulff+schreibt+ein+Buch\",\"display_infobox\":\"on\"});}});\n\/* ]]> *\/<\/script><\/div>","protected":false},"excerpt":{"rendered":"<p>Werte Leserinnen und Leser, dieser Tage erscheint eines der drei \u00fcberfl\u00fcssigsten B\u00fccher des Jahres. Mit &#8222;Ganz oben, ganz unten&#8220; geht unser ehemaliger Bundespr\u00e4sident Christian Wulff in die Offensive und erkl\u00e4rt den Medien seine Sicht der Dinge. Nun hat sich in &hellip; <a href=\"https:\/\/www.brennecke.org\/?p=3139\">Weiterlesen <span class=\"meta-nav\">&rarr;<\/span><\/a><\/p>\n","protected":false},"author":1,"featured_media":0,"comment_status":"closed","ping_status":"open","sticky":false,"template":"","format":"standard","meta":{"footnotes":""},"categories":[1,3],"tags":[282,719,722,721,720,344],"_links":{"self":[{"href":"https:\/\/www.brennecke.org\/index.php?rest_route=\/wp\/v2\/posts\/3139"}],"collection":[{"href":"https:\/\/www.brennecke.org\/index.php?rest_route=\/wp\/v2\/posts"}],"about":[{"href":"https:\/\/www.brennecke.org\/index.php?rest_route=\/wp\/v2\/types\/post"}],"author":[{"embeddable":true,"href":"https:\/\/www.brennecke.org\/index.php?rest_route=\/wp\/v2\/users\/1"}],"replies":[{"embeddable":true,"href":"https:\/\/www.brennecke.org\/index.php?rest_route=%2Fwp%2Fv2%2Fcomments&post=3139"}],"version-history":[{"count":3,"href":"https:\/\/www.brennecke.org\/index.php?rest_route=\/wp\/v2\/posts\/3139\/revisions"}],"predecessor-version":[{"id":3142,"href":"https:\/\/www.brennecke.org\/index.php?rest_route=\/wp\/v2\/posts\/3139\/revisions\/3142"}],"wp:attachment":[{"href":"https:\/\/www.brennecke.org\/index.php?rest_route=%2Fwp%2Fv2%2Fmedia&parent=3139"}],"wp:term":[{"taxonomy":"category","embeddable":true,"href":"https:\/\/www.brennecke.org\/index.php?rest_route=%2Fwp%2Fv2%2Fcategories&post=3139"},{"taxonomy":"post_tag","embeddable":true,"href":"https:\/\/www.brennecke.org\/index.php?rest_route=%2Fwp%2Fv2%2Ftags&post=3139"}],"curies":[{"name":"wp","href":"https:\/\/api.w.org\/{rel}","templated":true}]}}