{"id":3155,"date":"2014-07-04T10:51:02","date_gmt":"2014-07-04T08:51:02","guid":{"rendered":"http:\/\/www.brennecke.org\/?p=3155"},"modified":"2018-05-14T09:02:55","modified_gmt":"2018-05-14T08:02:55","slug":"die-linke-tour-der-berliner-piraten","status":"publish","type":"post","link":"https:\/\/www.brennecke.org\/?p=3155","title":{"rendered":"Die linke Tour der Berliner Piraten"},"content":{"rendered":"<p>Werte Leserinnen und Leser,<\/p>\n<p>in meiner Schublade liegt immer noch eine Plastikkarte, die mich als Mitglied Nr. 16669 der Piratenpartei ausweist. Ausgestellt wurde sie 2011, zu einer Zeit, als das Internet f\u00fcr die meisten Mitglieder der etablierten Parteien tats\u00e4chlich noch Neuland war. Das Zugangserschwerungsgesetz war gerade gescheitert, die Vorratsdatenspeicherung und ACTA standen vor der T\u00fcr. Ein idealer Boden f\u00fcr eine Partei, die sich mit der Freiheit im Internet besch\u00e4ftigt.<\/p>\n<p>Statt aber diesen Vorteil zu nutzen, begannen in meinem Berliner Landesverband dieselben K\u00e4mpfe um Macht und Bedeutungshoheit, die vor 225 Jahren bereits die Franz\u00f6sische Revolution gefressen hatten. Gewonnen haben diesen Kampf die Linksalternativ-Radikalen, die zeitweise sogar den Bundesvorstand voll im Griff hatten &#8211; erinnern Sie sich noch an die <a href=\"http:\/\/www.freitag.de\/autoren\/der-freitag\/johannes-ponader-zu-mcdonalds\">sockenlose Maus Frederick<\/a>?<\/p>\n<p>Die heutigen Stars in Berlin hei\u00dfen <a href=\"http:\/\/de.wikipedia.org\/wiki\/Christopher_Lauer\">Christopher Lauer<\/a> und <a href=\"http:\/\/de.wikipedia.org\/wiki\/Oliver_H%C3%B6finghoff\">Oliver H\u00f6finghoff<\/a>, und beide &#8211; selbst durchaus demagogisch gebildet &#8211; haben vom Nutzen demokratischer Prozesse ungef\u00e4hr soviel Ahnung wie ein Hund vom Chappi-Dosen\u00f6ffner. Inzwischen hat sich der Berliner Landesvorstand in der linkssozialen Ecke eingerichtet, Arthur Harris f\u00fcr die <a href=\"http:\/\/www.spiegel.de\/politik\/deutschland\/femen-aktion-in-dresden-zu-bomber-harris-sorgt-fuer-streit-a-954246.html\">Bomben auf Dresden gedankt<\/a> und missliebige &#8211; liberale &#8211; <a href=\"http:\/\/popcornpiraten.de\/category\/nazis\/\">Mitglieder als Nazis diffamiert<\/a>. Nur Netzpolitik macht er nicht mehr. Oder haben Sie rund um die NSA-Aff\u00e4re nennenswerte Statements der Piraten geh\u00f6rt? Da war sogar die <a href=\"http:\/\/de.wikipedia.org\/wiki\/Dorothee_B%C3%A4r\">CSU-B\u00e4rin<\/a> aktiver.<\/p>\n<p>Nachdem nun in Halle ein neuer Bundesvorstand aus \u00fcberwiegend sozialliberalen Mitgliedern gew\u00e4hlt wurde, denken die Berliner \u00fcber eine <a href=\"http:\/\/www.freiewelt.net\/nachricht\/und-tschuss-10035597\/\">Spaltung<\/a> nach, und es gibt sogar <a href=\"https:\/\/netzpolitik.org\/2014\/piraten-am-rande-der-spaltung\/\">unabh\u00e4ngige Stimmen<\/a>, die f\u00fcr eine solche linker-als-linken Partei in Berlin einen Platz sehen.<\/p>\n<p>Ich sehe da nichts. Wenn <a href=\"http:\/\/www.kanzleikompa.de\/2014\/06\/30\/nsa-loest-poebel-auf\/\">Christopher Lauer allen Ernstes meint<\/a>, in Berlin eine Partei zu vertreten, die immer noch 6% der Stimmen gewinnen k\u00f6nne (nach 8,9 bei der letzten Wahl zum Abgeordnetenhaus), dann glaubt er wohl auch an Gott, Allah und Buddha gleichzeitig. Es darf auch bezweifelt werden, dass die neuen Linkspiraten demokratischen Anforderungen gen\u00fcgen, wenn schon der Chef Lauer selbst bei den Piraten-Bundesvorstandswahlen in Halle des Betrugs \u00fcberf\u00fchrt wurde.<\/p>\n<p>Bleibt die Frage, was nach einer Spaltung mit uns vorstandslosen Berliner Piraten geschieht. Interessiert sich noch jemand f\u00fcr Netzpolitik? Oder lassen wir das jetzt wirklich allein in Frau Merkels H\u00e4nden?<\/p>\n<p>Es gr\u00fc\u00dft herzlich<\/p>\n<p>JL7<\/p>\n<p>P.S. Unsere Bundeskanzlerin hatte im Januar diesen <a href=\"http:\/\/www.spiegel.de\/gesundheit\/diagnose\/angela-merkel-behandlung-nach-beckenbruch-a-942018.html\">Beckenbruch<\/a>, angeblich vom Hinsetzen beim Langlaufen. Ich denke nach wie vor, sie hat ihn sich beim Aussitzen geholt.<\/p>\n<div class=\"twoclick_social_bookmarks_post_3155 social_share_privacy clearfix 1.6.4 locale-de_DE sprite-de_DE\"><\/div><div class=\"twoclick-js\"><script type=\"text\/javascript\">\/* <![CDATA[ *\/\njQuery(document).ready(function($){if($('.twoclick_social_bookmarks_post_3155')){$('.twoclick_social_bookmarks_post_3155').socialSharePrivacy({\"services\":{\"facebook\":{\"status\":\"on\",\"txt_info\":\"2 Klicks f\\u00fcr mehr Datenschutz: Erst wenn Sie hier klicken, wird der Button aktiv und Sie k\\u00f6nnen Ihre Empfehlung an Facebook senden. Schon beim Aktivieren werden Daten an Dritte \\u00fcbertragen - siehe <em>i<\\\/em>.\",\"perma_option\":\"off\",\"action\":\"recommend\",\"language\":\"de_DE\"},\"twitter\":{\"reply_to\":\"\",\"tweet_text\":\"%20Die%20linke%20Tour%20der%20Berliner%20Piraten%20%C2%BB%2053%20Cent%20%23%23bombergate%20%23Aussitzen%20...\",\"status\":\"on\",\"txt_info\":\"2 Klicks f\\u00fcr mehr Datenschutz: Erst wenn Sie hier klicken, wird der Button aktiv und Sie k\\u00f6nnen Ihre Empfehlung an Twitter senden. Schon beim Aktivieren werden Daten an Dritte \\u00fcbertragen - siehe <em>i<\\\/em>.\",\"perma_option\":\"off\",\"language\":\"de\",\"referrer_track\":\"\"},\"gplus\":{\"status\":\"on\",\"txt_info\":\"2 Klicks f\\u00fcr mehr Datenschutz: Erst wenn Sie hier klicken, wird der Button aktiv und Sie k\\u00f6nnen Ihre Empfehlung an Google+ senden. Schon beim Aktivieren werden Daten an Dritte \\u00fcbertragen - siehe <em>i<\\\/em>.\",\"perma_option\":\"off\",\"referrer_track\":\"\"},\"flattr\":{\"uid\":\"\",\"status\":\"on\",\"the_title\":\"Die%20linke%20Tour%20der%20Berliner%20Piraten\",\"the_excerpt\":\"Werte%20Leserinnen%20und%20Leser%2C%0D%0A%0D%0Ain%20meiner%20Schublade%20liegt%20immer%20noch%20eine%20Plastikkarte%2C%20die%20mich%20als%20Mitglied%20Nr.%2016669%20der%20Piratenpartei%20ausweist.%20Ausgestellt%20wurde%20sie%202011%2C%20zu%20einer%20Zeit%2C%20als%20das%20Internet%20f%C3%BCr%20die%20meisten%20Mitglieder%20der%20etablierten%20Parteien%20tats%C3%A4chlich%20noch%20Neuland%20war.%20Das%20Zugangserschwerungsgesetz%20war%20gerade%20gescheitert%2C%20die%20Vorratsdatenspeicherung%20und%20ACTA%20standen%20vor%20der%20%20...\",\"txt_info\":\"2 Klicks f\\u00fcr mehr Datenschutz: Erst wenn Sie hier klicken, wird der Button aktiv und Sie k\\u00f6nnen Ihre Empfehlung an Flattr senden. Schon beim Aktivieren werden Daten an Dritte \\u00fcbertragen - siehe <em>i<\\\/em>.\",\"perma_option\":\"off\"}},\"txt_help\":\"Wenn Sie diese Felder durch einen Klick aktivieren, werden Informationen an Facebook, Twitter, Flattr, Xing, t3n, LinkedIn, Pinterest oder Google eventuell ins Ausland \\u00fcbertragen und unter Umst\\u00e4nden auch dort gespeichert. N\\u00e4heres erfahren Sie durch einen Klick auf das <em>i<\\\/em>.\",\"settings_perma\":\"Dauerhaft aktivieren und Daten\\u00fcber-tragung zustimmen:\",\"info_link\":\"http:\\\/\\\/www.heise.de\\\/ct\\\/artikel\\\/2-Klicks-fuer-mehr-Datenschutz-1333879.html\",\"uri\":\"https:\\\/\\\/www.brennecke.org\\\/?p=3155\",\"post_id\":3155,\"post_title_referrer_track\":\"Die+linke+Tour+der+Berliner+Piraten\",\"display_infobox\":\"on\"});}});\n\/* ]]> *\/<\/script><\/div>","protected":false},"excerpt":{"rendered":"<p>Werte Leserinnen und Leser, in meiner Schublade liegt immer noch eine Plastikkarte, die mich als Mitglied Nr. 16669 der Piratenpartei ausweist. Ausgestellt wurde sie 2011, zu einer Zeit, als das Internet f\u00fcr die meisten Mitglieder der etablierten Parteien tats\u00e4chlich noch &hellip; <a href=\"https:\/\/www.brennecke.org\/?p=3155\">Weiterlesen <span class=\"meta-nav\">&rarr;<\/span><\/a><\/p>\n","protected":false},"author":1,"featured_media":0,"comment_status":"closed","ping_status":"open","sticky":false,"template":"","format":"standard","meta":{"footnotes":""},"categories":[1,3],"tags":[738,735,739,737,734,736,740,110,136,414],"_links":{"self":[{"href":"https:\/\/www.brennecke.org\/index.php?rest_route=\/wp\/v2\/posts\/3155"}],"collection":[{"href":"https:\/\/www.brennecke.org\/index.php?rest_route=\/wp\/v2\/posts"}],"about":[{"href":"https:\/\/www.brennecke.org\/index.php?rest_route=\/wp\/v2\/types\/post"}],"author":[{"embeddable":true,"href":"https:\/\/www.brennecke.org\/index.php?rest_route=\/wp\/v2\/users\/1"}],"replies":[{"embeddable":true,"href":"https:\/\/www.brennecke.org\/index.php?rest_route=%2Fwp%2Fv2%2Fcomments&post=3155"}],"version-history":[{"count":4,"href":"https:\/\/www.brennecke.org\/index.php?rest_route=\/wp\/v2\/posts\/3155\/revisions"}],"predecessor-version":[{"id":3159,"href":"https:\/\/www.brennecke.org\/index.php?rest_route=\/wp\/v2\/posts\/3155\/revisions\/3159"}],"wp:attachment":[{"href":"https:\/\/www.brennecke.org\/index.php?rest_route=%2Fwp%2Fv2%2Fmedia&parent=3155"}],"wp:term":[{"taxonomy":"category","embeddable":true,"href":"https:\/\/www.brennecke.org\/index.php?rest_route=%2Fwp%2Fv2%2Fcategories&post=3155"},{"taxonomy":"post_tag","embeddable":true,"href":"https:\/\/www.brennecke.org\/index.php?rest_route=%2Fwp%2Fv2%2Ftags&post=3155"}],"curies":[{"name":"wp","href":"https:\/\/api.w.org\/{rel}","templated":true}]}}