{"id":3173,"date":"2014-08-14T10:02:34","date_gmt":"2014-08-14T08:02:34","guid":{"rendered":"http:\/\/www.brennecke.org\/?p=3173"},"modified":"2018-05-14T09:02:54","modified_gmt":"2018-05-14T08:02:54","slug":"was-lupenreine-demokratie-und-staatsterror-gemeinsam-haben","status":"publish","type":"post","link":"https:\/\/www.brennecke.org\/?p=3173","title":{"rendered":"Was lupenreine Demokratie und Staatsterror gemeinsam haben"},"content":{"rendered":"<p>Werte Leserinnen und Leser,<\/p>\n<p>vieles war in den letzten Tagen \u00fcber den gro\u00dfen neuen t\u00fcrkischen <del>Sultan<\/del> Pr\u00e4sidenten Erdogan zu lesen. Wir hatten lange vor den Pr\u00e4sidentschaftswahlen eine ungef\u00e4hre Ahnung, in welche Richtung Erdogan die T\u00fcrkei steuert. Die Demokratie war dabei die bequeme Stra\u00dfenbahn, das ihn zum Ziel brachte, aber nun hei\u00dft es &#8222;Aussteigen&#8220; &#8211; das sind \u00fcbrigens Erdogans eigene Worte am Beginn seiner Politikerkarriere.<\/p>\n<p>Und nun, nach der Wahl, wurden sogleich wieder die Stimmen erhoben, dass wir Europ\u00e4er gef\u00e4lligst unsere eigenen Werte achten sollten und das Ergebnis der demokratischen Wahl respektieren &#8211; wie bei allen Wahlen der letzten Jahre, bei denen rechtsstaatlich fragw\u00fcrdige Kandidaten gewonnen haben.<\/p>\n<p>Nun, wir tun genau dies: Wir halten uns an die Regeln des freiheitlich-demokratischen Rechtsstaats. Wir haben keine Kavallerie in Gang gesetzt, als Orban zum zweiten Mal die Zweidrittelmehrheit der Parlamentssitze gewann (mit weniger als 50% der W\u00e4hlerstimmen). Wir haben viele Jahre zugesehen, wie Berlusconi aus Italien einen Selbstbedienungsladen machte. Und wir werden auch keine Konsequenzen ziehen, blo\u00df weil Erdogan aus der T\u00fcrkei ein muslimisches Kalifat machen wird.<\/p>\n<p>Denn es ist richtig: Demokratie allein sch\u00fctzt nicht vor feindlicher \u00dcbernahme. Die Deutschen haben in der Weimarer Republik selbst erlebt, wie kriminelle Parteien in den St\u00e4dten B\u00fcrgerkriege inszenierten und NSDAP und KPD zusammen 1932 mehr als 50% der Stimmen auf sich vereinen konnten (davon knapp 38% f\u00fcr Hitler).<\/p>\n<p>Was die Demokratie sicher macht, dass sind der freiheitliche Rechtsstaat und die Achtung der Menschenrechte durch die Verfassung. Sie verhindern, dass eine Mehrheitsregierung vergisst, sich um die Minderheiten zu k\u00fcmmern. Wir erleben zwar auch hier, dass Politiker regelm\u00e4\u00dfig ihre eigene Klientel bedienen. Die FDP konnte das fr\u00fcher besonders gut, aber auch die CDU und noch mehr die CSU wissen sehr wohl um die Herrschaft der Stammtische. Deshalb kommen alle Gesetzesangleichungen f\u00fcr Schwule vom Bundesverfassungsgericht &#8211; aber sie kommen! Gesetze, die Minderheiten benachteiligen, h\u00e4tten bei uns keine Chance.<\/p>\n<p>Es wird Zeit, den Begriff der Demokratie zu hinterfragen. Sie galt im griechischen Staat als grausame Staatstheorie &#8211; weil Mehrheiten einfach \u00fcber Minderheiten entscheiden konnten und keine Gerechtigkeit herrschte. Heute verstecken sich die Despoten hinter diesem Begriff: &#8222;Seht her, wir haben Wahlen abgehalten! Das Volk will uns!&#8220;<\/p>\n<p>Aber lupenreine Demokratie ohne Korrektiv kann eben auch Staatsterror sein. Ein Aufschrei ginge durch Deutschland, w\u00fcrde Merkel nach ihrem n\u00e4chsten Wahlsieg ihren politischen Gegnern drohen, sie h\u00e4tten &#8222;Chaos verbreitet&#8220; und &#8222;die Interessen Deutschlands verraten&#8220;. Eine Merkel, die Gabriel in der Elefantenrunde donnert: &#8222;Sie werden daf\u00fcr bezahlen!&#8220; und droht: &#8222;Ab morgen gibt es vielleicht Leute, die fl\u00fcchten werden!&#8220; &#8211; das ist unvorstellbar. Aber <a href=\"http:\/\/www.spiegel.de\/politik\/ausland\/tuerkei-erdogan-erklaert-sich-zum-wahlsieger-und-droht-gegnern-a-961598.html\">Erdogan hat genau das getan<\/a>. Von Orban und Putin sind \u00e4hnliche Drohungen \u00fcberliefert.<\/p>\n<p>Wir k\u00f6nnen derzeit nichts f\u00fcr die Menschen in der T\u00fcrkei tun. Sie haben sich ihren Mann gew\u00e4hlt, und solange er nicht \u00fcbergriffig wird, wird man seine Polterei ebenso tolerieren m\u00fcssen wie die aller anderen Despoten. Auch wenn die CSU nur Populismus betreiben wollte mit ihrer Forderung: ein EU-Beitritt der T\u00fcrkei ist in weiteste Ferne ger\u00fcckt.<\/p>\n<p>Denn wir haben mit Ungarns Orban schon gen\u00fcgend Probleme. Der ist schon Teil der EU, hat aber weitgehend unbeachtet <a href=\"http:\/\/www.zeit.de\/politik\/ausland\/2014-07\/viktor-orban-ungarn-demokratie\">die westliche liberale Demokratie in seinem Land f\u00fcr beendet<\/a> erkl\u00e4rt: &#8222;Die liberale Demokratie ist am Ende. Sie garantiert den ungarischen Familien keinen Wohlstand und keinen Schutz der nationalen Interessen mehr. Der ungarische Staat wird sich nicht weiter an liberale Werte halten&#8220;.<\/p>\n<p>Orban will jetzt dem Vorbild Russlands, Chinas und der T\u00fcrkei folgen. Und sp\u00e4testens dann sollte die EU-Kavallerie reiten &#8211; nicht mit Waffen, sondern auf dem Wege der Sanktionen. Nehmt ihm das EU-F\u00f6rdergeld weg und droht ihm mit Rauswurf! Und lasst ihn und sein Land ziehen, wenn er Ungarn nicht im Sinne der EU-Spielregeln regieren will.<\/p>\n<p>Denn wir halten uns an die Regeln des freiheitlich-demokratischen Rechtsstaats. Auch wenn wir Despoten und andere Durchgeknallte auf h\u00f6chsten Posten ertragen m\u00fcssen.<\/p>\n<p>Es gr\u00fc\u00dft herzlich<\/p>\n<p>Ihr JL7<\/p>\n<div class=\"twoclick_social_bookmarks_post_3173 social_share_privacy clearfix 1.6.4 locale-de_DE sprite-de_DE\"><\/div><div class=\"twoclick-js\"><script type=\"text\/javascript\">\/* <![CDATA[ *\/\njQuery(document).ready(function($){if($('.twoclick_social_bookmarks_post_3173')){$('.twoclick_social_bookmarks_post_3173').socialSharePrivacy({\"services\":{\"facebook\":{\"status\":\"on\",\"txt_info\":\"2 Klicks f\\u00fcr mehr Datenschutz: Erst wenn Sie hier klicken, wird der Button aktiv und Sie k\\u00f6nnen Ihre Empfehlung an Facebook senden. Schon beim Aktivieren werden Daten an Dritte \\u00fcbertragen - siehe <em>i<\\\/em>.\",\"perma_option\":\"off\",\"action\":\"recommend\",\"language\":\"de_DE\"},\"twitter\":{\"reply_to\":\"\",\"tweet_text\":\"%20Was%20lupenreine%20Demokratie%20und%20Staatsterror%20gemeinsam%20haben%20%C2%BB%2053%20Cent%20%23China%20...\",\"status\":\"on\",\"txt_info\":\"2 Klicks f\\u00fcr mehr Datenschutz: Erst wenn Sie hier klicken, wird der Button aktiv und Sie k\\u00f6nnen Ihre Empfehlung an Twitter senden. Schon beim Aktivieren werden Daten an Dritte \\u00fcbertragen - siehe <em>i<\\\/em>.\",\"perma_option\":\"off\",\"language\":\"de\",\"referrer_track\":\"\"},\"gplus\":{\"status\":\"on\",\"txt_info\":\"2 Klicks f\\u00fcr mehr Datenschutz: Erst wenn Sie hier klicken, wird der Button aktiv und Sie k\\u00f6nnen Ihre Empfehlung an Google+ senden. Schon beim Aktivieren werden Daten an Dritte \\u00fcbertragen - siehe <em>i<\\\/em>.\",\"perma_option\":\"off\",\"referrer_track\":\"\"},\"flattr\":{\"uid\":\"\",\"status\":\"on\",\"the_title\":\"Was%20lupenreine%20Demokratie%20und%20Staatsterror%20gemeinsam%20haben\",\"the_excerpt\":\"Werte%20Leserinnen%20und%20Leser%2C%0D%0A%0D%0Avieles%20war%20in%20den%20letzten%20Tagen%20%C3%BCber%20den%20gro%C3%9Fen%20neuen%20t%C3%BCrkischen%20Sultan%20Pr%C3%A4sidenten%20Erdogan%20zu%20lesen.%20Wir%20hatten%20lange%20vor%20den%20Pr%C3%A4sidentschaftswahlen%20eine%20ungef%C3%A4hre%20Ahnung%2C%20in%20welche%20Richtung%20Erdogan%20die%20T%C3%BCrkei%20steuert.%20Die%20Demokratie%20war%20dabei%20die%20bequeme%20Stra%C3%9Fenbahn%2C%20das%20ihn%20zum%20Ziel%20brachte%2C%20aber%20nun%20hei%C3%9Ft%20es%20%22Aussteigen%22%20-%20das%20sind%20%C3%BCbrigens%20Erdogans%20eigene%20Wo%20...\",\"txt_info\":\"2 Klicks f\\u00fcr mehr Datenschutz: Erst wenn Sie hier klicken, wird der Button aktiv und Sie k\\u00f6nnen Ihre Empfehlung an Flattr senden. Schon beim Aktivieren werden Daten an Dritte \\u00fcbertragen - siehe <em>i<\\\/em>.\",\"perma_option\":\"off\"}},\"txt_help\":\"Wenn Sie diese Felder durch einen Klick aktivieren, werden Informationen an Facebook, Twitter, Flattr, Xing, t3n, LinkedIn, Pinterest oder Google eventuell ins Ausland \\u00fcbertragen und unter Umst\\u00e4nden auch dort gespeichert. N\\u00e4heres erfahren Sie durch einen Klick auf das <em>i<\\\/em>.\",\"settings_perma\":\"Dauerhaft aktivieren und Daten\\u00fcber-tragung zustimmen:\",\"info_link\":\"http:\\\/\\\/www.heise.de\\\/ct\\\/artikel\\\/2-Klicks-fuer-mehr-Datenschutz-1333879.html\",\"uri\":\"https:\\\/\\\/www.brennecke.org\\\/?p=3173\",\"post_id\":3173,\"post_title_referrer_track\":\"Was+lupenreine+Demokratie+und+Staatsterror+gemeinsam+haben\",\"display_infobox\":\"on\"});}});\n\/* ]]> *\/<\/script><\/div>","protected":false},"excerpt":{"rendered":"<p>Werte Leserinnen und Leser, vieles war in den letzten Tagen \u00fcber den gro\u00dfen neuen t\u00fcrkischen Sultan Pr\u00e4sidenten Erdogan zu lesen. Wir hatten lange vor den Pr\u00e4sidentschaftswahlen eine ungef\u00e4hre Ahnung, in welche Richtung Erdogan die T\u00fcrkei steuert. Die Demokratie war dabei &hellip; <a href=\"https:\/\/www.brennecke.org\/?p=3173\">Weiterlesen <span class=\"meta-nav\">&rarr;<\/span><\/a><\/p>\n","protected":false},"author":1,"featured_media":0,"comment_status":"closed","ping_status":"open","sticky":false,"template":"","format":"standard","meta":{"footnotes":""},"categories":[1,3],"tags":[48,76,567,628,760,757,759,756,425,84,633,758,755,236],"_links":{"self":[{"href":"https:\/\/www.brennecke.org\/index.php?rest_route=\/wp\/v2\/posts\/3173"}],"collection":[{"href":"https:\/\/www.brennecke.org\/index.php?rest_route=\/wp\/v2\/posts"}],"about":[{"href":"https:\/\/www.brennecke.org\/index.php?rest_route=\/wp\/v2\/types\/post"}],"author":[{"embeddable":true,"href":"https:\/\/www.brennecke.org\/index.php?rest_route=\/wp\/v2\/users\/1"}],"replies":[{"embeddable":true,"href":"https:\/\/www.brennecke.org\/index.php?rest_route=%2Fwp%2Fv2%2Fcomments&post=3173"}],"version-history":[{"count":3,"href":"https:\/\/www.brennecke.org\/index.php?rest_route=\/wp\/v2\/posts\/3173\/revisions"}],"predecessor-version":[{"id":3176,"href":"https:\/\/www.brennecke.org\/index.php?rest_route=\/wp\/v2\/posts\/3173\/revisions\/3176"}],"wp:attachment":[{"href":"https:\/\/www.brennecke.org\/index.php?rest_route=%2Fwp%2Fv2%2Fmedia&parent=3173"}],"wp:term":[{"taxonomy":"category","embeddable":true,"href":"https:\/\/www.brennecke.org\/index.php?rest_route=%2Fwp%2Fv2%2Fcategories&post=3173"},{"taxonomy":"post_tag","embeddable":true,"href":"https:\/\/www.brennecke.org\/index.php?rest_route=%2Fwp%2Fv2%2Ftags&post=3173"}],"curies":[{"name":"wp","href":"https:\/\/api.w.org\/{rel}","templated":true}]}}