{"id":3190,"date":"2014-08-29T08:57:12","date_gmt":"2014-08-29T06:57:12","guid":{"rendered":"http:\/\/www.brennecke.org\/?p=3190"},"modified":"2018-05-14T09:02:54","modified_gmt":"2018-05-14T08:02:54","slug":"uber-und-der-neoliberalismus","status":"publish","type":"post","link":"https:\/\/www.brennecke.org\/?p=3190","title":{"rendered":"Uber und der Neoliberalismus"},"content":{"rendered":"<p>Werte Leserinnen und Leser,<\/p>\n<p>der Kampf um den Taxidienst Uber ist inzwischen vollst\u00e4ndig entbrannt. In Hamburg hat ein Gericht das Verbot von Uber wegen eines Formfehlers aufgehoben, in Berlin macht Uber trotz Verbot erst einmal weiter. Kritik kommt aber nicht nur wegen fehlender Fahrgastversicherungen und &#8222;vergessener&#8220; Versteuerung der Gewinne der neuen Kleinfuhrparkunternehmer, sondern auch wegen des Preismodells von Uber, das in Spitzenzeiten einen bis zu achtmal (8x!) h\u00f6heren Preis erlaubt.<\/p>\n<p>In der <a href=\"http:\/\/www.heise.de\/tr\/artikel\/Warum-Uber-richtig-liegt-2301910.html\">Technology Review<\/a> verteidigt der amerikanische Journalist <a href=\"http:\/\/www.heise.de\/tr\/autor\/James-Surowiecki-2303548.html\" rel=\"author\">James Surowiecki <\/a>dieses Preismodell als \u00f6konomisch richtig und zukunftsorientiert, zumal es nur aus anderen Bereichen bestehende Gesch\u00e4ftsmodelle kopiere: Last-Minute-Pl\u00e4tze im Flugzeug seien teurer, ebenso die Winterkleidung im Fr\u00fchherbst im Vergleich zum April.<\/p>\n<div class=\"bbcode_v1\">\n<p>Mr. Surowiecki hat Recht &#8211; wenn man die Welt allein durch seine neoliberale Brille sieht. Sollen doch die mehr zahlen, die zu Hochlastzeiten ein Taxi benutzen. Jeder kann seine Fahrten optimieren, wenn er nur will.<\/p>\n<p>Wirklich? Taxis geh\u00f6ren nach unserem Verst\u00e4ndnis zum \u00f6ffentlichen Verkehr. Man bekommt eine vorher bekannte Leistung und kann sich auf die Erf\u00fcllung des Vertrags verlassen. Es sind zudem nicht wenige auf Taxidienste angewiesen. Insbesondere \u00e4ltere, gebrechliche Menschen nutzen Taxis (deren Fahrer sie nach vielen Fahrten oft schon pers\u00f6nlich kennen) f\u00fcr Fahrten zu \u00c4rzten oder Hilfseinrichtungen oder einfach nur Orte, die sie zu Fu\u00df nicht mehr erreichen k\u00f6nnen Und die sollen nun also ihr Verhalten optimieren und lieber Termine in der Nacht machen? Es gibt weitere Beispiele derselben Art, z.B. bei Zugversp\u00e4tungen, \u00d6V-Streiks oder wetterbedingten Ausnahmesituationen. An Fahrten auf dem Land mag ich gar nicht denken.<\/p>\n<p>Mr. Surowieckis Vorstellung vom wirtschaftlich entfesselten Taxiverkehr mag f\u00fcr Spa\u00dffahrer, Abend-Ausgeher und Club-Heimkehrer funktionieren &#8211; es zerst\u00f6rt aber die Integration der Taxidienste in eine funktionierende, verl\u00e4ssliche Fahrdienstversorgung. Uber kann nach meinem Verst\u00e4ndnis daher vielleicht eine Erg\u00e4nzung sein &#8211; ein Modell f\u00fcr die Zukunft der Taxidienste ist es mit seiner fehlenden Vertragssicherheit aber nicht. Denn ein solches Modell schreit geradezu nach Alternativen &#8211; und die k\u00f6nnen, wie oben beschrieben, nicht immer nur durch Bus und Bahn geboten werden.<\/p>\n<p>Letztlich wird durch Dienste wie Uber das Taxifahren nicht billiger, sondern teurer. Sollten tats\u00e4chlich irgendwann alle Dienste ein dynamisches Preismodell haben, wird \u00f6ffentlicher Nahverkehr f\u00fcr viele unbezahlbar. Aber bereits vorher leiden die Schw\u00e4chsten unserer Bev\u00f6lkerung.<\/p>\n<p>Wer Uber als leuchtendes Modell f\u00fcr die Zukunft pr\u00e4sentiert, mag seine eigene gute wirtschaftliche Situation vor Augen haben. Einen Blick f\u00fcr die Allgemeinheit und das soziale Miteinander hat er nicht.<\/p>\n<p>Es gr\u00fc\u00dft herzlich<\/p>\n<p>Ihr JeanLuc7<\/p>\n<\/div>\n<p>&nbsp;<\/p>\n<p>&nbsp;<\/p>\n<div class=\"twoclick_social_bookmarks_post_3190 social_share_privacy clearfix 1.6.4 locale-de_DE sprite-de_DE\"><\/div><div class=\"twoclick-js\"><script type=\"text\/javascript\">\/* <![CDATA[ *\/\njQuery(document).ready(function($){if($('.twoclick_social_bookmarks_post_3190')){$('.twoclick_social_bookmarks_post_3190').socialSharePrivacy({\"services\":{\"facebook\":{\"status\":\"on\",\"txt_info\":\"2 Klicks f\\u00fcr mehr Datenschutz: Erst wenn Sie hier klicken, wird der Button aktiv und Sie k\\u00f6nnen Ihre Empfehlung an Facebook senden. Schon beim Aktivieren werden Daten an Dritte \\u00fcbertragen - siehe <em>i<\\\/em>.\",\"perma_option\":\"off\",\"action\":\"recommend\",\"language\":\"de_DE\"},\"twitter\":{\"reply_to\":\"\",\"tweet_text\":\"%20Uber%20und%20der%20Neoliberalismus%20%C2%BB%2053%20Cent%20%23Neoliberalismus%20%23Surowiecki%20%23Taxi%20...\",\"status\":\"on\",\"txt_info\":\"2 Klicks f\\u00fcr mehr Datenschutz: Erst wenn Sie hier klicken, wird der Button aktiv und Sie k\\u00f6nnen Ihre Empfehlung an Twitter senden. Schon beim Aktivieren werden Daten an Dritte \\u00fcbertragen - siehe <em>i<\\\/em>.\",\"perma_option\":\"off\",\"language\":\"de\",\"referrer_track\":\"\"},\"gplus\":{\"status\":\"on\",\"txt_info\":\"2 Klicks f\\u00fcr mehr Datenschutz: Erst wenn Sie hier klicken, wird der Button aktiv und Sie k\\u00f6nnen Ihre Empfehlung an Google+ senden. Schon beim Aktivieren werden Daten an Dritte \\u00fcbertragen - siehe <em>i<\\\/em>.\",\"perma_option\":\"off\",\"referrer_track\":\"\"},\"flattr\":{\"uid\":\"\",\"status\":\"on\",\"the_title\":\"Uber%20und%20der%20Neoliberalismus\",\"the_excerpt\":\"Werte%20Leserinnen%20und%20Leser%2C%0D%0A%0D%0Ader%20Kampf%20um%20den%20Taxidienst%20Uber%20ist%20inzwischen%20vollst%C3%A4ndig%20entbrannt.%20In%20Hamburg%20hat%20ein%20Gericht%20das%20Verbot%20von%20Uber%20wegen%20eines%20Formfehlers%20aufgehoben%2C%20in%20Berlin%20macht%20Uber%20trotz%20Verbot%20erst%20einmal%20weiter.%20Kritik%20kommt%20aber%20nicht%20nur%20wegen%20fehlender%20Fahrgastversicherungen%20und%20%22vergessener%22%20Versteuerung%20der%20Gewinne%20der%20neuen%20Kleinfuhrparkunternehmer%2C%20sondern%20auc%20...\",\"txt_info\":\"2 Klicks f\\u00fcr mehr Datenschutz: Erst wenn Sie hier klicken, wird der Button aktiv und Sie k\\u00f6nnen Ihre Empfehlung an Flattr senden. Schon beim Aktivieren werden Daten an Dritte \\u00fcbertragen - siehe <em>i<\\\/em>.\",\"perma_option\":\"off\"}},\"txt_help\":\"Wenn Sie diese Felder durch einen Klick aktivieren, werden Informationen an Facebook, Twitter, Flattr, Xing, t3n, LinkedIn, Pinterest oder Google eventuell ins Ausland \\u00fcbertragen und unter Umst\\u00e4nden auch dort gespeichert. N\\u00e4heres erfahren Sie durch einen Klick auf das <em>i<\\\/em>.\",\"settings_perma\":\"Dauerhaft aktivieren und Daten\\u00fcber-tragung zustimmen:\",\"info_link\":\"http:\\\/\\\/www.heise.de\\\/ct\\\/artikel\\\/2-Klicks-fuer-mehr-Datenschutz-1333879.html\",\"uri\":\"https:\\\/\\\/www.brennecke.org\\\/?p=3190\",\"post_id\":3190,\"post_title_referrer_track\":\"Uber+und+der+Neoliberalismus\",\"display_infobox\":\"on\"});}});\n\/* ]]> *\/<\/script><\/div>","protected":false},"excerpt":{"rendered":"<p>Werte Leserinnen und Leser, der Kampf um den Taxidienst Uber ist inzwischen vollst\u00e4ndig entbrannt. In Hamburg hat ein Gericht das Verbot von Uber wegen eines Formfehlers aufgehoben, in Berlin macht Uber trotz Verbot erst einmal weiter. Kritik kommt aber nicht &hellip; <a href=\"https:\/\/www.brennecke.org\/?p=3190\">Weiterlesen <span class=\"meta-nav\">&rarr;<\/span><\/a><\/p>\n","protected":false},"author":1,"featured_media":0,"comment_status":"closed","ping_status":"open","sticky":false,"template":"","format":"standard","meta":{"footnotes":""},"categories":[1,676,3],"tags":[778,779,780,781,777],"_links":{"self":[{"href":"https:\/\/www.brennecke.org\/index.php?rest_route=\/wp\/v2\/posts\/3190"}],"collection":[{"href":"https:\/\/www.brennecke.org\/index.php?rest_route=\/wp\/v2\/posts"}],"about":[{"href":"https:\/\/www.brennecke.org\/index.php?rest_route=\/wp\/v2\/types\/post"}],"author":[{"embeddable":true,"href":"https:\/\/www.brennecke.org\/index.php?rest_route=\/wp\/v2\/users\/1"}],"replies":[{"embeddable":true,"href":"https:\/\/www.brennecke.org\/index.php?rest_route=%2Fwp%2Fv2%2Fcomments&post=3190"}],"version-history":[{"count":1,"href":"https:\/\/www.brennecke.org\/index.php?rest_route=\/wp\/v2\/posts\/3190\/revisions"}],"predecessor-version":[{"id":3194,"href":"https:\/\/www.brennecke.org\/index.php?rest_route=\/wp\/v2\/posts\/3190\/revisions\/3194"}],"wp:attachment":[{"href":"https:\/\/www.brennecke.org\/index.php?rest_route=%2Fwp%2Fv2%2Fmedia&parent=3190"}],"wp:term":[{"taxonomy":"category","embeddable":true,"href":"https:\/\/www.brennecke.org\/index.php?rest_route=%2Fwp%2Fv2%2Fcategories&post=3190"},{"taxonomy":"post_tag","embeddable":true,"href":"https:\/\/www.brennecke.org\/index.php?rest_route=%2Fwp%2Fv2%2Ftags&post=3190"}],"curies":[{"name":"wp","href":"https:\/\/api.w.org\/{rel}","templated":true}]}}