{"id":3243,"date":"2014-10-11T14:26:40","date_gmt":"2014-10-11T12:26:40","guid":{"rendered":"http:\/\/www.brennecke.org\/?p=3243"},"modified":"2018-05-14T09:02:54","modified_gmt":"2018-05-14T08:02:54","slug":"hodor-oder-der-beissreflex-der-cducsu","status":"publish","type":"post","link":"https:\/\/www.brennecke.org\/?p=3243","title":{"rendered":"Hodor! oder der Bei\u00dfreflex der CDU\/CSU"},"content":{"rendered":"<p>Werte Leserinnen und Leser,<\/p>\n<p>Derzeit f\u00fchren unsere Innenpolitiker und -experten wieder einmal vor, dass unsere bunte (und heute gerade reichlich grau-bew\u00f6lkte) Welt doch auch ganz simpel schwarz-wei\u00df gesehen werden kann. Denn wieder einmal wird die Welt durch Terroristen bedroht. Die Salafisten patrouillieren in Wuppertal und pr\u00fcgeln sich in Celle und Hamburg, und wom\u00f6glich sind bereits R\u00fcckkehrer aus dem Irak unterwegs, um uns mit mitgebrachten Panzerf\u00e4usten zu zeigen, wie man dort Staat macht.<\/p>\n<p>Ganz gleich, wie man zu dieser &#8222;Bedrohung&#8220; nun stehen mag &#8211; die Innenexperten der CDU\/CSU haben bereits ihre geliebte Antwort aus der Mottenkiste gezogen: &#8222;Sicherheitsgesetze versch\u00e4rfen!&#8220;<\/p>\n<p>Selbst wenn man unterstellt, dass die &#8222;Experten&#8220; garantiert keine Hintergedanken haben und die geforderte Wiedereinf\u00fchrung der Vorratsdatenspeicherung nur dem Kampf gegen den islamistischen Terrorismus dienen soll, so sollten diese Experten aber l\u00e4ngst wissen, dass gerade islamistische Terroristen nicht einmal durch die Todesstrafe von ihrem Vorhaben abgehalten werden k\u00f6nnen. Schlie\u00dflich warten im Paradies ja jene 72 Jungfrauen auf jeden M\u00e4rtyrer.<\/p>\n<p>Ich kann daher den Experten nur raten, ihren Schlachtruf zu \u00e4ndern. &#8222;Sch\u00fctzt unsere Jungfrauen&#8220;! muss es hei\u00dfen &#8211; denn ohne Jungfrauen ist der M\u00e4rtyrertod f\u00fcr die meisten so witzlos wie die t\u00e4gliche Dusche in der Strafvollzugsanstalt.<\/p>\n<p>Aber vielleicht gen\u00fcgt es auch zu verstehen, dass unser Strafrecht geschaffen ist f\u00fcr jene, die hier leben wollen. Terroristen lassen sich weder durch h\u00e4rtere Strafen aufhalten noch durch Denkverbote, wie sie in der CDU gerade gefordert werden. Ihnen die Meinungsfreiheit zu opfern, hie\u00dfe, sie ohne Kampf gewinnen zu lassen.<\/p>\n<p>Es gr\u00fc\u00dft herzlich<\/p>\n<p>Ihr JeanLuc7<\/p>\n<p>P.S. F\u00fcr alle Nichteingeweihten: Das Wort &#8222;Hodor&#8220; bezeichnet einen Nebencharakter aus der Roman- und Filmreihe &#8222;Game of Thrones&#8220;. Dieser beherrscht in allen Lebenslagen nur ein Wort: &#8222;Hodor&#8220; &#8211; daher hei\u00dft er praktischerweise auch so.<\/p>\n<div class=\"twoclick_social_bookmarks_post_3243 social_share_privacy clearfix 1.6.4 locale-de_DE sprite-de_DE\"><\/div><div class=\"twoclick-js\"><script type=\"text\/javascript\">\/* <![CDATA[ *\/\njQuery(document).ready(function($){if($('.twoclick_social_bookmarks_post_3243')){$('.twoclick_social_bookmarks_post_3243').socialSharePrivacy({\"services\":{\"facebook\":{\"status\":\"on\",\"txt_info\":\"2 Klicks f\\u00fcr mehr Datenschutz: Erst wenn Sie hier klicken, wird der Button aktiv und Sie k\\u00f6nnen Ihre Empfehlung an Facebook senden. Schon beim Aktivieren werden Daten an Dritte \\u00fcbertragen - siehe <em>i<\\\/em>.\",\"perma_option\":\"off\",\"action\":\"recommend\",\"language\":\"de_DE\"},\"twitter\":{\"reply_to\":\"\",\"tweet_text\":\"%20Hodor%21%20oder%20der%20Bei%C3%9Freflex%20der%20CDU%2FCSU%20%C2%BB%2053%20Cent%20%23CDU%20%23Hodor%20...\",\"status\":\"on\",\"txt_info\":\"2 Klicks f\\u00fcr mehr Datenschutz: Erst wenn Sie hier klicken, wird der Button aktiv und Sie k\\u00f6nnen Ihre Empfehlung an Twitter senden. Schon beim Aktivieren werden Daten an Dritte \\u00fcbertragen - siehe <em>i<\\\/em>.\",\"perma_option\":\"off\",\"language\":\"de\",\"referrer_track\":\"\"},\"gplus\":{\"status\":\"on\",\"txt_info\":\"2 Klicks f\\u00fcr mehr Datenschutz: Erst wenn Sie hier klicken, wird der Button aktiv und Sie k\\u00f6nnen Ihre Empfehlung an Google+ senden. Schon beim Aktivieren werden Daten an Dritte \\u00fcbertragen - siehe <em>i<\\\/em>.\",\"perma_option\":\"off\",\"referrer_track\":\"\"},\"flattr\":{\"uid\":\"\",\"status\":\"on\",\"the_title\":\"Hodor%21%20oder%20der%20Bei%C3%9Freflex%20der%20CDU%2FCSU\",\"the_excerpt\":\"Werte%20Leserinnen%20und%20Leser%2C%0D%0A%0D%0ADerzeit%20f%C3%BChren%20unsere%20Innenpolitiker%20und%20-experten%20wieder%20einmal%20vor%2C%20dass%20unsere%20bunte%20%28und%20heute%20gerade%20reichlich%20grau-bew%C3%B6lkte%29%20Welt%20doch%20auch%20ganz%20simpel%20schwarz-wei%C3%9F%20gesehen%20werden%20kann.%20Denn%20wieder%20einmal%20wird%20die%20Welt%20durch%20Terroristen%20bedroht.%20Die%20Salafisten%20patrouillieren%20in%20Wuppertal%20und%20pr%C3%BCgeln%20sich%20in%20Celle%20und%20Hamburg%2C%20und%20wom%C3%B6glich%20sind%20bereits%20R%C3%BCck%20...\",\"txt_info\":\"2 Klicks f\\u00fcr mehr Datenschutz: Erst wenn Sie hier klicken, wird der Button aktiv und Sie k\\u00f6nnen Ihre Empfehlung an Flattr senden. Schon beim Aktivieren werden Daten an Dritte \\u00fcbertragen - siehe <em>i<\\\/em>.\",\"perma_option\":\"off\"}},\"txt_help\":\"Wenn Sie diese Felder durch einen Klick aktivieren, werden Informationen an Facebook, Twitter, Flattr, Xing, t3n, LinkedIn, Pinterest oder Google eventuell ins Ausland \\u00fcbertragen und unter Umst\\u00e4nden auch dort gespeichert. N\\u00e4heres erfahren Sie durch einen Klick auf das <em>i<\\\/em>.\",\"settings_perma\":\"Dauerhaft aktivieren und Daten\\u00fcber-tragung zustimmen:\",\"info_link\":\"http:\\\/\\\/www.heise.de\\\/ct\\\/artikel\\\/2-Klicks-fuer-mehr-Datenschutz-1333879.html\",\"uri\":\"https:\\\/\\\/www.brennecke.org\\\/?p=3243\",\"post_id\":3243,\"post_title_referrer_track\":\"Hodor%21+oder+der+Bei%C3%9Freflex+der+CDU%2FCSU\",\"display_infobox\":\"on\"});}});\n\/* ]]> *\/<\/script><\/div>","protected":false},"excerpt":{"rendered":"<p>Werte Leserinnen und Leser, Derzeit f\u00fchren unsere Innenpolitiker und -experten wieder einmal vor, dass unsere bunte (und heute gerade reichlich grau-bew\u00f6lkte) Welt doch auch ganz simpel schwarz-wei\u00df gesehen werden kann. Denn wieder einmal wird die Welt durch Terroristen bedroht. Die &hellip; <a href=\"https:\/\/www.brennecke.org\/?p=3243\">Weiterlesen <span class=\"meta-nav\">&rarr;<\/span><\/a><\/p>\n","protected":false},"author":1,"featured_media":0,"comment_status":"closed","ping_status":"open","sticky":false,"template":"","format":"standard","meta":{"footnotes":""},"categories":[1,3],"tags":[55,784,783,782,168],"_links":{"self":[{"href":"https:\/\/www.brennecke.org\/index.php?rest_route=\/wp\/v2\/posts\/3243"}],"collection":[{"href":"https:\/\/www.brennecke.org\/index.php?rest_route=\/wp\/v2\/posts"}],"about":[{"href":"https:\/\/www.brennecke.org\/index.php?rest_route=\/wp\/v2\/types\/post"}],"author":[{"embeddable":true,"href":"https:\/\/www.brennecke.org\/index.php?rest_route=\/wp\/v2\/users\/1"}],"replies":[{"embeddable":true,"href":"https:\/\/www.brennecke.org\/index.php?rest_route=%2Fwp%2Fv2%2Fcomments&post=3243"}],"version-history":[{"count":2,"href":"https:\/\/www.brennecke.org\/index.php?rest_route=\/wp\/v2\/posts\/3243\/revisions"}],"predecessor-version":[{"id":3249,"href":"https:\/\/www.brennecke.org\/index.php?rest_route=\/wp\/v2\/posts\/3243\/revisions\/3249"}],"wp:attachment":[{"href":"https:\/\/www.brennecke.org\/index.php?rest_route=%2Fwp%2Fv2%2Fmedia&parent=3243"}],"wp:term":[{"taxonomy":"category","embeddable":true,"href":"https:\/\/www.brennecke.org\/index.php?rest_route=%2Fwp%2Fv2%2Fcategories&post=3243"},{"taxonomy":"post_tag","embeddable":true,"href":"https:\/\/www.brennecke.org\/index.php?rest_route=%2Fwp%2Fv2%2Ftags&post=3243"}],"curies":[{"name":"wp","href":"https:\/\/api.w.org\/{rel}","templated":true}]}}