{"id":3245,"date":"2014-10-11T15:14:20","date_gmt":"2014-10-11T13:14:20","guid":{"rendered":"http:\/\/www.brennecke.org\/?p=3245"},"modified":"2018-05-14T09:02:54","modified_gmt":"2018-05-14T08:02:54","slug":"kein-kampf-um-kobane","status":"publish","type":"post","link":"https:\/\/www.brennecke.org\/?p=3245","title":{"rendered":"Kein Kampf um Kobane"},"content":{"rendered":"<p>Werte Leserinnen und Leser,<\/p>\n<p>Der IS muss unbedingt bek\u00e4mpft werden! Es scheint, als seien sich die Leitmedien sehr einig, wenn es darum geht, diese Terrorgruppe vom Erdboden zu tilgen. Man w\u00e4hnt sich geradezu in einem Film und wartet nun auf den Einsatz der ultimativen Waffe, die die Feinde zur Vernunft (oder zu ihrem Gott) bringt und wieder Ruhe schafft.<\/p>\n<p>Einmal abgesehen davon, dass die Welt ein wenig anders tickt als die Blockbuster-Alien-Filme Hollywoods: die Einigkeit endet, wenn die logische zweite Frage gestellt wird: Wer soll es denn machen?<\/p>\n<ul>\n<li>Die Amerikaner? Das ist angesichts der Erfolge der USA im Irak in den letzten 10 Jahren wirklich eine ausgezeichnete Idee. Fehlt nur noch, dass jemand den Einsatz der Reagan-Neutronenbombe fordert, damit wenigstens die besetzten St\u00e4dte, D\u00f6rfer und H\u00fctten heil bleiben. Aber selbst<a href=\"http:\/\/www.pi-news.net\/2014\/10\/das-problem-isis-waere-in-14-tagen-loesbar\/\"> das wurde bereits gefordert<\/a>.<\/li>\n<li>Die T\u00fcrken? Die haben IS mit aufgebaut und warten derzeit, bis diese Terrorbande ihnen das Kurdenproblem gel\u00f6st hat. Was dann geschieht, steht in den Sternen. Vielleicht ruft Erdogan ja den B\u00fcndnisfall der NATO aus?<\/li>\n<li>Die Deutschen? Die haben in Afghanistan schon Pr\u00fcgel bezogen, und nach neusten Erkenntnissen fliegen die Hubschrauber der Bundeswehr nicht mehr weiter als 100 km, ohne <a href=\"http:\/\/www.spiegel.de\/politik\/deutschland\/bundeswehr-marine-hubschrauber-muessen-am-boden-bleiben-a-992961.html\">repariert werden zu m\u00fcssen<\/a>.<\/li>\n<\/ul>\n<p>Wie die aktuelle Lage zeigt, traut sich die USA-Koalition nicht auf den Boden des Irak; den Kampf m\u00fcssen die dortigen Kurden selbst leisten. Daf\u00fcr bekommen sie Waffen, sogar welche aus Deutschland mit pers\u00f6nlicher Widmung von Herrn Gabriel. Und so zeigt sich, dass die Politiker anders als die Leitartikler eher zum Sankt-Florians-Prinzip neigen: &#8222;Verschon&#8216; mein Haus, z\u00fcnd&#8216; andre an&#8220;.<\/p>\n<p>Und diese Beurteilung der Lage im Irak ist durchaus berechtigt. Der IS mag prima geeignet sein, neue Waffen ausprobieren zu lassen und die westliche Bev\u00f6lkerung in Angst und Schrecken vor den b\u00f6sen Dschihadisten-R\u00fcckkehrern zu versetzen, aber die eigenen Soldaten wird dort niemand verheizen. Viel zu unsicher ist die Beurteilung, welchen R\u00fcckhalt IS bei der Bev\u00f6lkerung hat. Viele Sunniten arrangieren sich mit den strengen und f\u00fcr uns archaischen Scharia-Gesetzen &#8211; denn wenigstens herrscht damit wieder eine gewisse Ordnung und kein von Warlords verordnetes Chaos. Wir kennen das Muster bereits von den Katholiken vor 75 Jahren.<\/p>\n<p>Also wird man IS letztlich sich selbst \u00fcberlassen und abwarten. Die arabische Welt wird auf lange Zeit besch\u00e4ftigt sein, mit dem Problem fertig zu werden &#8211; kommen doch Gelder f\u00fcr den IS auch aus Saudi-Arabien und Katar. Katar, das ist \u00fcbrigens der kleine Staat, der 2015 die Handball- und 2022 die Fu\u00dfball-WM ausrichten m\u00f6chte. Und solange es schwache arabische Grenzen gibt, sind jene der T\u00fcrkei und der EU sicher &#8211; auf sehr lange Zeit.<\/p>\n<p>&#8222;Aber die R\u00fcckkehrer!&#8220; Keine Angst &#8211; mit 200 b\u00e4rtigen, fehlgeleiteten Muslimen werden wir schon fertig &#8211; wenn sie denn \u00fcberhaupt zur\u00fcck kommen. Denn wie es scheint, hat IS eine ganz spezielle Verwendung f\u00fcr die unausgebildeten, verw\u00f6hnten missgelaunten Jungs aus dem Westen gefunden: als Selbstmordattent\u00e4ter mit einer Fahrkarte direkt ins Paradies. Und f\u00fcr ihre Wiederauferstehung ist der Islam nicht zust\u00e4ndig.<\/p>\n<p>Es gr\u00fc\u00dft herzlich<\/p>\n<p>Ihr JeanLuc7<\/p>\n<p>&nbsp;<\/p>\n<p>&nbsp;<\/p>\n<div class=\"twoclick_social_bookmarks_post_3245 social_share_privacy clearfix 1.6.4 locale-de_DE sprite-de_DE\"><\/div><div class=\"twoclick-js\"><script type=\"text\/javascript\">\/* <![CDATA[ *\/\njQuery(document).ready(function($){if($('.twoclick_social_bookmarks_post_3245')){$('.twoclick_social_bookmarks_post_3245').socialSharePrivacy({\"services\":{\"facebook\":{\"status\":\"on\",\"txt_info\":\"2 Klicks f\\u00fcr mehr Datenschutz: Erst wenn Sie hier klicken, wird der Button aktiv und Sie k\\u00f6nnen Ihre Empfehlung an Facebook senden. Schon beim Aktivieren werden Daten an Dritte \\u00fcbertragen - siehe <em>i<\\\/em>.\",\"perma_option\":\"off\",\"action\":\"recommend\",\"language\":\"de_DE\"},\"twitter\":{\"reply_to\":\"\",\"tweet_text\":\"%20Kein%20Kampf%20um%20Kobane%20%C2%BB%2053%20Cent%20%23Dschihadisten%20%23Erdogan%20%23IS%20%23Katar%20...\",\"status\":\"on\",\"txt_info\":\"2 Klicks f\\u00fcr mehr Datenschutz: Erst wenn Sie hier klicken, wird der Button aktiv und Sie k\\u00f6nnen Ihre Empfehlung an Twitter senden. Schon beim Aktivieren werden Daten an Dritte \\u00fcbertragen - siehe <em>i<\\\/em>.\",\"perma_option\":\"off\",\"language\":\"de\",\"referrer_track\":\"\"},\"gplus\":{\"status\":\"on\",\"txt_info\":\"2 Klicks f\\u00fcr mehr Datenschutz: Erst wenn Sie hier klicken, wird der Button aktiv und Sie k\\u00f6nnen Ihre Empfehlung an Google+ senden. Schon beim Aktivieren werden Daten an Dritte \\u00fcbertragen - siehe <em>i<\\\/em>.\",\"perma_option\":\"off\",\"referrer_track\":\"\"},\"flattr\":{\"uid\":\"\",\"status\":\"on\",\"the_title\":\"Kein%20Kampf%20um%20Kobane\",\"the_excerpt\":\"Werte%20Leserinnen%20und%20Leser%2C%0D%0A%0D%0ADer%20IS%20muss%20unbedingt%20bek%C3%A4mpft%20werden%21%20Es%20scheint%2C%20als%20seien%20sich%20die%20Leitmedien%20sehr%20einig%2C%20wenn%20es%20darum%20geht%2C%20diese%20Terrorgruppe%20vom%20Erdboden%20zu%20tilgen.%20Man%20w%C3%A4hnt%20sich%20geradezu%20in%20einem%20Film%20und%20wartet%20nun%20auf%20den%20Einsatz%20der%20ultimativen%20Waffe%2C%20die%20die%20Feinde%20zur%20Vernunft%20%28oder%20zu%20ihrem%20Gott%29%20bringt%20und%20wieder%20Ruhe%20schafft.%0D%0A%0D%0AEinmal%20abgesehen%20davon%2C%20dass%20die%20%20...\",\"txt_info\":\"2 Klicks f\\u00fcr mehr Datenschutz: Erst wenn Sie hier klicken, wird der Button aktiv und Sie k\\u00f6nnen Ihre Empfehlung an Flattr senden. Schon beim Aktivieren werden Daten an Dritte \\u00fcbertragen - siehe <em>i<\\\/em>.\",\"perma_option\":\"off\"}},\"txt_help\":\"Wenn Sie diese Felder durch einen Klick aktivieren, werden Informationen an Facebook, Twitter, Flattr, Xing, t3n, LinkedIn, Pinterest oder Google eventuell ins Ausland \\u00fcbertragen und unter Umst\\u00e4nden auch dort gespeichert. N\\u00e4heres erfahren Sie durch einen Klick auf das <em>i<\\\/em>.\",\"settings_perma\":\"Dauerhaft aktivieren und Daten\\u00fcber-tragung zustimmen:\",\"info_link\":\"http:\\\/\\\/www.heise.de\\\/ct\\\/artikel\\\/2-Klicks-fuer-mehr-Datenschutz-1333879.html\",\"uri\":\"https:\\\/\\\/www.brennecke.org\\\/?p=3245\",\"post_id\":3245,\"post_title_referrer_track\":\"Kein+Kampf+um+Kobane\",\"display_infobox\":\"on\"});}});\n\/* ]]> *\/<\/script><\/div>","protected":false},"excerpt":{"rendered":"<p>Werte Leserinnen und Leser, Der IS muss unbedingt bek\u00e4mpft werden! Es scheint, als seien sich die Leitmedien sehr einig, wenn es darum geht, diese Terrorgruppe vom Erdboden zu tilgen. Man w\u00e4hnt sich geradezu in einem Film und wartet nun auf &hellip; <a href=\"https:\/\/www.brennecke.org\/?p=3245\">Weiterlesen <span class=\"meta-nav\">&rarr;<\/span><\/a><\/p>\n","protected":false},"author":1,"featured_media":0,"comment_status":"closed","ping_status":"open","sticky":false,"template":"","format":"standard","meta":{"footnotes":""},"categories":[1,3],"tags":[790,567,785,787,792,789,788,650,786,791,611],"_links":{"self":[{"href":"https:\/\/www.brennecke.org\/index.php?rest_route=\/wp\/v2\/posts\/3245"}],"collection":[{"href":"https:\/\/www.brennecke.org\/index.php?rest_route=\/wp\/v2\/posts"}],"about":[{"href":"https:\/\/www.brennecke.org\/index.php?rest_route=\/wp\/v2\/types\/post"}],"author":[{"embeddable":true,"href":"https:\/\/www.brennecke.org\/index.php?rest_route=\/wp\/v2\/users\/1"}],"replies":[{"embeddable":true,"href":"https:\/\/www.brennecke.org\/index.php?rest_route=%2Fwp%2Fv2%2Fcomments&post=3245"}],"version-history":[{"count":1,"href":"https:\/\/www.brennecke.org\/index.php?rest_route=\/wp\/v2\/posts\/3245\/revisions"}],"predecessor-version":[{"id":3246,"href":"https:\/\/www.brennecke.org\/index.php?rest_route=\/wp\/v2\/posts\/3245\/revisions\/3246"}],"wp:attachment":[{"href":"https:\/\/www.brennecke.org\/index.php?rest_route=%2Fwp%2Fv2%2Fmedia&parent=3245"}],"wp:term":[{"taxonomy":"category","embeddable":true,"href":"https:\/\/www.brennecke.org\/index.php?rest_route=%2Fwp%2Fv2%2Fcategories&post=3245"},{"taxonomy":"post_tag","embeddable":true,"href":"https:\/\/www.brennecke.org\/index.php?rest_route=%2Fwp%2Fv2%2Ftags&post=3245"}],"curies":[{"name":"wp","href":"https:\/\/api.w.org\/{rel}","templated":true}]}}