{"id":3255,"date":"2014-10-11T17:08:06","date_gmt":"2014-10-11T15:08:06","guid":{"rendered":"http:\/\/www.brennecke.org\/?p=3255"},"modified":"2018-05-14T09:02:54","modified_gmt":"2018-05-14T08:02:54","slug":"von-guten-und-schlechten-russen","status":"publish","type":"post","link":"https:\/\/www.brennecke.org\/?p=3255","title":{"rendered":"Von guten und schlechten Russen"},"content":{"rendered":"<p>Werte Leserinnen und Leser,<\/p>\n<p>die Berichterstattung unserer Medien ist in den letzten Monaten um eine Grauzone \u00e4rmer geworden, denn nach vielem, was man uns lesen l\u00e4sst, ist der Kalte Krieg zwischen Russland und dem Westen wieder da. Klare Fronten wie in den 80ern! Ein Fest f\u00fcr die alten Herren der AfD, sollte man glauben.<\/p>\n<p>Leider wird aber die scharfe Abgernzung zwischen guter Ukraine hier und schlechtem Russland dort ohne die Kombattanden vor Ort gemacht. Denn dort finden wir rechtsextreme pro-russische Milizen auf und rechtsextreme pro-ukrainische Milizen, die Gr\u00e4ueltaten begehen und offenbar nicht steuerbar sind. Beide sollten nicht auf unserer Freundesliste stehen.<\/p>\n<p>W\u00e4hrend aber gegen Putin und die pro-russischen Milizen klar Stellung bezogen wird, schweigt man die Probleme auf der scheinbar &#8222;westlichen&#8220; Seite des Konflikts bestenfalls tot oder besch\u00f6nigt sie gar. Die ARD-Redakteure haben deshalb einen <a href=\"http:\/\/kreidfeuer.wordpress.com\/2014\/09\/18\/rueffel-fuer-ard-wegen-ukraine-berichterstattung\/\">R\u00fcffel<\/a> erhalten, und die ZEIT-Redakteure <a href=\"http:\/\/www.heise.de\/tp\/news\/Josef-Joffe-und-Jochen-Bittner-scheitern-gegen-Die-Anstalt-ZDF-2412331.html\">Joffe und Bittner bem\u00fchten gar ein Gericht<\/a>, um den Kollegen beim ZDF verbieten zu lassen, sie als USA-Lobbyisten zu outen, w\u00e4hrend sie gleichzeitig lautstark ein milit\u00e4risches Eingreifen in der Ukraine fordern.<\/p>\n<p>Leider ist in der Ukraine gar nicht klar, wer die Guten und wer die B\u00f6sen sind. Im Gegenteil geht es wohl eher allen um ein gr\u00f6\u00dferes St\u00fcck vom Kuchen, von dem man annimmt, dass er zu verteilen sei. Tendenziell sind daher alle eher weniger gut &#8211; wie \u00fcberall auf der Welt.<\/p>\n<p>Weil aber nun die Berichterstatter lieber \u00fcber die guten Ukrainer und die b\u00f6sen Russen schreiben, bleibt es leider Ihnen, liebe Leser, \u00fcberlassen, aus den vorhandenen Informationen jene herauszusuchen, die die Lage in einem einigerma\u00dfen wahrheitsgem\u00e4\u00dfen Licht erscheinen lassen. Vergessen Sie alle Artikel, die ein milit\u00e4risches Eingreifen fordern, direkt nach dem Lesen. Ignorieren Sie alle Artikel von Josef Joffe oder Jochen Bittner \u00fcber Russland und die Ukraine (und vielleicht auch alle anderen Artikel der beiden). Und machen Sie einen gro\u00dfen Bogen um Foren, in denen \u00fcber Russland diskutiert wird. Dort herrschen inzwischen Putins Medienprofis.<\/p>\n<p>Es ist wie mit der Zauberei &#8211; was wir sehen, verdeckt den eigentlichen Trick, das, was wir nicht sehen sollen. Das gerade verhandelte EU-amerikanische Handelsabkommen TTIP ist so eine Hintergrundaktion &#8211; denn ist es nicht besser, sich n\u00e4her an die USA anzuschlie\u00dfen, wenn doch Russland uns das Gas abzudrehen droht? Oder ist es nicht vielleicht andersherum und gar kein Zufall, dass ausgerechnet <a href=\"http:\/\/www.zeit.de\/2014\/41\/zeitgeist-ttip\">TTIP-Fans wie Josef Joffe<\/a> im Ukraine-Konflikt <a href=\"http:\/\/www.zeit.de\/2014\/15\/russland-krim-voelkerrecht-geschichte\">eine klare Position beziehen<\/a>?<\/p>\n<p>Es gr\u00fc\u00dft herzlich<\/p>\n<p>Ihr JL7<\/p>\n<p>&nbsp;<\/p>\n<div class=\"twoclick_social_bookmarks_post_3255 social_share_privacy clearfix 1.6.4 locale-de_DE sprite-de_DE\"><\/div><div class=\"twoclick-js\"><script type=\"text\/javascript\">\/* <![CDATA[ *\/\njQuery(document).ready(function($){if($('.twoclick_social_bookmarks_post_3255')){$('.twoclick_social_bookmarks_post_3255').socialSharePrivacy({\"services\":{\"facebook\":{\"status\":\"on\",\"txt_info\":\"2 Klicks f\\u00fcr mehr Datenschutz: Erst wenn Sie hier klicken, wird der Button aktiv und Sie k\\u00f6nnen Ihre Empfehlung an Facebook senden. Schon beim Aktivieren werden Daten an Dritte \\u00fcbertragen - siehe <em>i<\\\/em>.\",\"perma_option\":\"off\",\"action\":\"recommend\",\"language\":\"de_DE\"},\"twitter\":{\"reply_to\":\"\",\"tweet_text\":\"%20Von%20guten%20und%20schlechten%20Russen%20%C2%BB%2053%20Cent%20%23Bittner%20%23Joffe%20%23Putin%20...\",\"status\":\"on\",\"txt_info\":\"2 Klicks f\\u00fcr mehr Datenschutz: Erst wenn Sie hier klicken, wird der Button aktiv und Sie k\\u00f6nnen Ihre Empfehlung an Twitter senden. Schon beim Aktivieren werden Daten an Dritte \\u00fcbertragen - siehe <em>i<\\\/em>.\",\"perma_option\":\"off\",\"language\":\"de\",\"referrer_track\":\"\"},\"gplus\":{\"status\":\"on\",\"txt_info\":\"2 Klicks f\\u00fcr mehr Datenschutz: Erst wenn Sie hier klicken, wird der Button aktiv und Sie k\\u00f6nnen Ihre Empfehlung an Google+ senden. Schon beim Aktivieren werden Daten an Dritte \\u00fcbertragen - siehe <em>i<\\\/em>.\",\"perma_option\":\"off\",\"referrer_track\":\"\"},\"flattr\":{\"uid\":\"\",\"status\":\"on\",\"the_title\":\"Von%20guten%20und%20schlechten%20Russen\",\"the_excerpt\":\"Werte%20Leserinnen%20und%20Leser%2C%0D%0A%0D%0Adie%20Berichterstattung%20unserer%20Medien%20ist%20in%20den%20letzten%20Monaten%20um%20eine%20Grauzone%20%C3%A4rmer%20geworden%2C%20denn%20nach%20vielem%2C%20was%20man%20uns%20lesen%20l%C3%A4sst%2C%20ist%20der%20Kalte%20Krieg%20zwischen%20Russland%20und%20dem%20Westen%20wieder%20da.%20Klare%20Fronten%20wie%20in%20den%2080ern%21%20Ein%20Fest%20f%C3%BCr%20die%20alten%20Herren%20der%20AfD%2C%20sollte%20man%20glauben.%0D%0A%0D%0ALeider%20wird%20aber%20die%20scharfe%20Abgernzung%20zwischen%20guter%20Ukraine%20hier%20...\",\"txt_info\":\"2 Klicks f\\u00fcr mehr Datenschutz: Erst wenn Sie hier klicken, wird der Button aktiv und Sie k\\u00f6nnen Ihre Empfehlung an Flattr senden. Schon beim Aktivieren werden Daten an Dritte \\u00fcbertragen - siehe <em>i<\\\/em>.\",\"perma_option\":\"off\"}},\"txt_help\":\"Wenn Sie diese Felder durch einen Klick aktivieren, werden Informationen an Facebook, Twitter, Flattr, Xing, t3n, LinkedIn, Pinterest oder Google eventuell ins Ausland \\u00fcbertragen und unter Umst\\u00e4nden auch dort gespeichert. N\\u00e4heres erfahren Sie durch einen Klick auf das <em>i<\\\/em>.\",\"settings_perma\":\"Dauerhaft aktivieren und Daten\\u00fcber-tragung zustimmen:\",\"info_link\":\"http:\\\/\\\/www.heise.de\\\/ct\\\/artikel\\\/2-Klicks-fuer-mehr-Datenschutz-1333879.html\",\"uri\":\"https:\\\/\\\/www.brennecke.org\\\/?p=3255\",\"post_id\":3255,\"post_title_referrer_track\":\"Von+guten+und+schlechten+Russen\",\"display_infobox\":\"on\"});}});\n\/* ]]> *\/<\/script><\/div>","protected":false},"excerpt":{"rendered":"<p>Werte Leserinnen und Leser, die Berichterstattung unserer Medien ist in den letzten Monaten um eine Grauzone \u00e4rmer geworden, denn nach vielem, was man uns lesen l\u00e4sst, ist der Kalte Krieg zwischen Russland und dem Westen wieder da. Klare Fronten wie &hellip; <a href=\"https:\/\/www.brennecke.org\/?p=3255\">Weiterlesen <span class=\"meta-nav\">&rarr;<\/span><\/a><\/p>\n","protected":false},"author":1,"featured_media":0,"comment_status":"closed","ping_status":"open","sticky":false,"template":"","format":"standard","meta":{"footnotes":""},"categories":[1,3],"tags":[795,794,425,633,797,796],"_links":{"self":[{"href":"https:\/\/www.brennecke.org\/index.php?rest_route=\/wp\/v2\/posts\/3255"}],"collection":[{"href":"https:\/\/www.brennecke.org\/index.php?rest_route=\/wp\/v2\/posts"}],"about":[{"href":"https:\/\/www.brennecke.org\/index.php?rest_route=\/wp\/v2\/types\/post"}],"author":[{"embeddable":true,"href":"https:\/\/www.brennecke.org\/index.php?rest_route=\/wp\/v2\/users\/1"}],"replies":[{"embeddable":true,"href":"https:\/\/www.brennecke.org\/index.php?rest_route=%2Fwp%2Fv2%2Fcomments&post=3255"}],"version-history":[{"count":1,"href":"https:\/\/www.brennecke.org\/index.php?rest_route=\/wp\/v2\/posts\/3255\/revisions"}],"predecessor-version":[{"id":3256,"href":"https:\/\/www.brennecke.org\/index.php?rest_route=\/wp\/v2\/posts\/3255\/revisions\/3256"}],"wp:attachment":[{"href":"https:\/\/www.brennecke.org\/index.php?rest_route=%2Fwp%2Fv2%2Fmedia&parent=3255"}],"wp:term":[{"taxonomy":"category","embeddable":true,"href":"https:\/\/www.brennecke.org\/index.php?rest_route=%2Fwp%2Fv2%2Fcategories&post=3255"},{"taxonomy":"post_tag","embeddable":true,"href":"https:\/\/www.brennecke.org\/index.php?rest_route=%2Fwp%2Fv2%2Ftags&post=3255"}],"curies":[{"name":"wp","href":"https:\/\/api.w.org\/{rel}","templated":true}]}}