{"id":3257,"date":"2014-10-18T09:58:15","date_gmt":"2014-10-18T07:58:15","guid":{"rendered":"http:\/\/www.brennecke.org\/?p=3257"},"modified":"2018-05-14T09:02:37","modified_gmt":"2018-05-14T08:02:37","slug":"maximale-aufmerksamkeit","status":"publish","type":"post","link":"https:\/\/www.brennecke.org\/?p=3257","title":{"rendered":"Maximale Aufmerksamkeit"},"content":{"rendered":"<p>Werte Leserinnen und Leser,<\/p>\n<p>nachdem bei der Bahn jahrelang nur die Weichen\u00a0im Winter und die Klimaanlagen im Sommer gestreikt haben, ist nun die Spartengewerkschaft GDL am Zug. Tagelang andauernde Streiks verhindern effektiv den Bahnverkehr und zwingen Millionen Pendler und Reisende (und auch die Industrie beim G\u00fcterverkehr), sich neue Wege zu suchen. Die beiden Lager scheinen unvers\u00f6hnlich &#8211; w\u00e4hrend man sich im einen Lager gerne auf das Streikrecht und eine Notlagesituation beruft, m\u00f6chte das andere Lager am liebsten sofort ein Gesetz zur Tarifeinheit verabschiedet sehen, damit die GDL mit ihren 30.000 Mitgliedern die Macht zugunsten der Konkurrenzveranstaltung EVG verliert, die knapp 200.000 Arbeitnehmer vertritt.<\/p>\n<p>Fakt ist, dass die Arbeitnehmer ein Streikrecht haben und es auch nutzen d\u00fcrfen. Jedoch ist so ein Streik keine Schwarz-Wei\u00df-Sache. Statt &#8211; wie die GDL derzeit &#8211; tagelang bundesweit den gesamten Verkehr zu bestreiken, w\u00e4ren auch abgestufte Streiks m\u00f6glich: regionale Streiks in einzelnen Bahnh\u00f6fen oder ein Streik, der nur den G\u00fcterverkehr trifft. Dem Arbeitgeber Deutsche Bahn w\u00fcrde das ebenfalls erhebliche Probleme schaffen; es g\u00e4be Verz\u00f6gerungen im ganzen Netz, und der G\u00fcterverkehr br\u00e4chte kein Geld ein. F\u00fcr die Bahnreisenden bedeutete so etwas Versp\u00e4tungen &#8211; aber die kennt man, und man kommt wenigstens nach Hause. In jedem Falle w\u00e4re das Unmutspotenzial bei den Reisenden kleiner.<\/p>\n<p>Statt dessen nun erhalten wir jedesmal das volle Programm &#8211; denn das garantiert die maximale Aufmerksamkeit, und darum geht es dem Chef der GDL, Claus Weselsky. Es kann nicht oft genug betont werden, dass Weselsky die GDL nicht in den Streik gef\u00fchrt hat, weil er Lohnverbesserungen erzielen will &#8211; die hat die Bahn zuletzt bereits angeboten. Es geht vor allem darum, der Mitgewerkschaft EVG viele Anh\u00e4nger abzuwerben und diese dann mit einem eigenen Tarifvertrag zu versorgen. F\u00fcr einen derart k\u00fchnen Plan bedarf es eines gro\u00dfen Egos, und Weselsky scheint an dieser Stelle \u00fcberaus gro\u00dfz\u00fcgig ausgestattet zu sein. In den Foren hat er inzwischen den Spitznamen &#8222;Napoleon&#8220;, was diesem allerdings absolut nicht gerecht wird.<\/p>\n<p>Ein eigener Tarifvertrag, das bedeutet, dass die Deutsche Bahn dann derer zwei hat &#8211; einen abgeschlossen von der ECG, einen von der GDL Es ist sonnenklar, dass sich die Bahn auf so etwas nicht einlassen kann: Zwei Tarfivertr\u00e4ge f\u00fcr dieselbe Berufsgruppe w\u00fcrde bedeuten, dass die Mitarbeiter selbst entscheiden k\u00f6nnen, welcher davon f\u00fcr sie gelten soll &#8211; und danach unterschiedlich verdienen, obwohl sie dieselbe Arbeit tun.<\/p>\n<p>Aber genau das ist der Punkt, den Weselsky erreichen will: Er will einen deutlich besseren Tarifvertrag f\u00fcr die Zugbegleiter als die EVG &#8211; und hofft, dass diese sich dann in Massen f\u00fcr seinen Abschluss entscheiden. Dann k\u00f6nnte er die Vertretungsmehrheit f\u00fcr die Zugbegleiter erreichen. Und nicht einmal das von Frau Nahles vorbereitete Gesetz, das Gerwerkschaften zu einer Tarifeinheit innerhalb eines Unternehmens zwingen soll, k\u00f6nnte der GDL dann noch schaden.<\/p>\n<p>Es bleibt die Frage, wie lange die Lokf\u00fchrer ihm folgen. Denn das aktuelle Angebot der Bahn ist bereits gut &#8211; mit ein wenig Verhandlungsgeschick k\u00f6nnte man auch noch eine Wochenarbeitszeitverk\u00fcrzung heraushandeln. Warum also Weselskys Egotrip folgen, nur damit der auch noch f\u00fcr andere Berufsgruppen verhandeln darf, die &#8211; es sei noch einmal herausgestellt &#8211; mit der EVG bereits eine Gewerkschaftsvertretung haben.<\/p>\n<p>Es gr\u00fc\u00dft herzlich<\/p>\n<p>Ihr JL7<\/p>\n<div class=\"twoclick_social_bookmarks_post_3257 social_share_privacy clearfix 1.6.4 locale-de_DE sprite-de_DE\"><\/div><div class=\"twoclick-js\"><script type=\"text\/javascript\">\/* <![CDATA[ *\/\njQuery(document).ready(function($){if($('.twoclick_social_bookmarks_post_3257')){$('.twoclick_social_bookmarks_post_3257').socialSharePrivacy({\"services\":{\"facebook\":{\"status\":\"on\",\"txt_info\":\"2 Klicks f\\u00fcr mehr Datenschutz: Erst wenn Sie hier klicken, wird der Button aktiv und Sie k\\u00f6nnen Ihre Empfehlung an Facebook senden. Schon beim Aktivieren werden Daten an Dritte \\u00fcbertragen - siehe <em>i<\\\/em>.\",\"perma_option\":\"off\",\"action\":\"recommend\",\"language\":\"de_DE\"},\"twitter\":{\"reply_to\":\"\",\"tweet_text\":\"Maximale%20Aufmerksamkeit%20%C2%BB%2053%20Cent%20%23EVG%20%23GDL%20%23Streik%20%23Tarifvertrag%20%23Weselsky\",\"status\":\"on\",\"txt_info\":\"2 Klicks f\\u00fcr mehr Datenschutz: Erst wenn Sie hier klicken, wird der Button aktiv und Sie k\\u00f6nnen Ihre Empfehlung an Twitter senden. Schon beim Aktivieren werden Daten an Dritte \\u00fcbertragen - siehe <em>i<\\\/em>.\",\"perma_option\":\"off\",\"language\":\"de\",\"referrer_track\":\"\"},\"gplus\":{\"status\":\"on\",\"txt_info\":\"2 Klicks f\\u00fcr mehr Datenschutz: Erst wenn Sie hier klicken, wird der Button aktiv und Sie k\\u00f6nnen Ihre Empfehlung an Google+ senden. Schon beim Aktivieren werden Daten an Dritte \\u00fcbertragen - siehe <em>i<\\\/em>.\",\"perma_option\":\"off\",\"referrer_track\":\"\"},\"flattr\":{\"uid\":\"\",\"status\":\"on\",\"the_title\":\"Maximale%20Aufmerksamkeit\",\"the_excerpt\":\"Werte%20Leserinnen%20und%20Leser%2C%0D%0A%0D%0Anachdem%20bei%20der%20Bahn%20jahrelang%20nur%20die%20Weichen%C2%A0im%20Winter%20und%20die%20Klimaanlagen%20im%20Sommer%20gestreikt%20haben%2C%20ist%20nun%20die%20Spartengewerkschaft%20GDL%20am%20Zug.%20Tagelang%20andauernde%20Streiks%20verhindern%20effektiv%20den%20Bahnverkehr%20und%20zwingen%20Millionen%20Pendler%20und%20Reisende%20%28und%20auch%20die%20Industrie%20beim%20G%C3%BCterverkehr%29%2C%20sich%20neue%20Wege%20zu%20suchen.%20Die%20beiden%20Lager%20scheinen%20unvers%C3%B6hnlich%20...\",\"txt_info\":\"2 Klicks f\\u00fcr mehr Datenschutz: Erst wenn Sie hier klicken, wird der Button aktiv und Sie k\\u00f6nnen Ihre Empfehlung an Flattr senden. Schon beim Aktivieren werden Daten an Dritte \\u00fcbertragen - siehe <em>i<\\\/em>.\",\"perma_option\":\"off\"}},\"txt_help\":\"Wenn Sie diese Felder durch einen Klick aktivieren, werden Informationen an Facebook, Twitter, Flattr, Xing, t3n, LinkedIn, Pinterest oder Google eventuell ins Ausland \\u00fcbertragen und unter Umst\\u00e4nden auch dort gespeichert. N\\u00e4heres erfahren Sie durch einen Klick auf das <em>i<\\\/em>.\",\"settings_perma\":\"Dauerhaft aktivieren und Daten\\u00fcber-tragung zustimmen:\",\"info_link\":\"http:\\\/\\\/www.heise.de\\\/ct\\\/artikel\\\/2-Klicks-fuer-mehr-Datenschutz-1333879.html\",\"uri\":\"https:\\\/\\\/www.brennecke.org\\\/?p=3257\",\"post_id\":3257,\"post_title_referrer_track\":\"Maximale+Aufmerksamkeit\",\"display_infobox\":\"on\"});}});\n\/* ]]> *\/<\/script><\/div>","protected":false},"excerpt":{"rendered":"<p>Werte Leserinnen und Leser, nachdem bei der Bahn jahrelang nur die Weichen\u00a0im Winter und die Klimaanlagen im Sommer gestreikt haben, ist nun die Spartengewerkschaft GDL am Zug. Tagelang andauernde Streiks verhindern effektiv den Bahnverkehr und zwingen Millionen Pendler und Reisende &hellip; <a href=\"https:\/\/www.brennecke.org\/?p=3257\">Weiterlesen <span class=\"meta-nav\">&rarr;<\/span><\/a><\/p>\n","protected":false},"author":1,"featured_media":0,"comment_status":"closed","ping_status":"open","sticky":false,"template":"","format":"standard","meta":{"footnotes":""},"categories":[1,3,150],"tags":[798,799,800,802,801],"_links":{"self":[{"href":"https:\/\/www.brennecke.org\/index.php?rest_route=\/wp\/v2\/posts\/3257"}],"collection":[{"href":"https:\/\/www.brennecke.org\/index.php?rest_route=\/wp\/v2\/posts"}],"about":[{"href":"https:\/\/www.brennecke.org\/index.php?rest_route=\/wp\/v2\/types\/post"}],"author":[{"embeddable":true,"href":"https:\/\/www.brennecke.org\/index.php?rest_route=\/wp\/v2\/users\/1"}],"replies":[{"embeddable":true,"href":"https:\/\/www.brennecke.org\/index.php?rest_route=%2Fwp%2Fv2%2Fcomments&post=3257"}],"version-history":[{"count":2,"href":"https:\/\/www.brennecke.org\/index.php?rest_route=\/wp\/v2\/posts\/3257\/revisions"}],"predecessor-version":[{"id":3261,"href":"https:\/\/www.brennecke.org\/index.php?rest_route=\/wp\/v2\/posts\/3257\/revisions\/3261"}],"wp:attachment":[{"href":"https:\/\/www.brennecke.org\/index.php?rest_route=%2Fwp%2Fv2%2Fmedia&parent=3257"}],"wp:term":[{"taxonomy":"category","embeddable":true,"href":"https:\/\/www.brennecke.org\/index.php?rest_route=%2Fwp%2Fv2%2Fcategories&post=3257"},{"taxonomy":"post_tag","embeddable":true,"href":"https:\/\/www.brennecke.org\/index.php?rest_route=%2Fwp%2Fv2%2Ftags&post=3257"}],"curies":[{"name":"wp","href":"https:\/\/api.w.org\/{rel}","templated":true}]}}