{"id":3295,"date":"2014-12-11T11:58:24","date_gmt":"2014-12-11T09:58:24","guid":{"rendered":"http:\/\/www.brennecke.org\/?p=3295"},"modified":"2018-05-14T09:02:37","modified_gmt":"2018-05-14T08:02:37","slug":"godwins-law","status":"publish","type":"post","link":"https:\/\/www.brennecke.org\/?p=3295","title":{"rendered":"Godwin&#8217;s Law"},"content":{"rendered":"<p>Werte Leserinnen uns Leser,<\/p>\n<p>nach <a href=\"http:\/\/de.wikipedia.org\/wiki\/Godwin%E2%80%99s_law\">Godwin&#8217;s Law<\/a> n\u00e4hert sich bei l\u00e4ngeren Online-Diskussionen die Wahrscheinlichkeit, dass jemand einen Nazi-Vergleich bringt, dem Wert 1. Offenbar kann man dieses Gesetz aber auch auf die reale Welt \u00fcbertragen. Beispielsweise teilte uns dieser Tage der nordrhein-westf\u00e4lische Innenminister J\u00e4ger mit, dass \u201enicht jeder\u201c, der an den PEGIDA-Protesten in Dresden teilnimmt, ein Rechtsextremist sein m\u00fcsse, wohl aber ein Werkzeug von Rechtsradikalen und Rechtspopulisten sei. (PEGIDA klingt ein bisschen wie Hundefutter, bedeutet aber &#8222;Patriotische Europ\u00e4er Gegen die Islamisierung des Abendlandes&#8220;, wobei schon die beiden ersten beiden Worte einen Widerspruch darstellen.)<\/p>\n<p>Es ist ja sch\u00f6n zu erfahren, dass da nicht 10.000 Rechtsextremisten auf der Stra\u00dfe waren, als sie gegen den Islam skandierten. Aber ein Werkzeug der Rechtpopulisten sind diese Leute sicher nicht &#8211; ganz im Gegenteil. Die AfD lebt, weil diese Leute ihre Vorurteile lieber behalten m\u00f6chten, als sich mit Neuem auseinanderzusetzen.<\/p>\n<p>Auch mir w\u00e4re es lieber, wenn die religi\u00f6sen und nichtreligi\u00f6sen Fanatiker &#8211; so es sie denn \u00fcberhaupt geben muss &#8211; ihren Quatsch daheim in ihren eigenen vier dicken W\u00e4nden ausleben w\u00fcrden, ihre verqueren Ideen dort lie\u00dfen und uns nicht l\u00e4nger mit ihren Botschaften und ihrem Glockengel\u00e4ut nerven w\u00fcrden.<\/p>\n<p>Aber wir haben nun einmal eine Meinungs- und Religionsfreiheit, die man sicher nicht hoch genug einsch\u00e4tzen kann. Jeder darf frei von Religion sein, aber seine Religion auch frei aus\u00fcben, sofern er nicht gegen ein paar grundlegende Gesetze verst\u00f6\u00dft. Auf diese Weise hat Templin gerade <a href=\"http:\/\/www.rbb-online.de\/panorama\/beitrag\/2014\/11\/kirche-des-fliegenden-spaghetti-monsters-wirbt-mit-schild-in-tem.html\">eine neue Gemeinde<\/a> gewonnen. Wegen ein paar Durchgeknallter Extremisten aber den gesamten Islam in Bausch und Bogen zu verdammen, ist unsinnig und nur durch eine dumpfe Fremdenangst zu erkl\u00e4ren. Wir nehmen ja auch nicht allen Christen den Nachwuchs weg, blo\u00df weil die <a href=\"http:\/\/de.wikipedia.org\/wiki\/Zw%C3%B6lf_St%C3%A4mme_%28Glaubensgemeinschaft%29\">12 St\u00e4mme<\/a> ihre <a href=\"http:\/\/www.spiegel.de\/schulspiegel\/polizei-holt-28-kinder-aus-christensekte-zwoelf-staemme-a-920586.html\">Kinder misshandeln<\/a>.<\/p>\n<p>Statt dessen wird auf demn CDU-Parteitag ernsthaft \u00fcber ein Burka-Verbot diskutiert, obwohl das wohl weniger als 200 Frauen in ganz Deutschland betrifft. Die Salafisten-Szene ist um einiges gr\u00f6\u00dfer, l\u00e4sst sich jedoch immer noch nicht in verst\u00e4ndlichen Prozentzahlen ausdr\u00fccken &#8211; 0,00875% sind aber nicht gerade viel, oder?\u00a0 Und der Bundesinnenminister und sein BKA-Erf\u00fcllungsgehilfe werden nicht m\u00fcde, uns vor Terroranschl\u00e4gen durch IS-Heimkehrer zu warnen.<\/p>\n<p>Es mag f\u00fcr viele \u00c4ltere und manche J\u00fcngere unfassbar sein, aber 50er Jahre der alten BRD werden nicht zur\u00fcckkehren, die Muslime sind nun einmal da und werden auch nicht wieder verschwinden &#8211; es werden sogar mehr. Was sie brauchen, ist ein Weg, Religion und freiheitlich-demokratischen Rechtsstaat in Einklang zu bringen &#8211; und im Zweifelsfall erst einmal dem Rechtsstaat zu vertrauen und keinem 1700 Jahre alten Gesetzbuch voller Brutalit\u00e4ten.<\/p>\n<p>Und den PEGIDA-Anh\u00e4ngern m\u00f6chte man sagen: &#8222;Cool down!&#8220; Wenn Ihr Euch am Geschehen beteiligen wollt, dann macht das besser, indem Ihr die Leute in Eurer Nachbarschaft integriert und Mauern einrei\u00dft, statt neue aufzurichten und gegen ein Nebelgespenst zu demonstrieren. Denn gerade in Sachsen ist auch die Ausl\u00e4nderquote und Migrantenquote eine Zahl, die gegen Null tendiert.<\/p>\n<p>In einem hat der NRW-Innenminister J\u00e4ger recht: Um die Ecke warten jene, die Euch zu ihren willf\u00e4hrigen Werkzeugen machen wollen. Und die sind eine echte Bedrohung f\u00fcr unsere Sicherheit &#8211; habt Ihr die 10 NSU-Morde denn schon vergessen?<\/p>\n<p>Es gr\u00fc\u00dft herzlich<\/p>\n<p>Ihr JL7<\/p>\n<div class=\"twoclick_social_bookmarks_post_3295 social_share_privacy clearfix 1.6.4 locale-de_DE sprite-de_DE\"><\/div><div class=\"twoclick-js\"><script type=\"text\/javascript\">\/* <![CDATA[ *\/\njQuery(document).ready(function($){if($('.twoclick_social_bookmarks_post_3295')){$('.twoclick_social_bookmarks_post_3295').socialSharePrivacy({\"services\":{\"facebook\":{\"status\":\"on\",\"txt_info\":\"2 Klicks f\\u00fcr mehr Datenschutz: Erst wenn Sie hier klicken, wird der Button aktiv und Sie k\\u00f6nnen Ihre Empfehlung an Facebook senden. Schon beim Aktivieren werden Daten an Dritte \\u00fcbertragen - siehe <em>i<\\\/em>.\",\"perma_option\":\"off\",\"action\":\"recommend\",\"language\":\"de_DE\"},\"twitter\":{\"reply_to\":\"\",\"tweet_text\":\"%20Godwin%E2%80%99s%20Law%20%C2%BB%2053%20Cent%20%23Burka-Verbot%20%23Godwin%20%23IS-Heimkehrer%20%23J%C3%A4ger%20...\",\"status\":\"on\",\"txt_info\":\"2 Klicks f\\u00fcr mehr Datenschutz: Erst wenn Sie hier klicken, wird der Button aktiv und Sie k\\u00f6nnen Ihre Empfehlung an Twitter senden. Schon beim Aktivieren werden Daten an Dritte \\u00fcbertragen - siehe <em>i<\\\/em>.\",\"perma_option\":\"off\",\"language\":\"de\",\"referrer_track\":\"\"},\"gplus\":{\"status\":\"on\",\"txt_info\":\"2 Klicks f\\u00fcr mehr Datenschutz: Erst wenn Sie hier klicken, wird der Button aktiv und Sie k\\u00f6nnen Ihre Empfehlung an Google+ senden. Schon beim Aktivieren werden Daten an Dritte \\u00fcbertragen - siehe <em>i<\\\/em>.\",\"perma_option\":\"off\",\"referrer_track\":\"\"},\"flattr\":{\"uid\":\"\",\"status\":\"on\",\"the_title\":\"Godwin%26%238217%3Bs%20Law\",\"the_excerpt\":\"Werte%20Leserinnen%20uns%20Leser%2C%0D%0A%0D%0Anach%20Godwin%27s%20Law%20n%C3%A4hert%20sich%20bei%20l%C3%A4ngeren%20Online-Diskussionen%20die%20Wahrscheinlichkeit%2C%20dass%20jemand%20einen%20Nazi-Vergleich%20bringt%2C%20dem%20Wert%201.%20Offenbar%20kann%20man%20dieses%20Gesetz%20aber%20auch%20auf%20die%20reale%20Welt%20%C3%BCbertragen.%20Beispielsweise%20teilte%20uns%20dieser%20Tage%20der%20nordrhein-westf%C3%A4lische%20Innenminister%20J%C3%A4ger%20mit%2C%20dass%20%E2%80%9Enicht%20jeder%E2%80%9C%2C%20der%20an%20den%20PEGIDA-Protesten%20in%20Dresden%20tei%20...\",\"txt_info\":\"2 Klicks f\\u00fcr mehr Datenschutz: Erst wenn Sie hier klicken, wird der Button aktiv und Sie k\\u00f6nnen Ihre Empfehlung an Flattr senden. Schon beim Aktivieren werden Daten an Dritte \\u00fcbertragen - siehe <em>i<\\\/em>.\",\"perma_option\":\"off\"}},\"txt_help\":\"Wenn Sie diese Felder durch einen Klick aktivieren, werden Informationen an Facebook, Twitter, Flattr, Xing, t3n, LinkedIn, Pinterest oder Google eventuell ins Ausland \\u00fcbertragen und unter Umst\\u00e4nden auch dort gespeichert. N\\u00e4heres erfahren Sie durch einen Klick auf das <em>i<\\\/em>.\",\"settings_perma\":\"Dauerhaft aktivieren und Daten\\u00fcber-tragung zustimmen:\",\"info_link\":\"http:\\\/\\\/www.heise.de\\\/ct\\\/artikel\\\/2-Klicks-fuer-mehr-Datenschutz-1333879.html\",\"uri\":\"https:\\\/\\\/www.brennecke.org\\\/?p=3295\",\"post_id\":3295,\"post_title_referrer_track\":\"Godwin%26%238217%3Bs+Law\",\"display_infobox\":\"on\"});}});\n\/* ]]> *\/<\/script><\/div>","protected":false},"excerpt":{"rendered":"<p>Werte Leserinnen uns Leser, nach Godwin&#8217;s Law n\u00e4hert sich bei l\u00e4ngeren Online-Diskussionen die Wahrscheinlichkeit, dass jemand einen Nazi-Vergleich bringt, dem Wert 1. Offenbar kann man dieses Gesetz aber auch auf die reale Welt \u00fcbertragen. Beispielsweise teilte uns dieser Tage der &hellip; <a href=\"https:\/\/www.brennecke.org\/?p=3295\">Weiterlesen <span class=\"meta-nav\">&rarr;<\/span><\/a><\/p>\n","protected":false},"author":1,"featured_media":0,"comment_status":"closed","ping_status":"open","sticky":false,"template":"","format":"standard","meta":{"footnotes":""},"categories":[1,3],"tags":[827,826,829,510,494,495,825,830,828],"_links":{"self":[{"href":"https:\/\/www.brennecke.org\/index.php?rest_route=\/wp\/v2\/posts\/3295"}],"collection":[{"href":"https:\/\/www.brennecke.org\/index.php?rest_route=\/wp\/v2\/posts"}],"about":[{"href":"https:\/\/www.brennecke.org\/index.php?rest_route=\/wp\/v2\/types\/post"}],"author":[{"embeddable":true,"href":"https:\/\/www.brennecke.org\/index.php?rest_route=\/wp\/v2\/users\/1"}],"replies":[{"embeddable":true,"href":"https:\/\/www.brennecke.org\/index.php?rest_route=%2Fwp%2Fv2%2Fcomments&post=3295"}],"version-history":[{"count":5,"href":"https:\/\/www.brennecke.org\/index.php?rest_route=\/wp\/v2\/posts\/3295\/revisions"}],"predecessor-version":[{"id":3307,"href":"https:\/\/www.brennecke.org\/index.php?rest_route=\/wp\/v2\/posts\/3295\/revisions\/3307"}],"wp:attachment":[{"href":"https:\/\/www.brennecke.org\/index.php?rest_route=%2Fwp%2Fv2%2Fmedia&parent=3295"}],"wp:term":[{"taxonomy":"category","embeddable":true,"href":"https:\/\/www.brennecke.org\/index.php?rest_route=%2Fwp%2Fv2%2Fcategories&post=3295"},{"taxonomy":"post_tag","embeddable":true,"href":"https:\/\/www.brennecke.org\/index.php?rest_route=%2Fwp%2Fv2%2Ftags&post=3295"}],"curies":[{"name":"wp","href":"https:\/\/api.w.org\/{rel}","templated":true}]}}