{"id":3298,"date":"2014-12-11T12:31:31","date_gmt":"2014-12-11T10:31:31","guid":{"rendered":"http:\/\/www.brennecke.org\/?p=3298"},"modified":"2018-05-14T09:02:37","modified_gmt":"2018-05-14T08:02:37","slug":"sachsens-rechts-schaffende-justiz","status":"publish","type":"post","link":"https:\/\/www.brennecke.org\/?p=3298","title":{"rendered":"Sachsens rechts schaffende Justiz"},"content":{"rendered":"<p>Werte Leserinnen und Leser,<\/p>\n<p>Vor mittlerweise fast f\u00fcnf Jahren gelang es einem B\u00fcndnis aufrechter Demokraten erstmals, gegen die Nazi-Demonstrationen vorzugehen, die bis dahin jedes Jahr durch die Dresdner Innenstadt gezogen waren, um an die Bombardierung Dresdens durch die Amerikaner zu erinnern. Eine Gegendemonstration hinderte die Nazis wirksam daran, ihre Parolen in der Innenstadt zu verbreiten, so dass sie unverrichteter Dinge abzogen und in den Folgejahren der Dresdner Aufmarsch seine Anziehungskraft deutlich einb\u00fc\u00dfte.<\/p>\n<p>Ein Sieg der Demokratie? Sicherlich. Wenn es zu Beginn der 30er Jahre gen\u00fcgend Demokraten gegeben h\u00e4tte, die solche Aufm\u00e4rsche organisiert h\u00e4tten, w\u00e4re uns m\u00f6glicherweise viel Elend, Leid und Tod erspart geblieben.<\/p>\n<p>Aber damit auch der letzte merkt, dass dies kein Film mit gl\u00fccklichem Ende, sondern die Wirklichkeit ist, hat man die s\u00e4chsische Justiz erschaffen. Die fand die St\u00f6rung einer angemeldeten und genehmigten Demonstration n\u00e4mlich gar nicht witzig, selbst wenn deren Anmelder, die &#8222;<a href=\"http:\/\/de.wikipedia.org\/wiki\/Junge_Landsmannschaft_Ostdeutschland\">Junge Landsmannschaft Ostdeutschland<\/a>&#8220; (JLO) als rechtsextremer Vertriebenenverband eingestuft wird.<\/p>\n<p>Man begann daher b ereits im Vorfeld, Ma\u00dfnahmen gegen die Gegendomstration zu ergreifen. So wurde eine Funkzellen\u00fcberwachung organisiert, die zu Hunderttausenden potenziell Verd\u00e4chtiger f\u00fchrte. Man organisierte Polizeieinheiten, um die rechtsextreme Demo zu sichern und kn\u00fcppelte auf die Demokraten ein. Und man begann gleich nach dem Ende mit einer Strafverfolgung der Teilnehmer der Gegendemonstration.<\/p>\n<p>Nun ist das Demonstrationsrecht eine Grundrecht, das man nicht beliebig erteilen darf. Demos k\u00f6nnen verboten werden, aber nicht aus politischen Gr\u00fcnden. Und wenn die Nazis demonstrieren wollen, dann d\u00fcrfen sie das zun\u00e4chst einmal. Schon hier h\u00e4tte man aber eingreifen k\u00f6nnen und die Nazi-Demo verhindern, weil man Ausschreitungen bef\u00fcrchtete. So manche linke Demo wurde aus genau diesen Gr\u00fcnden bereits untersagt.<\/p>\n<p>In Dresden entschied man sich aber, die aufrechten Nazis gegen die Demokraten-Koalition zu sch\u00fctzen. Und so wurden reihenweise Verfahren wegen Landfriedensbruch eingeleitet, beispielsweise gegen den<a href=\"http:\/\/www.zeit.de\/gesellschaft\/zeitgeschehen\/2014-11\/lothar-koenig-prozess-staatsanwaltschaft-dresden-eingestellt\"> Jenaer Pfarrer K\u00f6nig<\/a>, dem man unterstellen wollte, aktiv zur Gewalt gegen die Polizei aufgerufen zu haben. Das Verfahren endete erst, nachdem durch Videomaterial zweifelsfrei bewiesen werden konnte, dass die Aussagen der Polizisten von erheblichem Realit\u00e4tsverlust zeugten.<\/p>\n<p>Eines der letzten Verfahren wurde jetzt wieder aufgenommen: das gegen den neuen Ministerpr\u00e4sidenten von Th\u00fcringen, Bodo Ramelow. Der Antrag zur Aufhebung seiner Immunit\u00e4t wurde nur wenige Tage vor seiner Wahl zum MP abgeschickt. Hintergrund ist, dass das Verfahren gegen ihn wegen Geringf\u00fcgigkeit eingestellt wurde, Sachsen aber nicht seine Anwaltskosten tragen wollte. Aufgrund seines Einspruchs wurde nun die Einstellung kassiert, das Verfahren wieder aufgenommen.<\/p>\n<p>Zur Erinnerung: <em>&#8222;Landfriedensbruch erfordert die Teilnahme an Gewaltt\u00e4tigkeiten gegen Menschen oder Gegenst\u00e4nde, oder die Androhung von Gewaltt\u00e4tigkeiten gegen Menschen, aus einer Gruppe von Menschen ausgehend, in gemeinsamer Aktion, die in der Weise die \u00f6ffentliche Sicherheit gef\u00e4hrden; oder auch nur die Aufforderung oder das Agitieren zu dem Zweck, solche Verhaltensweisen bei anderen Menschen hervorzurufen oder zu f\u00f6rdern.&#8220;<\/em> So steht es auf <a href=\"http:\/\/de.wikipedia.org\/wiki\/Landfriedensbruch\">wikipedia<\/a>. Das ist eine pr\u00e4zise und exakte Beschreibung f\u00fcr das, was die s\u00e4chsische Justiz tut.<\/p>\n<p>Wer Demokraten verfolgt, aber Nazis laufen l\u00e4sst, sch\u00fctzt diesen Staat und seine B\u00fcrger nicht. Eine Justiz mit blindem rechten Auge braucht niemand.<\/p>\n<p>Es gr\u00fc\u00dft herzlich,<\/p>\n<p>Ihr JL7<\/p>\n<p>P.S: Die von der Dresdner Polizei eingesetzte Funkzellenortung zur Feststellung der Personalien aller Demo-Teilnehmer wurde vom Amtsgericht Dresden als &#8222;verh\u00e4ltnism\u00e4\u00dfig&#8220; eingestuft. Eine Kr\u00e4he kratzt der anderen eben kein Auge aus.<\/p>\n<p>&nbsp;<\/p>\n<div class=\"twoclick_social_bookmarks_post_3298 social_share_privacy clearfix 1.6.4 locale-de_DE sprite-de_DE\"><\/div><div class=\"twoclick-js\"><script type=\"text\/javascript\">\/* <![CDATA[ *\/\njQuery(document).ready(function($){if($('.twoclick_social_bookmarks_post_3298')){$('.twoclick_social_bookmarks_post_3298').socialSharePrivacy({\"services\":{\"facebook\":{\"status\":\"on\",\"txt_info\":\"2 Klicks f\\u00fcr mehr Datenschutz: Erst wenn Sie hier klicken, wird der Button aktiv und Sie k\\u00f6nnen Ihre Empfehlung an Facebook senden. Schon beim Aktivieren werden Daten an Dritte \\u00fcbertragen - siehe <em>i<\\\/em>.\",\"perma_option\":\"off\",\"action\":\"recommend\",\"language\":\"de_DE\"},\"twitter\":{\"reply_to\":\"\",\"tweet_text\":\"%20Sachsens%20rechts%20schaffende%20Justiz%20%C2%BB%2053%20Cent%20%23Dresden%20%23JLO%20%23Junge%20...\",\"status\":\"on\",\"txt_info\":\"2 Klicks f\\u00fcr mehr Datenschutz: Erst wenn Sie hier klicken, wird der Button aktiv und Sie k\\u00f6nnen Ihre Empfehlung an Twitter senden. Schon beim Aktivieren werden Daten an Dritte \\u00fcbertragen - siehe <em>i<\\\/em>.\",\"perma_option\":\"off\",\"language\":\"de\",\"referrer_track\":\"\"},\"gplus\":{\"status\":\"on\",\"txt_info\":\"2 Klicks f\\u00fcr mehr Datenschutz: Erst wenn Sie hier klicken, wird der Button aktiv und Sie k\\u00f6nnen Ihre Empfehlung an Google+ senden. Schon beim Aktivieren werden Daten an Dritte \\u00fcbertragen - siehe <em>i<\\\/em>.\",\"perma_option\":\"off\",\"referrer_track\":\"\"},\"flattr\":{\"uid\":\"\",\"status\":\"on\",\"the_title\":\"Sachsens%20rechts%20schaffende%20Justiz\",\"the_excerpt\":\"Werte%20Leserinnen%20und%20Leser%2C%0D%0A%0D%0AVor%20mittlerweise%20fast%20f%C3%BCnf%20Jahren%20gelang%20es%20einem%20B%C3%BCndnis%20aufrechter%20Demokraten%20erstmals%2C%20gegen%20die%20Nazi-Demonstrationen%20vorzugehen%2C%20die%20bis%20dahin%20jedes%20Jahr%20durch%20die%20Dresdner%20Innenstadt%20gezogen%20waren%2C%20um%20an%20die%20Bombardierung%20Dresdens%20durch%20die%20Amerikaner%20zu%20erinnern.%20Eine%20Gegendemonstration%20hinderte%20die%20Nazis%20wirksam%20daran%2C%20ihre%20Parolen%20in%20der%20Innenstadt%20zu%20ver%20...\",\"txt_info\":\"2 Klicks f\\u00fcr mehr Datenschutz: Erst wenn Sie hier klicken, wird der Button aktiv und Sie k\\u00f6nnen Ihre Empfehlung an Flattr senden. Schon beim Aktivieren werden Daten an Dritte \\u00fcbertragen - siehe <em>i<\\\/em>.\",\"perma_option\":\"off\"}},\"txt_help\":\"Wenn Sie diese Felder durch einen Klick aktivieren, werden Informationen an Facebook, Twitter, Flattr, Xing, t3n, LinkedIn, Pinterest oder Google eventuell ins Ausland \\u00fcbertragen und unter Umst\\u00e4nden auch dort gespeichert. N\\u00e4heres erfahren Sie durch einen Klick auf das <em>i<\\\/em>.\",\"settings_perma\":\"Dauerhaft aktivieren und Daten\\u00fcber-tragung zustimmen:\",\"info_link\":\"http:\\\/\\\/www.heise.de\\\/ct\\\/artikel\\\/2-Klicks-fuer-mehr-Datenschutz-1333879.html\",\"uri\":\"https:\\\/\\\/www.brennecke.org\\\/?p=3298\",\"post_id\":3298,\"post_title_referrer_track\":\"Sachsens+rechts+schaffende+Justiz\",\"display_infobox\":\"on\"});}});\n\/* ]]> *\/<\/script><\/div>","protected":false},"excerpt":{"rendered":"<p>Werte Leserinnen und Leser, Vor mittlerweise fast f\u00fcnf Jahren gelang es einem B\u00fcndnis aufrechter Demokraten erstmals, gegen die Nazi-Demonstrationen vorzugehen, die bis dahin jedes Jahr durch die Dresdner Innenstadt gezogen waren, um an die Bombardierung Dresdens durch die Amerikaner zu &hellip; <a href=\"https:\/\/www.brennecke.org\/?p=3298\">Weiterlesen <span class=\"meta-nav\">&rarr;<\/span><\/a><\/p>\n","protected":false},"author":1,"featured_media":0,"comment_status":"closed","ping_status":"open","sticky":false,"template":"","format":"standard","meta":{"footnotes":""},"categories":[1,676],"tags":[490,833,834,831,832,494,817],"_links":{"self":[{"href":"https:\/\/www.brennecke.org\/index.php?rest_route=\/wp\/v2\/posts\/3298"}],"collection":[{"href":"https:\/\/www.brennecke.org\/index.php?rest_route=\/wp\/v2\/posts"}],"about":[{"href":"https:\/\/www.brennecke.org\/index.php?rest_route=\/wp\/v2\/types\/post"}],"author":[{"embeddable":true,"href":"https:\/\/www.brennecke.org\/index.php?rest_route=\/wp\/v2\/users\/1"}],"replies":[{"embeddable":true,"href":"https:\/\/www.brennecke.org\/index.php?rest_route=%2Fwp%2Fv2%2Fcomments&post=3298"}],"version-history":[{"count":1,"href":"https:\/\/www.brennecke.org\/index.php?rest_route=\/wp\/v2\/posts\/3298\/revisions"}],"predecessor-version":[{"id":3299,"href":"https:\/\/www.brennecke.org\/index.php?rest_route=\/wp\/v2\/posts\/3298\/revisions\/3299"}],"wp:attachment":[{"href":"https:\/\/www.brennecke.org\/index.php?rest_route=%2Fwp%2Fv2%2Fmedia&parent=3298"}],"wp:term":[{"taxonomy":"category","embeddable":true,"href":"https:\/\/www.brennecke.org\/index.php?rest_route=%2Fwp%2Fv2%2Fcategories&post=3298"},{"taxonomy":"post_tag","embeddable":true,"href":"https:\/\/www.brennecke.org\/index.php?rest_route=%2Fwp%2Fv2%2Ftags&post=3298"}],"curies":[{"name":"wp","href":"https:\/\/api.w.org\/{rel}","templated":true}]}}