{"id":3301,"date":"2014-12-11T14:41:19","date_gmt":"2014-12-11T12:41:19","guid":{"rendered":"http:\/\/www.brennecke.org\/?p=3301"},"modified":"2018-05-14T09:02:37","modified_gmt":"2018-05-14T08:02:37","slug":"wie-werde-ich-kanzler","status":"publish","type":"post","link":"https:\/\/www.brennecke.org\/?p=3301","title":{"rendered":"Wie werde ich Kanzler?"},"content":{"rendered":"<p>Werte Leserinnen und Leser,<\/p>\n<p>es muss den SPD-Chef Sigmar Gabriel derzeit arg umtreiben: Die Umfragequoten sind mies und seine <a href=\"http:\/\/www.spiegel.de\/politik\/deutschland\/sigmar-gabriel-als-bundeskanzler-deutsche-praeferieren-merkel-a-1007705.html\">pers\u00f6nliche Einsch\u00e4tzung<\/a> versinkt gegen\u00fcber der seiner Chefin Merkel sogar ins Bodenlose. Dabei meint er, doch alles richtig gemacht zu haben, indem er die Eigenschaften anderer Kanzler kopiert und zusammenfasst: Er ist SPD-Chef wie Willy Brandt, wachstumsorientiert wie Ludwig Erhardt, fast so dick wie Helmut Kohl,\u00a0 bastam\u00e4\u00dfig polternd wie Gerhard Schr\u00f6der und \u00e4hnlich teflonbeschichtet wie Angela Merkel. Und ihn k\u00fcmmert sein Geschw\u00e4tz von gestern genauso wenig wie seinerzeit <a href=\"http:\/\/www.zitate-online.de\/sprueche\/politiker\/15426\/was-interessiert-mich-mein-geschwaetz-von-gestern.html\">Konrad Adenauer<\/a>.<\/p>\n<p>Warum funktioniert es blo\u00df nicht mit seinem Ansehen? Mag es daran liegen, dass er zwar Vorsitzender einer linksliberalen SPD ist, aber CDU-Politik betreibt? Dass er ganz eigene Vorstellungen hat, wie Deutschland voran kommt, die aber sonst niemand begreift? Dass er vielleicht eine oder zwei Wenden zuviel vollzogen hat, um noch glaubw\u00fcrdig zu sein?<\/p>\n<p>Reden wir diesmal nur kurz \u00fcber die SPD und ihr Verhalten in der NSA-Aff\u00e4re. Gabriel hat hier &#8211; zusammen mit seinem Amtskollegen Steinmeier &#8211; ein sehr seltsames Verst\u00e4ndnis von Staatswohl an den Tag gelegt: Es ist eben <em>nicht<\/em> staatstragend, die schmutzigen Tricks der Regierung und ihres Geheimdienstes durch Aktenschw\u00e4rzung zu verbergen. Nur, weil die allermeisten Bundesb\u00fcrger glauben, nichts zu bef\u00fcrchten zu haben und sich deshalb nicht um NSA, BND und die Verstrickung Steinmeiers k\u00fcmmern, hei\u00dft das nicht, das alles gut w\u00e4re. Wie gesagt &#8211; das interessiert leider nur eine Minderheit, wenn auch eine wichtige.<\/p>\n<p>Gabriels Auftreten in Sachen Handelsabkommen CETA und TTIP hingegen interessiert eine Mehrheit. Etwa 63% der Bundesb\u00fcrger fordern Nachverhandlungen bei CETA und TTIP. Schuld daran sind nicht die ber\u00fchmt-ber\u00fcchtigten Chlorh\u00fchnchen, sondern vor allem die geheim tagenden Schiedsgerichte, die sogar demokratisch beschlossene Gesetze aushebeln k\u00f6nnen. Vor solchen Gerichten &#8211; <a href=\"http:\/\/www.zeit.de\/2014\/10\/investitionsschutz-schiedsgericht-icsid-schattenjustiz\">gebildet haupts\u00e4chlich aus gro\u00dfen amerikanischen Anwaltskanzleien<\/a> &#8211; k\u00f6nnen Industriekonzerne Staaten verklagen, wenn diese ihre Investitionen infrage stellen.<\/p>\n<p>Derzeit wird beispielsweise eine <a href=\"http:\/\/www.handelsblatt.com\/unternehmen\/industrie\/verhandlung-vor-us-schiedsgericht-vattenfall-prozess-kostet-deutschland-millionen\/10889532.html\">Vattenfall-Forderung in H\u00f6he von 4,7 Milliarden Euro<\/a> an Deutschland verhandelt, weil 2011 der Ausstieg aus der Atomkraft beschlossen wurde &#8211; mit guten Aussichten f\u00fcr Vattenfall. \u00c4hnliche Klagen k\u00f6nnten beispielsweise von Genmanipulationsfirmen wie Monsanto kommen, wenn deren Genmais nicht in Europa auf den Markt darf. Inzwischen haben sich bereits Anwaltskanzleien auf solche Schiedsgerichtsklagen spezialisiert und suchen die bestehenden Gesetze nach L\u00fccken ab, die eine solche Klage erlauben.<\/p>\n<p>Gabriel will nun zustimmen, weil in Europa niemand gegen Schiedsgerichte sei &#8211; au\u00dfer nat\u00fcrlich dem Volk, aber das w\u00e4hlt ja nur alle 4-5 Jahre einmal. Und auch <em>&#8222;die SPD wird sich nicht gegen ganz Europa und gegen alle anderen sozialdemokratischen Regierungen in Europa stellen.&#8220; <\/em><a href=\"http:\/\/www.tagesschau.de\/wirtschaft\/gabriel-ttip-spd-101.html\">So sagt und sieht es Gabriel.<\/a><\/p>\n<p>Tja, Genosse Sigmar &#8211; das w\u00e4re sie, die Chance, eine andere Richtung einzuschlagen und die Weichen f\u00fcr die Zukunft zu stellen &#8211; eine Zukunft, in der nicht die Reichen immer reicher und die ARmen immer \u00e4rmer werden und der Klimaschutz zugunsten eines minimalen Wirtschaftswachstums zur\u00fcckgestellt wird. Du hast es in der Hand.<\/p>\n<p>Aber vielleicht m\u00f6chtest Du auch einfach weiter deiner Chefin gefallen, indem Du sie bestm\u00f6glich imitierst und ansonsten nicht unangenehm auff\u00e4llst.<\/p>\n<p>Es gr\u00fc\u00dft herzlich<\/p>\n<p>Ihr JL7<\/p>\n<p>&nbsp;<\/p>\n<div class=\"twoclick_social_bookmarks_post_3301 social_share_privacy clearfix 1.6.4 locale-de_DE sprite-de_DE\"><\/div><div class=\"twoclick-js\"><script type=\"text\/javascript\">\/* <![CDATA[ *\/\njQuery(document).ready(function($){if($('.twoclick_social_bookmarks_post_3301')){$('.twoclick_social_bookmarks_post_3301').socialSharePrivacy({\"services\":{\"facebook\":{\"status\":\"on\",\"txt_info\":\"2 Klicks f\\u00fcr mehr Datenschutz: Erst wenn Sie hier klicken, wird der Button aktiv und Sie k\\u00f6nnen Ihre Empfehlung an Facebook senden. Schon beim Aktivieren werden Daten an Dritte \\u00fcbertragen - siehe <em>i<\\\/em>.\",\"perma_option\":\"off\",\"action\":\"recommend\",\"language\":\"de_DE\"},\"twitter\":{\"reply_to\":\"\",\"tweet_text\":\"%20Wie%20werde%20ich%20Kanzler%3F%20%C2%BB%2053%20Cent%20%23Adenauer%20%23BND%20%23Brandt%20%23CETA%20%23Erhard%20...\",\"status\":\"on\",\"txt_info\":\"2 Klicks f\\u00fcr mehr Datenschutz: Erst wenn Sie hier klicken, wird der Button aktiv und Sie k\\u00f6nnen Ihre Empfehlung an Twitter senden. Schon beim Aktivieren werden Daten an Dritte \\u00fcbertragen - siehe <em>i<\\\/em>.\",\"perma_option\":\"off\",\"language\":\"de\",\"referrer_track\":\"\"},\"gplus\":{\"status\":\"on\",\"txt_info\":\"2 Klicks f\\u00fcr mehr Datenschutz: Erst wenn Sie hier klicken, wird der Button aktiv und Sie k\\u00f6nnen Ihre Empfehlung an Google+ senden. Schon beim Aktivieren werden Daten an Dritte \\u00fcbertragen - siehe <em>i<\\\/em>.\",\"perma_option\":\"off\",\"referrer_track\":\"\"},\"flattr\":{\"uid\":\"\",\"status\":\"on\",\"the_title\":\"Wie%20werde%20ich%20Kanzler%3F\",\"the_excerpt\":\"Werte%20Leserinnen%20und%20Leser%2C%0D%0A%0D%0Aes%20muss%20den%20SPD-Chef%20Sigmar%20Gabriel%20derzeit%20arg%20umtreiben%3A%20Die%20Umfragequoten%20sind%20mies%20und%20seine%20pers%C3%B6nliche%20Einsch%C3%A4tzung%20versinkt%20gegen%C3%BCber%20der%20seiner%20Chefin%20Merkel%20sogar%20ins%20Bodenlose.%20Dabei%20meint%20er%2C%20doch%20alles%20richtig%20gemacht%20zu%20haben%2C%20indem%20er%20die%20Eigenschaften%20anderer%20Kanzler%20kopiert%20und%20zusammenfasst%3A%20Er%20ist%20SPD-Chef%20wie%20Willy%20Brandt%2C%20wachstumsorientiert%20w%20...\",\"txt_info\":\"2 Klicks f\\u00fcr mehr Datenschutz: Erst wenn Sie hier klicken, wird der Button aktiv und Sie k\\u00f6nnen Ihre Empfehlung an Flattr senden. Schon beim Aktivieren werden Daten an Dritte \\u00fcbertragen - siehe <em>i<\\\/em>.\",\"perma_option\":\"off\"}},\"txt_help\":\"Wenn Sie diese Felder durch einen Klick aktivieren, werden Informationen an Facebook, Twitter, Flattr, Xing, t3n, LinkedIn, Pinterest oder Google eventuell ins Ausland \\u00fcbertragen und unter Umst\\u00e4nden auch dort gespeichert. N\\u00e4heres erfahren Sie durch einen Klick auf das <em>i<\\\/em>.\",\"settings_perma\":\"Dauerhaft aktivieren und Daten\\u00fcber-tragung zustimmen:\",\"info_link\":\"http:\\\/\\\/www.heise.de\\\/ct\\\/artikel\\\/2-Klicks-fuer-mehr-Datenschutz-1333879.html\",\"uri\":\"https:\\\/\\\/www.brennecke.org\\\/?p=3301\",\"post_id\":3301,\"post_title_referrer_track\":\"Wie+werde+ich+Kanzler%3F\",\"display_infobox\":\"on\"});}});\n\/* ]]> *\/<\/script><\/div>","protected":false},"excerpt":{"rendered":"<p>Werte Leserinnen und Leser, es muss den SPD-Chef Sigmar Gabriel derzeit arg umtreiben: Die Umfragequoten sind mies und seine pers\u00f6nliche Einsch\u00e4tzung versinkt gegen\u00fcber der seiner Chefin Merkel sogar ins Bodenlose. Dabei meint er, doch alles richtig gemacht zu haben, indem &hellip; <a href=\"https:\/\/www.brennecke.org\/?p=3301\">Weiterlesen <span class=\"meta-nav\">&rarr;<\/span><\/a><\/p>\n","protected":false},"author":1,"featured_media":0,"comment_status":"closed","ping_status":"open","sticky":false,"template":"","format":"standard","meta":{"footnotes":""},"categories":[1,676],"tags":[250,586,838,837,839,293,110,576,118,835,154,452,797,836],"_links":{"self":[{"href":"https:\/\/www.brennecke.org\/index.php?rest_route=\/wp\/v2\/posts\/3301"}],"collection":[{"href":"https:\/\/www.brennecke.org\/index.php?rest_route=\/wp\/v2\/posts"}],"about":[{"href":"https:\/\/www.brennecke.org\/index.php?rest_route=\/wp\/v2\/types\/post"}],"author":[{"embeddable":true,"href":"https:\/\/www.brennecke.org\/index.php?rest_route=\/wp\/v2\/users\/1"}],"replies":[{"embeddable":true,"href":"https:\/\/www.brennecke.org\/index.php?rest_route=%2Fwp%2Fv2%2Fcomments&post=3301"}],"version-history":[{"count":4,"href":"https:\/\/www.brennecke.org\/index.php?rest_route=\/wp\/v2\/posts\/3301\/revisions"}],"predecessor-version":[{"id":3305,"href":"https:\/\/www.brennecke.org\/index.php?rest_route=\/wp\/v2\/posts\/3301\/revisions\/3305"}],"wp:attachment":[{"href":"https:\/\/www.brennecke.org\/index.php?rest_route=%2Fwp%2Fv2%2Fmedia&parent=3301"}],"wp:term":[{"taxonomy":"category","embeddable":true,"href":"https:\/\/www.brennecke.org\/index.php?rest_route=%2Fwp%2Fv2%2Fcategories&post=3301"},{"taxonomy":"post_tag","embeddable":true,"href":"https:\/\/www.brennecke.org\/index.php?rest_route=%2Fwp%2Fv2%2Ftags&post=3301"}],"curies":[{"name":"wp","href":"https:\/\/api.w.org\/{rel}","templated":true}]}}