{"id":3309,"date":"2015-01-08T13:33:48","date_gmt":"2015-01-08T12:33:48","guid":{"rendered":"http:\/\/www.brennecke.org\/?p=3309"},"modified":"2018-05-14T09:02:37","modified_gmt":"2018-05-14T08:02:37","slug":"57-prozent-bedrohung","status":"publish","type":"post","link":"https:\/\/www.brennecke.org\/?p=3309","title":{"rendered":"57 Prozent Bedrohung"},"content":{"rendered":"<p>Werte Leserinnen und Leser,<\/p>\n<p>laut einer Umfrage des <a href=\"https:\/\/www.bertelsmann-stiftung.de\/de\/themen\/aktuelle-meldungen\/2015\/religionsmonitor\/\">&#8222;Religionsmonitors&#8220; der Bertelsmann-Stiftung<\/a> sehen 57 Prozent der Deutschen im Islam eine Bedrohung, er passe zudem nicht in die westliche Welt. In der gleichen Umfrage h\u00e4lt sich aber die Mehrheit der Deutschen f\u00fcr tolerant. Ein Widerspruch? Jedenfalls nicht \u00fcberraschend, wenn man die Populisten und ihr Gefolge auf den Stra\u00dfen z\u00e4hlt.<\/p>\n<p>Der Islam ist eine von vielen Religionen in Deutschland, und bei &#8222;Religion&#8220; gelangt man sehr schnell zur &#8222;Religionsfreiheit&#8220;. Darunter wurde urspr\u00fcnglich verstanden, dass es keine &#8222;Staatsreligion&#8220; geben solle und jeder mit seinem Glauben gl\u00fccklich werden m\u00f6ge. In den Anf\u00e4ngen der Bundesrepublik, als noch fast jeder einer christlichen Kirche angeh\u00f6rte und das Volk Ehen zwischen Katholiken und Protestanten immer noch mit der Vorsilbe &#8222;Misch-&#8220; bedachte, mochte das kein schlechter Ansatz sein.<\/p>\n<p>Inzwischen hat sich das Bild gewandelt, und Religionsfreiheit bedeutet auch &#8222;Freiheit <em>vor<\/em> Religion&#8220;. Der Anteil der Atheisten und solcher, denen die dogmatischen Ans\u00e4tze der katholischen Kirche und die &#8222;Lieber-Gott-Geschichten&#8220; der Protestanten nicht gen\u00fcgen, steigt von Jahr zu Jahr.<\/p>\n<p>Wir folgen dabei der Goldenen Regel: &#8222;Was Du nicht willst, das man Dir tu, das f\u00fcg&#8216; auch keinem andren zu.&#8220; Religionsfreiheit hei\u00dft auch: \u00dcbt Eure Religion aus, wo und wie Ihr wollt, aber geht anderen damit nicht auf den Keks.<\/p>\n<p>Und genau da setzt meine Kritik an: Religion ist generell eine Bedrohung<\/p>\n<ul>\n<li>f\u00fcr die Freiheit, denn sie schafft Unfreiheit durch unlogische oder gar irrsinnige Vorschriften, deren Nichteinhaltung regelm\u00e4\u00dfig den Verlust des Seelenheils bedeutet<\/li>\n<li>f\u00fcr den Frieden, denn immer wieder ziehen Gl\u00e4ubige in heilige Kriege oder brechen Streit vom Zaun \u00fcber den rechten Glauben<\/li>\n<li>f\u00fcr die Gesundheit, denn sie zwingt Menschen dazu, andere zu verletzten, sei es durch Beschneidung, k\u00f6rperliche oder psychische Gewalt oder Bombenterror<\/li>\n<li>f\u00fcr Andersdenkende, denn Religi\u00f6se diskutieren nicht \u00fcber Sinn und Unsinn dessen, was in ihren heiligen Schinken steht. Statt dessen werden Andersdenkende verachtet und verfolgt, wo es m\u00f6glich ist.<\/li>\n<\/ul>\n<p>All das trifft f\u00fcr jede Religion zu, die wir auf unserem Planeten finden. Nicht der Islam ist ein Problem &#8211; es sind alle Religionen und jene, die ihnen folgen, die ein Klima schaffen, in dem Freiheit, Frieden, Gesundheit und Meinungsvielfalt nicht gedeihen k\u00f6nnen.<\/p>\n<p>Leider ist es ein \u00e4u\u00dferst zweckfreies Unterfangen, den Gl\u00e4ubigen zu erkl\u00e4ren, dass sie ihre G\u00f6tter selbst in die Welt gebracht haben &#8211; und dass sie mit ihnen auch wieder verschwinden werden. Zu Recht muss auch der Ruf nach Religionsfreiheit erschallen. Lasst sie gew\u00e4hren.<\/p>\n<p>Aber nochmals: &#8222;Religionsfreiheit!&#8220; Behaltet Euren Glauben, und zwar f\u00fcr Euch. \u00dcbt ihn daheim aus hinter verschlossenen T\u00fcren &#8211; und lasst ihn dort, wenn Ihr auf die Stra\u00dfe geht.<\/p>\n<p>Falls nun jemand bei &#8222;Glauben&#8220; an b\u00e4rtige Turban-M\u00e4nner denkt oder verburkate Frauen, dann sei er daran erinnert, dass uns jeden Morgen die Kirchenglocken an unsere christliche Vergangenheit erinnern. Dass viele Krankenh\u00e4user zwar vom Staat und unseren Krankenversicherungen bezahlt, aber trotzdem von hochreligi\u00f6sen Christen gef\u00fchrt werden. Dass christliche Kinderg\u00e4rten mit der Zustimmung der Eltern kleine Kinder indoktrinieren. Dass christliche Vertreter nach wie vor in Ethikkommissionen sitzen und uns verquere und veraltete Moralvorstellungen verkaufen. Dass ein deutscher Bundestag mit \u00fcberw\u00e4ltigender Mehrheit f\u00fcr die Erlaubnis der rituellen (also religi\u00f6sen) Vorhautbeschneidung von S\u00e4uglingen und Kindern votiert (aber Bilder von planschenden Kindern verbieten wollte).<\/p>\n<p>Wer im Islam eine Bedrohung sieht, mag also bitte zun\u00e4chst vor der eigenen T\u00fcr kehren. Meine christlichen Leser finden \u00fcbrigens einen sinngleichen Satz in ihrem heiligen Buch <a href=\"http:\/\/bibeltext.com\/matthew\/7-3.htm\">an dieser Stelle<\/a>.<\/p>\n<p>Generell w\u00fcrde es uns gut zu Gesicht stehen, nicht den Rattenf\u00e4ngern hinterherzulaufen, egal, ob sie nun bunte Kost\u00fcme, Bomberjacken oder PEGIDA-Umh\u00e4nge tragen. Denn die wollen vor allem eins nicht: Gutes.<\/p>\n<p>Es gr\u00fc\u00dft herzlich<\/p>\n<p>Ihr JL7<\/p>\n<p>&nbsp;<\/p>\n<div class=\"twoclick_social_bookmarks_post_3309 social_share_privacy clearfix 1.6.4 locale-de_DE sprite-de_DE\"><\/div><div class=\"twoclick-js\"><script type=\"text\/javascript\">\/* <![CDATA[ *\/\njQuery(document).ready(function($){if($('.twoclick_social_bookmarks_post_3309')){$('.twoclick_social_bookmarks_post_3309').socialSharePrivacy({\"services\":{\"facebook\":{\"status\":\"on\",\"txt_info\":\"2 Klicks f\\u00fcr mehr Datenschutz: Erst wenn Sie hier klicken, wird der Button aktiv und Sie k\\u00f6nnen Ihre Empfehlung an Facebook senden. Schon beim Aktivieren werden Daten an Dritte \\u00fcbertragen - siehe <em>i<\\\/em>.\",\"perma_option\":\"off\",\"action\":\"recommend\",\"language\":\"de_DE\"},\"twitter\":{\"reply_to\":\"\",\"tweet_text\":\"%2057%20Prozent%20Bedrohung%20%C2%BB%2053%20Cent%20%23Atheismus%20%23Bertelsmann-Stiftung%20%23Beschneidung%20...\",\"status\":\"on\",\"txt_info\":\"2 Klicks f\\u00fcr mehr Datenschutz: Erst wenn Sie hier klicken, wird der Button aktiv und Sie k\\u00f6nnen Ihre Empfehlung an Twitter senden. Schon beim Aktivieren werden Daten an Dritte \\u00fcbertragen - siehe <em>i<\\\/em>.\",\"perma_option\":\"off\",\"language\":\"de\",\"referrer_track\":\"\"},\"gplus\":{\"status\":\"on\",\"txt_info\":\"2 Klicks f\\u00fcr mehr Datenschutz: Erst wenn Sie hier klicken, wird der Button aktiv und Sie k\\u00f6nnen Ihre Empfehlung an Google+ senden. Schon beim Aktivieren werden Daten an Dritte \\u00fcbertragen - siehe <em>i<\\\/em>.\",\"perma_option\":\"off\",\"referrer_track\":\"\"},\"flattr\":{\"uid\":\"\",\"status\":\"on\",\"the_title\":\"57%20Prozent%20Bedrohung\",\"the_excerpt\":\"Werte%20Leserinnen%20und%20Leser%2C%0D%0A%0D%0Alaut%20einer%20Umfrage%20des%20%22Religionsmonitors%22%20der%20Bertelsmann-Stiftung%20sehen%2057%20Prozent%20der%20Deutschen%20im%20Islam%20eine%20Bedrohung%2C%20er%20passe%20zudem%20nicht%20in%20die%20westliche%20Welt.%20In%20der%20gleichen%20Umfrage%20h%C3%A4lt%20sich%20aber%20die%20Mehrheit%20der%20Deutschen%20f%C3%BCr%20tolerant.%20Ein%20Widerspruch%3F%20Jedenfalls%20nicht%20%C3%BCberraschend%2C%20wenn%20man%20die%20Populisten%20und%20ihr%20Gefolge%20auf%20den%20Stra%C3%9Fen%20z%C3%A4hlt.%0D%0A%0D%0ADer%20...\",\"txt_info\":\"2 Klicks f\\u00fcr mehr Datenschutz: Erst wenn Sie hier klicken, wird der Button aktiv und Sie k\\u00f6nnen Ihre Empfehlung an Flattr senden. Schon beim Aktivieren werden Daten an Dritte \\u00fcbertragen - siehe <em>i<\\\/em>.\",\"perma_option\":\"off\"}},\"txt_help\":\"Wenn Sie diese Felder durch einen Klick aktivieren, werden Informationen an Facebook, Twitter, Flattr, Xing, t3n, LinkedIn, Pinterest oder Google eventuell ins Ausland \\u00fcbertragen und unter Umst\\u00e4nden auch dort gespeichert. N\\u00e4heres erfahren Sie durch einen Klick auf das <em>i<\\\/em>.\",\"settings_perma\":\"Dauerhaft aktivieren und Daten\\u00fcber-tragung zustimmen:\",\"info_link\":\"http:\\\/\\\/www.heise.de\\\/ct\\\/artikel\\\/2-Klicks-fuer-mehr-Datenschutz-1333879.html\",\"uri\":\"https:\\\/\\\/www.brennecke.org\\\/?p=3309\",\"post_id\":3309,\"post_title_referrer_track\":\"57+Prozent+Bedrohung\",\"display_infobox\":\"on\"});}});\n\/* ]]> *\/<\/script><\/div>","protected":false},"excerpt":{"rendered":"<p>Werte Leserinnen und Leser, laut einer Umfrage des &#8222;Religionsmonitors&#8220; der Bertelsmann-Stiftung sehen 57 Prozent der Deutschen im Islam eine Bedrohung, er passe zudem nicht in die westliche Welt. In der gleichen Umfrage h\u00e4lt sich aber die Mehrheit der Deutschen f\u00fcr &hellip; <a href=\"https:\/\/www.brennecke.org\/?p=3309\">Weiterlesen <span class=\"meta-nav\">&rarr;<\/span><\/a><\/p>\n","protected":false},"author":1,"featured_media":0,"comment_status":"closed","ping_status":"open","sticky":false,"template":"","format":"standard","meta":{"footnotes":""},"categories":[1,676],"tags":[413,841,382,275,12,384,494,825,830,840],"_links":{"self":[{"href":"https:\/\/www.brennecke.org\/index.php?rest_route=\/wp\/v2\/posts\/3309"}],"collection":[{"href":"https:\/\/www.brennecke.org\/index.php?rest_route=\/wp\/v2\/posts"}],"about":[{"href":"https:\/\/www.brennecke.org\/index.php?rest_route=\/wp\/v2\/types\/post"}],"author":[{"embeddable":true,"href":"https:\/\/www.brennecke.org\/index.php?rest_route=\/wp\/v2\/users\/1"}],"replies":[{"embeddable":true,"href":"https:\/\/www.brennecke.org\/index.php?rest_route=%2Fwp%2Fv2%2Fcomments&post=3309"}],"version-history":[{"count":4,"href":"https:\/\/www.brennecke.org\/index.php?rest_route=\/wp\/v2\/posts\/3309\/revisions"}],"predecessor-version":[{"id":3313,"href":"https:\/\/www.brennecke.org\/index.php?rest_route=\/wp\/v2\/posts\/3309\/revisions\/3313"}],"wp:attachment":[{"href":"https:\/\/www.brennecke.org\/index.php?rest_route=%2Fwp%2Fv2%2Fmedia&parent=3309"}],"wp:term":[{"taxonomy":"category","embeddable":true,"href":"https:\/\/www.brennecke.org\/index.php?rest_route=%2Fwp%2Fv2%2Fcategories&post=3309"},{"taxonomy":"post_tag","embeddable":true,"href":"https:\/\/www.brennecke.org\/index.php?rest_route=%2Fwp%2Fv2%2Ftags&post=3309"}],"curies":[{"name":"wp","href":"https:\/\/api.w.org\/{rel}","templated":true}]}}