{"id":3314,"date":"2015-01-08T20:36:53","date_gmt":"2015-01-08T19:36:53","guid":{"rendered":"http:\/\/www.brennecke.org\/?p=3314"},"modified":"2018-05-14T09:02:37","modified_gmt":"2018-05-14T08:02:37","slug":"innendemenz","status":"publish","type":"post","link":"https:\/\/www.brennecke.org\/?p=3314","title":{"rendered":"Innendemenz"},"content":{"rendered":"<p>Werte Leserinnen und Leser,<\/p>\n<p>Unser CSU-Innenexperte Hans-Peter Uhl (70) hat sich zum Attentat auf die franz\u00f6sische Satirezeitung Charlie Hebdo ge\u00e4u\u00dfert, bei dem dreizehn Menschen ermordet wurden. Und nun raten Sie einmal, <a href=\"http:\/\/www.golem.de\/news\/nach-terroranschlag-in-paris-csu-fordert-neuauflage-der-vorratsdatenspeicherung-1501-111554.html\">was er uns diesmal mitzuteilen hatte<\/a>.<\/p>\n<p>Oder lesen Sie einfach einen dieser \u00e4lteren Berichte. Es steht exakt das gleiche drin.<\/p>\n<ul>\n<li><a href=\"http:\/\/www.gulli.com\/news\/21290-anschlaege-von-boston-uhl-fordert-vorratsdatenspeicherung-2013-04-16\">Anschl\u00e4ge von Boston: Uhl fordert Vorratsdatenspeicherung<\/a><\/li>\n<li><a href=\"http:\/\/www.golem.de\/1107\/85246.html\">Norwegen-Anschl\u00e4ge: CSU-Vorsto\u00df f\u00fcr Vorratsdatenspeicherung st\u00f6\u00dft auf Entsetzen<\/a><\/li>\n<li><a href=\"http:\/\/www.sueddeutsche.de\/politik\/massnahmen-gegen-braunen-terror-bundesweites-qualitaetsmanagement-fuer-v-leute-1.1190256\">Wer die NPD nicht verbieten will, muss sie beobachten: Uhl fordert Vorratsdatenspeicherung<\/a><\/li>\n<li><a href=\"http:\/\/www.focus.de\/politik\/deutschland\/csu-politiker-uhl-ueber-anschlaege-in-frankreich-bei-uns-waere-die-ermittlung-des-moerders-nicht-moeglich-gewesen_aid_727308.html\">Nach Attentaten von Toulouse: Uhl fordert rasche Neuregelung der Vorratsdatenspeicherung<\/a><\/li>\n<\/ul>\n<p>Ist das wom\u00f6glich ein Zeichen fortgeschrittener Demenz, wenn man immer wieder das gleiche sagt, weil man den gestrigen Tage schon vergessen hat?<\/p>\n<p>Wiederholungen nerven &#8211; nicht nur beim Fernsehen.<\/p>\n<p>Es gr\u00fc\u00dft herzlich<\/p>\n<p>Ihr JeanLuc7<\/p>\n<div class=\"twoclick_social_bookmarks_post_3314 social_share_privacy clearfix 1.6.4 locale-de_DE sprite-de_DE\"><\/div><div class=\"twoclick-js\"><script type=\"text\/javascript\">\/* <![CDATA[ *\/\njQuery(document).ready(function($){if($('.twoclick_social_bookmarks_post_3314')){$('.twoclick_social_bookmarks_post_3314').socialSharePrivacy({\"services\":{\"facebook\":{\"status\":\"on\",\"txt_info\":\"2 Klicks f\\u00fcr mehr Datenschutz: Erst wenn Sie hier klicken, wird der Button aktiv und Sie k\\u00f6nnen Ihre Empfehlung an Facebook senden. Schon beim Aktivieren werden Daten an Dritte \\u00fcbertragen - siehe <em>i<\\\/em>.\",\"perma_option\":\"off\",\"action\":\"recommend\",\"language\":\"de_DE\"},\"twitter\":{\"reply_to\":\"\",\"tweet_text\":\"%20Innendemenz%20%C2%BB%2053%20Cent%20%23Boston%20%23Breivik%20%23Charlie%20Hebdo%20%23CSU%20%23Uhl%20...\",\"status\":\"on\",\"txt_info\":\"2 Klicks f\\u00fcr mehr Datenschutz: Erst wenn Sie hier klicken, wird der Button aktiv und Sie k\\u00f6nnen Ihre Empfehlung an Twitter senden. Schon beim Aktivieren werden Daten an Dritte \\u00fcbertragen - siehe <em>i<\\\/em>.\",\"perma_option\":\"off\",\"language\":\"de\",\"referrer_track\":\"\"},\"gplus\":{\"status\":\"on\",\"txt_info\":\"2 Klicks f\\u00fcr mehr Datenschutz: Erst wenn Sie hier klicken, wird der Button aktiv und Sie k\\u00f6nnen Ihre Empfehlung an Google+ senden. Schon beim Aktivieren werden Daten an Dritte \\u00fcbertragen - siehe <em>i<\\\/em>.\",\"perma_option\":\"off\",\"referrer_track\":\"\"},\"flattr\":{\"uid\":\"\",\"status\":\"on\",\"the_title\":\"Innendemenz\",\"the_excerpt\":\"Werte%20Leserinnen%20und%20Leser%2C%0D%0A%0D%0AUnser%20CSU-Innenexperte%20Hans-Peter%20Uhl%20%2870%29%20hat%20sich%20zum%20Attentat%20auf%20die%20franz%C3%B6sische%20Satirezeitung%20Charlie%20Hebdo%20ge%C3%A4u%C3%9Fert%2C%20bei%20dem%20dreizehn%20Menschen%20ermordet%20wurden.%20Und%20nun%20raten%20Sie%20einmal%2C%20was%20er%20uns%20diesmal%20mitzuteilen%20hatte.%0D%0A%0D%0AOder%20lesen%20Sie%20einfach%20einen%20dieser%20%C3%A4lteren%20Berichte.%20Es%20steht%20exakt%20das%20gleiche%20drin.%0D%0A%0D%0A%09Anschl%C3%A4ge%20von%20Boston%3A%20Uhl%20fordert%20Vorrat%20...\",\"txt_info\":\"2 Klicks f\\u00fcr mehr Datenschutz: Erst wenn Sie hier klicken, wird der Button aktiv und Sie k\\u00f6nnen Ihre Empfehlung an Flattr senden. Schon beim Aktivieren werden Daten an Dritte \\u00fcbertragen - siehe <em>i<\\\/em>.\",\"perma_option\":\"off\"}},\"txt_help\":\"Wenn Sie diese Felder durch einen Klick aktivieren, werden Informationen an Facebook, Twitter, Flattr, Xing, t3n, LinkedIn, Pinterest oder Google eventuell ins Ausland \\u00fcbertragen und unter Umst\\u00e4nden auch dort gespeichert. N\\u00e4heres erfahren Sie durch einen Klick auf das <em>i<\\\/em>.\",\"settings_perma\":\"Dauerhaft aktivieren und Daten\\u00fcber-tragung zustimmen:\",\"info_link\":\"http:\\\/\\\/www.heise.de\\\/ct\\\/artikel\\\/2-Klicks-fuer-mehr-Datenschutz-1333879.html\",\"uri\":\"https:\\\/\\\/www.brennecke.org\\\/?p=3314\",\"post_id\":3314,\"post_title_referrer_track\":\"Innendemenz\",\"display_infobox\":\"on\"});}});\n\/* ]]> *\/<\/script><\/div>","protected":false},"excerpt":{"rendered":"<p>Werte Leserinnen und Leser, Unser CSU-Innenexperte Hans-Peter Uhl (70) hat sich zum Attentat auf die franz\u00f6sische Satirezeitung Charlie Hebdo ge\u00e4u\u00dfert, bei dem dreizehn Menschen ermordet wurden. Und nun raten Sie einmal, was er uns diesmal mitzuteilen hatte. Oder lesen Sie &hellip; <a href=\"https:\/\/www.brennecke.org\/?p=3314\">Weiterlesen <span class=\"meta-nav\">&rarr;<\/span><\/a><\/p>\n","protected":false},"author":1,"featured_media":0,"comment_status":"closed","ping_status":"open","sticky":false,"template":"","format":"standard","meta":{"footnotes":""},"categories":[1],"tags":[842,401,843,247,218,141],"_links":{"self":[{"href":"https:\/\/www.brennecke.org\/index.php?rest_route=\/wp\/v2\/posts\/3314"}],"collection":[{"href":"https:\/\/www.brennecke.org\/index.php?rest_route=\/wp\/v2\/posts"}],"about":[{"href":"https:\/\/www.brennecke.org\/index.php?rest_route=\/wp\/v2\/types\/post"}],"author":[{"embeddable":true,"href":"https:\/\/www.brennecke.org\/index.php?rest_route=\/wp\/v2\/users\/1"}],"replies":[{"embeddable":true,"href":"https:\/\/www.brennecke.org\/index.php?rest_route=%2Fwp%2Fv2%2Fcomments&post=3314"}],"version-history":[{"count":4,"href":"https:\/\/www.brennecke.org\/index.php?rest_route=\/wp\/v2\/posts\/3314\/revisions"}],"predecessor-version":[{"id":3318,"href":"https:\/\/www.brennecke.org\/index.php?rest_route=\/wp\/v2\/posts\/3314\/revisions\/3318"}],"wp:attachment":[{"href":"https:\/\/www.brennecke.org\/index.php?rest_route=%2Fwp%2Fv2%2Fmedia&parent=3314"}],"wp:term":[{"taxonomy":"category","embeddable":true,"href":"https:\/\/www.brennecke.org\/index.php?rest_route=%2Fwp%2Fv2%2Fcategories&post=3314"},{"taxonomy":"post_tag","embeddable":true,"href":"https:\/\/www.brennecke.org\/index.php?rest_route=%2Fwp%2Fv2%2Ftags&post=3314"}],"curies":[{"name":"wp","href":"https:\/\/api.w.org\/{rel}","templated":true}]}}